{"id":95323,"date":"2025-12-26T19:48:46","date_gmt":"2025-12-26T22:48:46","guid":{"rendered":"https:\/\/vocesparalelas.com.ar\/sitio\/?p=95323"},"modified":"2025-12-27T20:43:47","modified_gmt":"2025-12-27T23:43:47","slug":"controles-de-la-policia-de-san-juan-para-fortalecer-la-seguridad-vial-y-el-cuidado-de-la-comunidad-en-nochebuena-y-navidad-2025","status":"publish","type":"post","link":"https:\/\/vocesparalelas.com.ar\/sitio\/controles-de-la-policia-de-san-juan-para-fortalecer-la-seguridad-vial-y-el-cuidado-de-la-comunidad-en-nochebuena-y-navidad-2025\/","title":{"rendered":"Controles de la Polic\u00eda de San Juan para fortalecer la seguridad vial y el cuidado de la comunidad en Nochebuena y Navidad 2025"},"content":{"rendered":"<p>La Secretar\u00eda de Estado de Seguridad y Orden P\u00fablico del Gobierno de San Juan, a trav\u00e9s de la Polic\u00eda de San Juan brind\u00f3 detalles de los controles realizados durante Nochebuena y Navidad, en el marco de los operativos preventivos desplegados en distintos espacios de la Provincia de San Juan, con el objetivo de garantizar la seguridad vial y el cuidado de la comunidad.<\/p>\n<p>Durante los procedimientos se entrevist\u00f3 a un total de 334 personas, como parte de las acciones de control y concientizaci\u00f3n llevadas adelante en calles y rutas provinciales.<\/p>\n<p>Como resultado de los operativos, se labraron 80 actas de infracci\u00f3n, de las cuales 53 correspondieron a alcoholemia positiva, en infracci\u00f3n al art\u00edculo 23 de la normativa vigente. Adem\u00e1s, se registraron 68 veh\u00edculos radiados de circulaci\u00f3n.<\/p>\n<p>En el mismo per\u00edodo, se procedi\u00f3 a la retenci\u00f3n de 49 licencias de conducir, en el marco de las faltas detectadas durante los controles, reafirmando el compromiso de la fuerza con la prevenci\u00f3n y la seguridad vial.<\/p>\n<p>En paralelo, y en el marco del Operativo Barrios Seguros, la Polic\u00eda de San Juan desarroll\u00f3 tareas preventivas y de control en los distintos departamentos. Como resultado de estos procedimientos, se contabilizaron 191 expedientes contravencionales, 211 personas aprehendidas, 39 detenidos por causas penales y 16 hechos en flagrancia, reforzando la presencia policial y la respuesta ante situaciones que afectan la convivencia cotidiana y la seguridad ciudadana.<\/p>\n<p>&nbsp;<\/p>\n<p><img loading=\"lazy\" decoding=\"async\" class=\"alignnone size-full wp-image-59001\" src=\"https:\/\/vocesparalelas.com.ar\/sitio\/wp-content\/uploads\/2023\/05\/POLICIA-LOGO.jpg\" alt=\"\" width=\"800\" height=\"600\" srcset=\"https:\/\/vocesparalelas.com.ar\/sitio\/wp-content\/uploads\/2023\/05\/POLICIA-LOGO.jpg 800w, https:\/\/vocesparalelas.com.ar\/sitio\/wp-content\/uploads\/2023\/05\/POLICIA-LOGO-300x225.jpg 300w, https:\/\/vocesparalelas.com.ar\/sitio\/wp-content\/uploads\/2023\/05\/POLICIA-LOGO-768x576.jpg 768w\" sizes=\"auto, (max-width: 800px) 100vw, 800px\" \/><\/p>\n","protected":false},"excerpt":{"rendered":"<p>La Secretar\u00eda de Estado de Seguridad y Orden P\u00fablico del Gobierno de San Juan, a trav\u00e9s de la Polic\u00eda de<\/p>\n","protected":false},"author":3,"featured_media":80912,"comment_status":"closed","ping_status":"closed","sticky":false,"template":"","format":"standard","meta":{"_acf_changed":false,"_seopress_robots_primary_cat":"none","_seopress_titles_title":"","_seopress_titles_desc":"","_seopress_robots_index":"","colormag_page_container_layout":"default_layout","colormag_page_sidebar_layout":"default_layout","footnotes":""},"categories":[1],"tags":[],"class_list":["post-95323","post","type-post","status-publish","format-standard","has-post-thumbnail","hentry","category-destacadas"],"acf":[],"_links":{"self":[{"href":"https:\/\/vocesparalelas.com.ar\/sitio\/wp-json\/wp\/v2\/posts\/95323","targetHints":{"allow":["GET"]}}],"collection":[{"href":"https:\/\/vocesparalelas.com.ar\/sitio\/wp-json\/wp\/v2\/posts"}],"about":[{"href":"https:\/\/vocesparalelas.com.ar\/sitio\/wp-json\/wp\/v2\/types\/post"}],"author":[{"embeddable":true,"href":"https:\/\/vocesparalelas.com.ar\/sitio\/wp-json\/wp\/v2\/users\/3"}],"replies":[{"embeddable":true,"href":"https:\/\/vocesparalelas.com.ar\/sitio\/wp-json\/wp\/v2\/comments?post=95323"}],"version-history":[{"count":1,"href":"https:\/\/vocesparalelas.com.ar\/sitio\/wp-json\/wp\/v2\/posts\/95323\/revisions"}],"predecessor-version":[{"id":95326,"href":"https:\/\/vocesparalelas.com.ar\/sitio\/wp-json\/wp\/v2\/posts\/95323\/revisions\/95326"}],"wp:featuredmedia":[{"embeddable":true,"href":"https:\/\/vocesparalelas.com.ar\/sitio\/wp-json\/wp\/v2\/media\/80912"}],"wp:attachment":[{"href":"https:\/\/vocesparalelas.com.ar\/sitio\/wp-json\/wp\/v2\/media?parent=95323"}],"wp:term":[{"taxonomy":"category","embeddable":true,"href":"https:\/\/vocesparalelas.com.ar\/sitio\/wp-json\/wp\/v2\/categories?post=95323"},{"taxonomy":"post_tag","embeddable":true,"href":"https:\/\/vocesparalelas.com.ar\/sitio\/wp-json\/wp\/v2\/tags?post=95323"}],"curies":[{"name":"wp","href":"https:\/\/api.w.org\/{rel}","templated":true}]}}