{"id":95318,"date":"2025-12-26T19:35:38","date_gmt":"2025-12-26T22:35:38","guid":{"rendered":"https:\/\/vocesparalelas.com.ar\/sitio\/?p=95318"},"modified":"2025-12-26T19:35:38","modified_gmt":"2025-12-26T22:35:38","slug":"cronograma-para-el-desafio-del-agua-en-el-dique-punta-negra-en-san-juan","status":"publish","type":"post","link":"https:\/\/vocesparalelas.com.ar\/sitio\/cronograma-para-el-desafio-del-agua-en-el-dique-punta-negra-en-san-juan\/","title":{"rendered":"Cronograma para el Desaf\u00edo del Agua en el Dique Punta Negra en San Juan"},"content":{"rendered":"<p>El cronograma para el Desaf\u00edo del Agua en el Dique Punta Negra<br \/>\nLa segunda edici\u00f3n se realizar\u00e1 este s\u00e1bado 27 de diciembre.<\/p>\n<p>Con la participaci\u00f3n de 150 nadadores, se abrir\u00e1 la temporada de aguas abiertas en nuestra provincia con la segunda edici\u00f3n del Desaf\u00edo del Agua, teniendo como escenario el embarcadero de Dique Punta Negra. El evento, que tendr\u00e1 distancias de 200, 750 y 1500 metros, tuvo el jueves 25 el cierre de las inscripciones.<\/p>\n<p>La organizaci\u00f3n est\u00e1 a cargo del Almendro Sport y la Asociaci\u00f3n de nadadores, presidida por Mathias Atencio, en colaboraci\u00f3n con la Secretar\u00eda de Deporte y los sponsors que ayudan a hacer posible esta aventura, adem\u00e1s de contar con los siguientes profesores a cargo: Nadia Chaquerian, Mat\u00edas Cordero y el nadador El\u00edas Barros.<\/p>\n<p>Las acreditaciones se realizar\u00e1n el mismo d\u00eda de carrera entre las 8:00 y 8:30, para luego dar paso a la charla t\u00e9cnica a partir de las 9:00 y posteriormente la largada de la competencia desde las 9:30, por metrajes y categor\u00edas.<\/p>\n<p>Horarios de competencia:<br \/>\n8:00 \u2013 8:45: acreditaci\u00f3n (para todos)<br \/>\n9:00 \u2013 9:15: charla t\u00e9cnica<br \/>\n9:30: largada 750 metros<br \/>\n9:35: largada 1500 metros<br \/>\n10:00: largada 200 metros en car\u00e1cter participativo (al finalizar la etapa competitiva)<br \/>\n10:30 \u2013 premiaci\u00f3n general<\/p>\n<p>El Desaf\u00edo del Agua incluye doce categor\u00edas divididas por edades de participantes:<\/p>\n<ul>\n<li>Infantil (11 a\u00f1os o menor)<\/li>\n<li>Menores (12 y 13 a\u00f1os)<\/li>\n<li>Cadete (14 y 15 a\u00f1os)<\/li>\n<li>Juvenil (16 y 17 a\u00f1os)<\/li>\n<li>Junior (18 y 19 a\u00f1os)<\/li>\n<li>Master A (20 a 27 a\u00f1os)<\/li>\n<li>Master B (28 a 35 a\u00f1os)<\/li>\n<li>Master C (36 a 43 a\u00f1os)<\/li>\n<li>Master D (44 a 51 a\u00f1os)<\/li>\n<li>Master E (52 a 59 a\u00f1os)<\/li>\n<li>Master F (60 a 69 a\u00f1os)<\/li>\n<li>Master G (m\u00e1s de 70 a\u00f1os)<\/li>\n<\/ul>\n<p>Esta actividad marca el inicio de un a\u00f1o que incluye en el calendario competencias nacionales e internacionales, como el Ironman 70.3, que se realizar\u00e1 el 29 de marzo, el Ironman 5150 ser\u00e1 el 30 de octubre, y el Ironman Full se concretar\u00e1 el 1 de noviembre, entre otras.<\/p>\n<p>&nbsp;<\/p>\n<figure id=\"attachment_78943\" aria-describedby=\"caption-attachment-78943\" style=\"width: 800px\" class=\"wp-caption alignnone\"><img loading=\"lazy\" decoding=\"async\" class=\"size-full wp-image-78943\" src=\"https:\/\/vocesparalelas.com.ar\/sitio\/wp-content\/uploads\/2024\/11\/DEPORTE-AGUA-NEGRA-01.jpg\" alt=\"\" width=\"800\" height=\"450\" srcset=\"https:\/\/vocesparalelas.com.ar\/sitio\/wp-content\/uploads\/2024\/11\/DEPORTE-AGUA-NEGRA-01.jpg 800w, https:\/\/vocesparalelas.com.ar\/sitio\/wp-content\/uploads\/2024\/11\/DEPORTE-AGUA-NEGRA-01-300x169.jpg 300w, https:\/\/vocesparalelas.com.ar\/sitio\/wp-content\/uploads\/2024\/11\/DEPORTE-AGUA-NEGRA-01-768x432.jpg 768w\" sizes=\"auto, (max-width: 800px) 100vw, 800px\" \/><figcaption id=\"caption-attachment-78943\" class=\"wp-caption-text\">Dique de Agua Negra, Provincia de San Juan, Rep\u00fablica Argentina<\/figcaption><\/figure>\n<p>&nbsp;<\/p>\n<p>&nbsp;<\/p>\n","protected":false},"excerpt":{"rendered":"<p>El cronograma para el Desaf\u00edo del Agua en el Dique Punta Negra La segunda edici\u00f3n se realizar\u00e1 este s\u00e1bado 27<\/p>\n","protected":false},"author":3,"featured_media":95321,"comment_status":"closed","ping_status":"closed","sticky":false,"template":"","format":"standard","meta":{"_acf_changed":false,"_seopress_robots_primary_cat":"none","_seopress_titles_title":"","_seopress_titles_desc":"","_seopress_robots_index":"","colormag_page_container_layout":"default_layout","colormag_page_sidebar_layout":"default_layout","footnotes":""},"categories":[1],"tags":[],"class_list":["post-95318","post","type-post","status-publish","format-standard","has-post-thumbnail","hentry","category-destacadas"],"acf":[],"_links":{"self":[{"href":"https:\/\/vocesparalelas.com.ar\/sitio\/wp-json\/wp\/v2\/posts\/95318","targetHints":{"allow":["GET"]}}],"collection":[{"href":"https:\/\/vocesparalelas.com.ar\/sitio\/wp-json\/wp\/v2\/posts"}],"about":[{"href":"https:\/\/vocesparalelas.com.ar\/sitio\/wp-json\/wp\/v2\/types\/post"}],"author":[{"embeddable":true,"href":"https:\/\/vocesparalelas.com.ar\/sitio\/wp-json\/wp\/v2\/users\/3"}],"replies":[{"embeddable":true,"href":"https:\/\/vocesparalelas.com.ar\/sitio\/wp-json\/wp\/v2\/comments?post=95318"}],"version-history":[{"count":1,"href":"https:\/\/vocesparalelas.com.ar\/sitio\/wp-json\/wp\/v2\/posts\/95318\/revisions"}],"predecessor-version":[{"id":95322,"href":"https:\/\/vocesparalelas.com.ar\/sitio\/wp-json\/wp\/v2\/posts\/95318\/revisions\/95322"}],"wp:featuredmedia":[{"embeddable":true,"href":"https:\/\/vocesparalelas.com.ar\/sitio\/wp-json\/wp\/v2\/media\/95321"}],"wp:attachment":[{"href":"https:\/\/vocesparalelas.com.ar\/sitio\/wp-json\/wp\/v2\/media?parent=95318"}],"wp:term":[{"taxonomy":"category","embeddable":true,"href":"https:\/\/vocesparalelas.com.ar\/sitio\/wp-json\/wp\/v2\/categories?post=95318"},{"taxonomy":"post_tag","embeddable":true,"href":"https:\/\/vocesparalelas.com.ar\/sitio\/wp-json\/wp\/v2\/tags?post=95318"}],"curies":[{"name":"wp","href":"https:\/\/api.w.org\/{rel}","templated":true}]}}