{"id":95302,"date":"2025-12-24T12:21:38","date_gmt":"2025-12-24T15:21:38","guid":{"rendered":"https:\/\/vocesparalelas.com.ar\/sitio\/?p=95302"},"modified":"2025-12-25T12:22:03","modified_gmt":"2025-12-25T15:22:03","slug":"incremento-un-3-las-ventas-minoristas-navidenas-en-san-juan","status":"publish","type":"post","link":"https:\/\/vocesparalelas.com.ar\/sitio\/incremento-un-3-las-ventas-minoristas-navidenas-en-san-juan\/","title":{"rendered":"Increment\u00f3 un 3 % las ventas minoristas navide\u00f1as en San Juan"},"content":{"rendered":"<p>La C\u00e1mara de Comercio y Servicios de San Juan inform\u00f3 el detalle de las ventas minoristas durante las fiestas navide\u00f1as, las cuales tuvieron un buen comportamiento y registraron un crecimiento del 3 % en comparaci\u00f3n con el a\u00f1o 2024, cuando el incremento hab\u00eda sido del 2 %.<\/p>\n<p>Entre los rubros m\u00e1s destacados y preferidos por los consumidores se encontraron el calzado, la regaler\u00eda (art\u00edculos para el hogar), celulares y accesorios, y la indumentaria, especialmente la destinada a adolescentes y ni\u00f1os.<\/p>\n<p>El ticket promedio de compra fue de $46.000. En cuanto a los m\u00e9todos de pago, el 70 % de las operaciones se realiz\u00f3 con tarjetas de cr\u00e9dito, siendo las 3 y 6 cuotas las opciones m\u00e1s elegidas, mientras que el 30 % restante correspondi\u00f3 a medios electr\u00f3nicos y efectivo. En este contexto, los comercios agudizaron el ingenio para ofrecer promociones con entidades bancarias, resignando en muchos casos rentabilidad.<\/p>\n<p>Dentro de las particularidades del per\u00edodo, se destac\u00f3 la gran afluencia de p\u00fablico en el microcentro sanjuanino durante el Viernes, 19; el Lunes, 22; el Martes, 23 y el Mi\u00e9rcoles, 24 de Diciembre.<\/p>\n<p>En departamentos con alta concentraci\u00f3n comercial como Rawson, Caucete y J\u00e1chal, el movimiento no fue tan intenso como en la capital, aunque se observ\u00f3 claramente que los consumidores priorizaron la b\u00fasqueda de ofertas, promociones y descuentos.<\/p>\n<p>Asimismo, se remarc\u00f3 que se registr\u00f3 un notable incremento en la actividad comercial, coincidiendo con el pago de aguinaldo a empleados de la administraci\u00f3n p\u00fablica.<\/p>\n<p>Finalmente, desde la C\u00e1mara se destac\u00f3 nuevamente el trabajo de la Polic\u00eda de San Juan, en el marco del Operativo Ventas Navide\u00f1as. El comisario Sergio Ruarte, a cargo del Cuerpo Especial de Vigilancia, despleg\u00f3 40 efectivos bajo su responsabilidad y otros 20 provenientes de distintas dependencias, quienes realizaron una destacada labor de prevenci\u00f3n del delito e inteligencia contra la delincuencia, garantizando la seguridad durante las jornadas de mayor concurrencia.<\/p>\n<p><img loading=\"lazy\" decoding=\"async\" class=\"alignnone size-large wp-image-25833\" src=\"https:\/\/vocesparalelas.com.ar\/sitio\/wp-content\/uploads\/2019\/12\/SAN-JUAN-CIUDAD-800x600.jpg\" alt=\"\" width=\"800\" height=\"600\" srcset=\"https:\/\/vocesparalelas.com.ar\/sitio\/wp-content\/uploads\/2019\/12\/SAN-JUAN-CIUDAD.jpg 800w, https:\/\/vocesparalelas.com.ar\/sitio\/wp-content\/uploads\/2019\/12\/SAN-JUAN-CIUDAD-300x225.jpg 300w, https:\/\/vocesparalelas.com.ar\/sitio\/wp-content\/uploads\/2019\/12\/SAN-JUAN-CIUDAD-768x576.jpg 768w\" sizes=\"auto, (max-width: 800px) 100vw, 800px\" \/><\/p>\n<p>&nbsp;<\/p>\n","protected":false},"excerpt":{"rendered":"<p>La C\u00e1mara de Comercio y Servicios de San Juan inform\u00f3 el detalle de las ventas minoristas durante las fiestas navide\u00f1as,<\/p>\n","protected":false},"author":3,"featured_media":95148,"comment_status":"closed","ping_status":"closed","sticky":false,"template":"","format":"standard","meta":{"_acf_changed":false,"_seopress_robots_primary_cat":"none","_seopress_titles_title":"","_seopress_titles_desc":"","_seopress_robots_index":"","colormag_page_container_layout":"default_layout","colormag_page_sidebar_layout":"default_layout","footnotes":""},"categories":[1],"tags":[],"class_list":["post-95302","post","type-post","status-publish","format-standard","has-post-thumbnail","hentry","category-destacadas"],"acf":[],"_links":{"self":[{"href":"https:\/\/vocesparalelas.com.ar\/sitio\/wp-json\/wp\/v2\/posts\/95302","targetHints":{"allow":["GET"]}}],"collection":[{"href":"https:\/\/vocesparalelas.com.ar\/sitio\/wp-json\/wp\/v2\/posts"}],"about":[{"href":"https:\/\/vocesparalelas.com.ar\/sitio\/wp-json\/wp\/v2\/types\/post"}],"author":[{"embeddable":true,"href":"https:\/\/vocesparalelas.com.ar\/sitio\/wp-json\/wp\/v2\/users\/3"}],"replies":[{"embeddable":true,"href":"https:\/\/vocesparalelas.com.ar\/sitio\/wp-json\/wp\/v2\/comments?post=95302"}],"version-history":[{"count":1,"href":"https:\/\/vocesparalelas.com.ar\/sitio\/wp-json\/wp\/v2\/posts\/95302\/revisions"}],"predecessor-version":[{"id":95305,"href":"https:\/\/vocesparalelas.com.ar\/sitio\/wp-json\/wp\/v2\/posts\/95302\/revisions\/95305"}],"wp:featuredmedia":[{"embeddable":true,"href":"https:\/\/vocesparalelas.com.ar\/sitio\/wp-json\/wp\/v2\/media\/95148"}],"wp:attachment":[{"href":"https:\/\/vocesparalelas.com.ar\/sitio\/wp-json\/wp\/v2\/media?parent=95302"}],"wp:term":[{"taxonomy":"category","embeddable":true,"href":"https:\/\/vocesparalelas.com.ar\/sitio\/wp-json\/wp\/v2\/categories?post=95302"},{"taxonomy":"post_tag","embeddable":true,"href":"https:\/\/vocesparalelas.com.ar\/sitio\/wp-json\/wp\/v2\/tags?post=95302"}],"curies":[{"name":"wp","href":"https:\/\/api.w.org\/{rel}","templated":true}]}}