{"id":95296,"date":"2025-12-24T11:34:59","date_gmt":"2025-12-24T14:34:59","guid":{"rendered":"https:\/\/vocesparalelas.com.ar\/sitio\/?p=95296"},"modified":"2025-12-27T19:31:51","modified_gmt":"2025-12-27T22:31:51","slug":"ferias-en-los-jardines-del-auditorio-ing-juan-victoria-en-san-juan","status":"publish","type":"post","link":"https:\/\/vocesparalelas.com.ar\/sitio\/ferias-en-los-jardines-del-auditorio-ing-juan-victoria-en-san-juan\/","title":{"rendered":"Ferias en los Jardines del Auditorio Ing. Juan Victoria en San Juan"},"content":{"rendered":"<p>El S\u00e1bado, 27 de Diciembre, de 20:00 a 01:00 hs. y el Domingo, 28 de Diciembre, de 19:00 a 23:30 hs, los Jardines del Auditorio Ing. Juan Victoria es escenario de dos destacadas ferias que invitan a sanjuaninos y turistas a disfrutar de propuestas culturales, comerciales y recreativas, con entrada libre y gratuita.<\/p>\n<div class=\"itemFullText\">\n<p><span style=\"color: #008000;\"><strong>Cronograma<\/strong><\/span><\/p>\n<ul>\n<li>S\u00e1bado, 27 de Diciembre, de 20:00 a 01:00 hs , se desarrolla una nueva edici\u00f3n de la Feria Amatista, que en esta oportunidad presenta su propuesta especial \u201cNoche de Feria\u201d. El evento ofrece un recorrido por m\u00e1s de 90 emprendedores y artesanos, quienes exhiben productos de dise\u00f1o, indumentaria, decoraci\u00f3n, artesan\u00edas, cosm\u00e9tica natural, regaler\u00eda y gastronom\u00eda. La propuesta se completa con un patio gastron\u00f3mico, patio cervecero y una zona kids, pensada para disfrutar de las infancias en un entorno seguro y al aire libre.<\/li>\n<li>Domingo, 28 de Diciembre, de 19:00 a 23:30 hs., se presenta Flor de Feria \u2013 Edici\u00f3n Reyes Magos, una propuesta que re\u00fane a m\u00e1s de 100 expositores de distintos departamentos de San Juan. Artesan\u00edas, dise\u00f1o de indumentaria, decoraci\u00f3n y delicias gastron\u00f3micas forman parte de esta edici\u00f3n especial, que adem\u00e1s cuenta con un espacio dedicado a las infancias. Entre las actividades destacadas se encuentra \u201cEl Rinc\u00f3n Real\u201d, donde los Reyes Magos reciben a ni\u00f1as y ni\u00f1os para escuchar sus deseos y recibir sus cartas.<\/li>\n<\/ul>\n<p>Ambas ferias se consolidan como espacios de encuentro que promueven el trabajo de emprendedores y artesanos locales, fortaleciendo la econom\u00eda creativa y ofreciendo alternativas recreativas para disfrutar en familia durante las celebraciones de fin de a\u00f1o.<\/p>\n<figure id=\"attachment_61468\" aria-describedby=\"caption-attachment-61468\" style=\"width: 800px\" class=\"wp-caption alignnone\"><img loading=\"lazy\" decoding=\"async\" class=\"size-full wp-image-61468\" src=\"https:\/\/vocesparalelas.com.ar\/sitio\/wp-content\/uploads\/2023\/07\/AUDITORIO-EDIFICIO.jpg\" alt=\"\" width=\"800\" height=\"533\" srcset=\"https:\/\/vocesparalelas.com.ar\/sitio\/wp-content\/uploads\/2023\/07\/AUDITORIO-EDIFICIO.jpg 800w, https:\/\/vocesparalelas.com.ar\/sitio\/wp-content\/uploads\/2023\/07\/AUDITORIO-EDIFICIO-300x200.jpg 300w, https:\/\/vocesparalelas.com.ar\/sitio\/wp-content\/uploads\/2023\/07\/AUDITORIO-EDIFICIO-768x512.jpg 768w\" sizes=\"auto, (max-width: 800px) 100vw, 800px\" \/><figcaption id=\"caption-attachment-61468\" class=\"wp-caption-text\">Auditorio Ing. Juan Victoria, Departamento Capital, Provincia San Juan, Rep\u00fablica Argentita<\/figcaption><\/figure>\n<\/div>\n","protected":false},"excerpt":{"rendered":"<p>El S\u00e1bado, 27 de Diciembre, de 20:00 a 01:00 hs. y el Domingo, 28 de Diciembre, de 19:00 a 23:30<\/p>\n","protected":false},"author":3,"featured_media":83208,"comment_status":"closed","ping_status":"closed","sticky":false,"template":"","format":"standard","meta":{"_acf_changed":false,"_seopress_robots_primary_cat":"none","_seopress_titles_title":"","_seopress_titles_desc":"","_seopress_robots_index":"","colormag_page_container_layout":"default_layout","colormag_page_sidebar_layout":"default_layout","footnotes":""},"categories":[20],"tags":[],"class_list":["post-95296","post","type-post","status-publish","format-standard","has-post-thumbnail","hentry","category-cartelera"],"acf":[],"_links":{"self":[{"href":"https:\/\/vocesparalelas.com.ar\/sitio\/wp-json\/wp\/v2\/posts\/95296","targetHints":{"allow":["GET"]}}],"collection":[{"href":"https:\/\/vocesparalelas.com.ar\/sitio\/wp-json\/wp\/v2\/posts"}],"about":[{"href":"https:\/\/vocesparalelas.com.ar\/sitio\/wp-json\/wp\/v2\/types\/post"}],"author":[{"embeddable":true,"href":"https:\/\/vocesparalelas.com.ar\/sitio\/wp-json\/wp\/v2\/users\/3"}],"replies":[{"embeddable":true,"href":"https:\/\/vocesparalelas.com.ar\/sitio\/wp-json\/wp\/v2\/comments?post=95296"}],"version-history":[{"count":4,"href":"https:\/\/vocesparalelas.com.ar\/sitio\/wp-json\/wp\/v2\/posts\/95296\/revisions"}],"predecessor-version":[{"id":95306,"href":"https:\/\/vocesparalelas.com.ar\/sitio\/wp-json\/wp\/v2\/posts\/95296\/revisions\/95306"}],"wp:featuredmedia":[{"embeddable":true,"href":"https:\/\/vocesparalelas.com.ar\/sitio\/wp-json\/wp\/v2\/media\/83208"}],"wp:attachment":[{"href":"https:\/\/vocesparalelas.com.ar\/sitio\/wp-json\/wp\/v2\/media?parent=95296"}],"wp:term":[{"taxonomy":"category","embeddable":true,"href":"https:\/\/vocesparalelas.com.ar\/sitio\/wp-json\/wp\/v2\/categories?post=95296"},{"taxonomy":"post_tag","embeddable":true,"href":"https:\/\/vocesparalelas.com.ar\/sitio\/wp-json\/wp\/v2\/tags?post=95296"}],"curies":[{"name":"wp","href":"https:\/\/api.w.org\/{rel}","templated":true}]}}