{"id":95292,"date":"2025-12-24T17:56:52","date_gmt":"2025-12-24T20:56:52","guid":{"rendered":"https:\/\/vocesparalelas.com.ar\/sitio\/?p=95292"},"modified":"2025-12-30T00:17:07","modified_gmt":"2025-12-30T03:17:07","slug":"el-gobernador-de-san-juan-dr-marcelo-orrego-invita-a-reflexionar-en-familia","status":"publish","type":"post","link":"https:\/\/vocesparalelas.com.ar\/sitio\/el-gobernador-de-san-juan-dr-marcelo-orrego-invita-a-reflexionar-en-familia\/","title":{"rendered":"El gobernador de San Juan. Dr. Marcelo Orrego invita a reflexionar en familia"},"content":{"rendered":"<p>Queridos sanjuaninos, en estas fechas tan especiales, quiero hablarles de manera simple y sincera, desde el coraz\u00f3n.<\/p>\n<p>La Navidad nos invita a detenernos un momento, a estar cerca de quienes queremos y a reflexionar.<\/p>\n<p>S\u00e9 del esfuerzo que hace cada familia, del trabajo de todos los d\u00edas, de las preocupaciones, pero tambi\u00e9n de esa esperanza que nunca se pierde.<\/p>\n<p>Por eso quiero decirles gracias, gracias por seguir adelante y por creer en San Juan.<\/p>\n<p>Este a\u00f1o nos puso a prueba, pero tambi\u00e9n nos dej\u00f3 una ense\u00f1anza clara, cuando nos cuidamos y caminamos juntos, somos m\u00e1s fuertes.<\/p>\n<p>Desde el coraz\u00f3n, que esta Navidad traiga paz a cada hogar y el a\u00f1o que viene nos encuentre m\u00e1s unidos que nunca.<\/p>\n<p>Si estamos unidos no hay obst\u00e1culos que no podamos superar\u00bb.<\/p>\n<p style=\"text-align: right;\">Felices Fiestas!<\/p>\n<p style=\"text-align: right;\">Gobernador de San Juan. Dr. Marcelo Orrego<\/p>\n<p>&nbsp;<\/p>\n<p>&nbsp;<\/p>\n<p>&nbsp;<\/p>\n<p><iframe loading=\"lazy\" title=\"Saludo del gobernador Marcelo Orrego por las fiestas de fin de a\u00f1o\" width=\"800\" height=\"450\" src=\"https:\/\/www.youtube.com\/embed\/bB0YeXLj-3I?feature=oembed\" frameborder=\"0\" allow=\"accelerometer; autoplay; clipboard-write; encrypted-media; gyroscope; picture-in-picture; web-share\" referrerpolicy=\"strict-origin-when-cross-origin\" allowfullscreen><\/iframe><\/p>\n","protected":false},"excerpt":{"rendered":"<p>Queridos sanjuaninos, en estas fechas tan especiales, quiero hablarles de manera simple y sincera, desde el coraz\u00f3n. La Navidad nos<\/p>\n","protected":false},"author":3,"featured_media":80214,"comment_status":"closed","ping_status":"closed","sticky":false,"template":"","format":"standard","meta":{"_acf_changed":false,"_seopress_robots_primary_cat":"none","_seopress_titles_title":"","_seopress_titles_desc":"","_seopress_robots_index":"","colormag_page_container_layout":"default_layout","colormag_page_sidebar_layout":"default_layout","footnotes":""},"categories":[10,7],"tags":[],"class_list":["post-95292","post","type-post","status-publish","format-standard","has-post-thumbnail","hentry","category-opiniones","category-videos"],"acf":[],"_links":{"self":[{"href":"https:\/\/vocesparalelas.com.ar\/sitio\/wp-json\/wp\/v2\/posts\/95292","targetHints":{"allow":["GET"]}}],"collection":[{"href":"https:\/\/vocesparalelas.com.ar\/sitio\/wp-json\/wp\/v2\/posts"}],"about":[{"href":"https:\/\/vocesparalelas.com.ar\/sitio\/wp-json\/wp\/v2\/types\/post"}],"author":[{"embeddable":true,"href":"https:\/\/vocesparalelas.com.ar\/sitio\/wp-json\/wp\/v2\/users\/3"}],"replies":[{"embeddable":true,"href":"https:\/\/vocesparalelas.com.ar\/sitio\/wp-json\/wp\/v2\/comments?post=95292"}],"version-history":[{"count":1,"href":"https:\/\/vocesparalelas.com.ar\/sitio\/wp-json\/wp\/v2\/posts\/95292\/revisions"}],"predecessor-version":[{"id":95295,"href":"https:\/\/vocesparalelas.com.ar\/sitio\/wp-json\/wp\/v2\/posts\/95292\/revisions\/95295"}],"wp:featuredmedia":[{"embeddable":true,"href":"https:\/\/vocesparalelas.com.ar\/sitio\/wp-json\/wp\/v2\/media\/80214"}],"wp:attachment":[{"href":"https:\/\/vocesparalelas.com.ar\/sitio\/wp-json\/wp\/v2\/media?parent=95292"}],"wp:term":[{"taxonomy":"category","embeddable":true,"href":"https:\/\/vocesparalelas.com.ar\/sitio\/wp-json\/wp\/v2\/categories?post=95292"},{"taxonomy":"post_tag","embeddable":true,"href":"https:\/\/vocesparalelas.com.ar\/sitio\/wp-json\/wp\/v2\/tags?post=95292"}],"curies":[{"name":"wp","href":"https:\/\/api.w.org\/{rel}","templated":true}]}}