{"id":95218,"date":"2025-12-22T20:50:55","date_gmt":"2025-12-22T23:50:55","guid":{"rendered":"https:\/\/vocesparalelas.com.ar\/sitio\/?p=95218"},"modified":"2025-12-23T21:40:45","modified_gmt":"2025-12-24T00:40:45","slug":"sumate-a-las-donaciones-ninguna-familia-sin-navidad-en-san-juan","status":"publish","type":"post","link":"https:\/\/vocesparalelas.com.ar\/sitio\/sumate-a-las-donaciones-ninguna-familia-sin-navidad-en-san-juan\/","title":{"rendered":"Sumate a las donaciones \u00abNinguna Familia sin Navidad\u00bb en San Juan"},"content":{"rendered":"<p>El 24 de Diciembre, de 19:00 a 22:00 horas, se realiza en la Plaza Hip\u00f3lito Yrigoyen, 9 de Julio y Gral. Acha, Capital, se desarrolla una nueva edici\u00f3n de \u201cNinguna Familia sin Navidad\u201d, una iniciativa solidaria impulsada por Argentina Humana, que invita a celebrar la Nochebuena junto a personas y familias en situaci\u00f3n de calle.<\/p>\n<p>El evento propone compartir una cena navide\u00f1a comunitaria, acompa\u00f1ada de shows art\u00edsticos, actividades socio-comunitarias, espacios para ni\u00f1eces, peluquer\u00eda solidaria, stands de donaciones y distintas sorpresas, con el objetivo de generar un momento de encuentro, dignidad y esperanza para quienes m\u00e1s lo necesitan.<\/p>\n<p>Desde la organizaci\u00f3n destacamos la importancia de la participaci\u00f3n comunitaria para llevar adelante esta celebraci\u00f3n. En ese sentido, convocamos a voluntarios y voluntarias, as\u00ed como a la comunidad en general, a sumarse con donaciones, aportes econ\u00f3micos o colaborando en la difusi\u00f3n de la iniciativa.<\/p>\n<p><strong><span style=\"color: #ff6600;\">Voluntariado<\/span><\/strong><\/p>\n<p>Quienes deseen colaborar el d\u00eda del evento podr\u00e1n hacerlo en los siguientes turnos:<\/p>\n<ul>\n<li>Primer turno: de 16:00 a 19:00 hs<\/li>\n<li>Segundo turno: de 19:00 a 23:00 hs<\/li>\n<li>Turno completo: de 16:00 a 23:00 hs<\/li>\n<\/ul>\n<p><strong><span style=\"color: #ff6600;\">La inscripci\u00f3n se realiza a trav\u00e9s del formulario:<\/span><\/strong><\/p>\n<p><a href=\"https:\/\/forms.gle\/JXYw9Vs9KjHqKfgj8\">https:\/\/forms.gle\/JXYw9Vs9KjHqKfgj8<\/a><\/p>\n<p>Para consultas sobre horarios o inscripci\u00f3n, comunicarse con Melina al 2646 61-6402.<\/p>\n<p><strong><span style=\"color: #ff6600;\">Donaciones<\/span><\/strong><\/p>\n<p>Se reciben comida preparada o congelada, mercader\u00eda, bebidas sin alcohol, pan dulce, turrones, juguetes y calzado.<\/p>\n<p>Puntos de recepci\u00f3n:<\/p>\n<p><span style=\"color: #ff6600;\"><strong>Departamento Capital<\/strong><\/span><\/p>\n<ul>\n<li>Pueyrred\u00f3n 784 Norte (esq. Guatemala), de 15:00 a 21:00 hs<\/li>\n<li>B. Mitre 926 Este (Rectorado UNSJ), de 08:00 a 13:30 hs<\/li>\n<\/ul>\n<p><strong><span style=\"color: #ff6600;\">Departamento Rawson<\/span><\/strong><\/p>\n<ul>\n<li>Hip\u00f3lito Yrigoyen y Jos\u00e9 Mar\u00eda Paz, B\u00b0 Franklin, de 14:00 a 21:00 hs<\/li>\n<li>12 de Octubre 92 Oeste (Villa Mar\u00eda), de 08:00 a 13:00 hs<\/li>\n<li>12 de Octubre e Independencia (Villa Libertador), de 13:00 a 21:00 hs<\/li>\n<\/ul>\n<p><strong><span style=\"color: #ff6600;\">Departamento Rivadavia<\/span><\/strong><\/p>\n<ul>\n<li>Ituzaing\u00f3 692 Oeste, de 14:00 a 21:00 hs<\/li>\n<\/ul>\n<p>Adem\u00e1s, el 24 de diciembre tambi\u00e9n se pueden acercar donaciones directamente a los stands dispuestos durante el evento.<\/p>\n<p><strong><span style=\"color: #ff6600;\">Aporte econ\u00f3mico<\/span><\/strong><\/p>\n<p>Quienes deseen colaborar econ\u00f3micamente pueden hacerlo mediante transferencia al alias:<\/p>\n<p>navidadsanjuan<\/p>\n<p>Se solicita, en lo posible, enviar el comprobante al 2646 61-6402.<\/p>\n<p><strong><span style=\"color: #ff6600;\">Difusi\u00f3n<\/span><\/strong><\/p>\n<p>La organizaci\u00f3n tambi\u00e9n invita a sumarse a la difusi\u00f3n de la iniciativa para que llegue a m\u00e1s sanjuaninos y sanjuaninas. Para ello, est\u00e1 disponible un Canal de WhatsApp donde se comparte material gr\u00e1fico y audiovisual:<\/p>\n<p><a href=\"https:\/\/whatsapp.com\/channel\/0029VavYAYwI7BeAgCDSAs2c\">https:\/\/whatsapp.com\/channel\/0029VavYAYwI7BeAgCDSAs2c<\/a><\/p>\n<p><span style=\"color: #ff6600;\"><strong>Sobre la iniciativa<\/strong><\/span><\/p>\n<p>\u201cNinguna Familia sin Navidad\u201d es una propuesta solidaria que se realiza cada 24 de diciembre en distintos puntos del pa\u00eds, con el objetivo de garantizar que las personas y familias en situaci\u00f3n de mayor vulnerabilidad puedan celebrar la Navidad con un plato de comida, acompa\u00f1amiento y un mensaje de esperanza.<\/p>\n<p>&nbsp;<\/p>\n<p><img loading=\"lazy\" decoding=\"async\" class=\"alignnone size-full wp-image-95222\" src=\"https:\/\/vocesparalelas.com.ar\/sitio\/wp-content\/uploads\/2025\/12\/ARGENTINA-HUMANA-02.jpg\" alt=\"\" width=\"800\" height=\"468\" srcset=\"https:\/\/vocesparalelas.com.ar\/sitio\/wp-content\/uploads\/2025\/12\/ARGENTINA-HUMANA-02.jpg 800w, https:\/\/vocesparalelas.com.ar\/sitio\/wp-content\/uploads\/2025\/12\/ARGENTINA-HUMANA-02-300x176.jpg 300w, https:\/\/vocesparalelas.com.ar\/sitio\/wp-content\/uploads\/2025\/12\/ARGENTINA-HUMANA-02-768x449.jpg 768w\" sizes=\"auto, (max-width: 800px) 100vw, 800px\" \/><\/p>\n","protected":false},"excerpt":{"rendered":"<p>El 24 de Diciembre, de 19:00 a 22:00 horas, se realiza en la Plaza Hip\u00f3lito Yrigoyen, 9 de Julio y<\/p>\n","protected":false},"author":3,"featured_media":95221,"comment_status":"closed","ping_status":"closed","sticky":false,"template":"","format":"standard","meta":{"_acf_changed":false,"_seopress_robots_primary_cat":"none","_seopress_titles_title":"","_seopress_titles_desc":"","_seopress_robots_index":"","colormag_page_container_layout":"default_layout","colormag_page_sidebar_layout":"default_layout","footnotes":""},"categories":[2],"tags":[],"class_list":["post-95218","post","type-post","status-publish","format-standard","has-post-thumbnail","hentry","category-convocatorias"],"acf":[],"_links":{"self":[{"href":"https:\/\/vocesparalelas.com.ar\/sitio\/wp-json\/wp\/v2\/posts\/95218","targetHints":{"allow":["GET"]}}],"collection":[{"href":"https:\/\/vocesparalelas.com.ar\/sitio\/wp-json\/wp\/v2\/posts"}],"about":[{"href":"https:\/\/vocesparalelas.com.ar\/sitio\/wp-json\/wp\/v2\/types\/post"}],"author":[{"embeddable":true,"href":"https:\/\/vocesparalelas.com.ar\/sitio\/wp-json\/wp\/v2\/users\/3"}],"replies":[{"embeddable":true,"href":"https:\/\/vocesparalelas.com.ar\/sitio\/wp-json\/wp\/v2\/comments?post=95218"}],"version-history":[{"count":2,"href":"https:\/\/vocesparalelas.com.ar\/sitio\/wp-json\/wp\/v2\/posts\/95218\/revisions"}],"predecessor-version":[{"id":95224,"href":"https:\/\/vocesparalelas.com.ar\/sitio\/wp-json\/wp\/v2\/posts\/95218\/revisions\/95224"}],"wp:featuredmedia":[{"embeddable":true,"href":"https:\/\/vocesparalelas.com.ar\/sitio\/wp-json\/wp\/v2\/media\/95221"}],"wp:attachment":[{"href":"https:\/\/vocesparalelas.com.ar\/sitio\/wp-json\/wp\/v2\/media?parent=95218"}],"wp:term":[{"taxonomy":"category","embeddable":true,"href":"https:\/\/vocesparalelas.com.ar\/sitio\/wp-json\/wp\/v2\/categories?post=95218"},{"taxonomy":"post_tag","embeddable":true,"href":"https:\/\/vocesparalelas.com.ar\/sitio\/wp-json\/wp\/v2\/tags?post=95218"}],"curies":[{"name":"wp","href":"https:\/\/api.w.org\/{rel}","templated":true}]}}