{"id":95200,"date":"2025-12-20T20:58:49","date_gmt":"2025-12-20T23:58:49","guid":{"rendered":"https:\/\/vocesparalelas.com.ar\/sitio\/?p=95200"},"modified":"2025-12-24T18:08:04","modified_gmt":"2025-12-24T21:08:04","slug":"un-convenio-para-el-fortaleciendo-de-una-propuesta-turistica-integrada-en-san-juan","status":"publish","type":"post","link":"https:\/\/vocesparalelas.com.ar\/sitio\/un-convenio-para-el-fortaleciendo-de-una-propuesta-turistica-integrada-en-san-juan\/","title":{"rendered":"Un convenio para el fortaleciendo de una propuesta tur\u00edstica integrada en San Juan"},"content":{"rendered":"<p>En el Centro de Formaci\u00f3n Ambiental Anchipurac de la Secretar\u00eda de Ambiente y Desarrollo Sustentable del Gobierno de San Juan\u00a0 y el Ministerio de Turismo y Cultura, concretaron la firma de un convenio de vinculaci\u00f3n entre la Administraci\u00f3n del Parque Provincial Ischigualasto y Anchipurac, con el objetivo de impulsar el turismo sustentable y ampliar las propuestas recreativas, educativas y ambientales para los visitantes.<\/p>\n<p>El acuerdo fue rubricado por la directora del Centro de Formaci\u00f3n Ambiental Anchipurac Lic. Jenifer Tudela, y el coordinador del Parque Ischigualasto Lic. Juan Pablo Tejada Godoy en el marco de una pol\u00edtica de articulaci\u00f3n entre la Secretar\u00eda de Ambiente y Desarrollo Sustentable y el Ministerio de Turismo, Cultura y Deporte, orientada a integrar circuitos tur\u00edsticos con fuerte valor ambiental y educativo.<\/p>\n<p>Entre los principales puntos del convenio, se establece que durante los meses de Enero y Febrero de 2026 los tickets de ingreso emitidos por Anchipurac son v\u00e1lidos para acceder sin costo adicional al Circuito Tradicional Diurno del Parque Provincial Ischigualasto. De igual modo, quienes cuenten con entradas emitidas por el Parque pueden ingresar a Anchipurac en el mismo per\u00edodo, fortaleciendo as\u00ed una propuesta tur\u00edstica integrada.<\/p>\n<p>Adem\u00e1s, ambas instituciones se comprometieron a realizar acciones conjuntas de difusi\u00f3n a trav\u00e9s de sus redes sociales, sitios web y material informativo, con el fin de dar a conocer la importancia ambiental, cultural y tur\u00edstica de ambos espacios, y fomentar su visita de manera responsable.<\/p>\n<p>Desde la Secretar\u00eda de Ambiente y Desarrollo Sustentable del Gobierno de San Juan trabaja fuertemente en este tipo de iniciativas que permiten vincular educaci\u00f3n ambiental, conservaci\u00f3n y turismo, promoviendo experiencias que ponen en valor el patrimonio natural de San Juan y fortalecen el desarrollo tur\u00edstico provincial.<\/p>\n<p><img loading=\"lazy\" decoding=\"async\" class=\"alignnone size-full wp-image-75669\" src=\"https:\/\/vocesparalelas.com.ar\/sitio\/wp-content\/uploads\/2024\/08\/ANCHIPURAC-ISOLOGO-01.jpg\" alt=\"\" width=\"800\" height=\"450\" srcset=\"https:\/\/vocesparalelas.com.ar\/sitio\/wp-content\/uploads\/2024\/08\/ANCHIPURAC-ISOLOGO-01.jpg 800w, https:\/\/vocesparalelas.com.ar\/sitio\/wp-content\/uploads\/2024\/08\/ANCHIPURAC-ISOLOGO-01-300x169.jpg 300w, https:\/\/vocesparalelas.com.ar\/sitio\/wp-content\/uploads\/2024\/08\/ANCHIPURAC-ISOLOGO-01-768x432.jpg 768w\" sizes=\"auto, (max-width: 800px) 100vw, 800px\" \/><\/p>\n","protected":false},"excerpt":{"rendered":"<p>En el Centro de Formaci\u00f3n Ambiental Anchipurac de la Secretar\u00eda de Ambiente y Desarrollo Sustentable del Gobierno de San Juan\u00a0<\/p>\n","protected":false},"author":3,"featured_media":95203,"comment_status":"closed","ping_status":"closed","sticky":false,"template":"","format":"standard","meta":{"_acf_changed":false,"_seopress_robots_primary_cat":"none","_seopress_titles_title":"","_seopress_titles_desc":"","_seopress_robots_index":"","colormag_page_container_layout":"default_layout","colormag_page_sidebar_layout":"default_layout","footnotes":""},"categories":[9],"tags":[],"class_list":["post-95200","post","type-post","status-publish","format-standard","has-post-thumbnail","hentry","category-cursos"],"acf":[],"_links":{"self":[{"href":"https:\/\/vocesparalelas.com.ar\/sitio\/wp-json\/wp\/v2\/posts\/95200","targetHints":{"allow":["GET"]}}],"collection":[{"href":"https:\/\/vocesparalelas.com.ar\/sitio\/wp-json\/wp\/v2\/posts"}],"about":[{"href":"https:\/\/vocesparalelas.com.ar\/sitio\/wp-json\/wp\/v2\/types\/post"}],"author":[{"embeddable":true,"href":"https:\/\/vocesparalelas.com.ar\/sitio\/wp-json\/wp\/v2\/users\/3"}],"replies":[{"embeddable":true,"href":"https:\/\/vocesparalelas.com.ar\/sitio\/wp-json\/wp\/v2\/comments?post=95200"}],"version-history":[{"count":1,"href":"https:\/\/vocesparalelas.com.ar\/sitio\/wp-json\/wp\/v2\/posts\/95200\/revisions"}],"predecessor-version":[{"id":95204,"href":"https:\/\/vocesparalelas.com.ar\/sitio\/wp-json\/wp\/v2\/posts\/95200\/revisions\/95204"}],"wp:featuredmedia":[{"embeddable":true,"href":"https:\/\/vocesparalelas.com.ar\/sitio\/wp-json\/wp\/v2\/media\/95203"}],"wp:attachment":[{"href":"https:\/\/vocesparalelas.com.ar\/sitio\/wp-json\/wp\/v2\/media?parent=95200"}],"wp:term":[{"taxonomy":"category","embeddable":true,"href":"https:\/\/vocesparalelas.com.ar\/sitio\/wp-json\/wp\/v2\/categories?post=95200"},{"taxonomy":"post_tag","embeddable":true,"href":"https:\/\/vocesparalelas.com.ar\/sitio\/wp-json\/wp\/v2\/tags?post=95200"}],"curies":[{"name":"wp","href":"https:\/\/api.w.org\/{rel}","templated":true}]}}