{"id":95185,"date":"2025-12-20T18:07:32","date_gmt":"2025-12-20T21:07:32","guid":{"rendered":"https:\/\/vocesparalelas.com.ar\/sitio\/?p=95185"},"modified":"2025-12-23T02:43:42","modified_gmt":"2025-12-23T05:43:42","slug":"taller-introduccion-al-teatro-pies-descalzos-en-san-juan","status":"publish","type":"post","link":"https:\/\/vocesparalelas.com.ar\/sitio\/taller-introduccion-al-teatro-pies-descalzos-en-san-juan\/","title":{"rendered":"Taller introducci\u00f3n al Teatro \u00abPies Descalzos\u00bb en San Juan"},"content":{"rendered":"<p>El Ministerio de Turismo, Cultura y Deporte del Gobierno de San Juan, a trav\u00e9s de la Direcci\u00f3n de Artes Esc\u00e9nicas invita a la comunidad a participar al Taller introducci\u00f3n al Teatro \u00abPies Descalzos\u00bb, para ni\u00f1os, j\u00f3venes y adultos.<\/p>\n<p>El objetivo del taller es fomentar la creatividad, la expresi\u00f3n y el fortalecimiento de la autoestima.<\/p>\n<p>Las clases comienzan el 5 de Enero y se dictan en Espacios Compartidos, 25 de Mayo y Av. Espa\u00f1a. Este taller es arancelado, para consultas comunicarse al 264 5041696.<\/p>\n<p><strong><span style=\"color: #ff6600;\">Cronograna<\/span><\/strong><\/p>\n<p><strong><span style=\"color: #ff6600;\">Martes<\/span><\/strong><\/p>\n<ul>\n<li>Grupo 1: (5-10 a\u00f1os) de 18.30 a 20 hs<\/li>\n<li>J\u00f3venes\/Adultos: (+ 18 a\u00f1os) 20.15 a 21.45 hs.<\/li>\n<\/ul>\n<p><strong><span style=\"color: #ff6600;\">Jueves<\/span><\/strong><\/p>\n<ul>\n<li>Grupo 1: (5-10 a\u00f1os) de 18.30 a 20 hs.<\/li>\n<li>Adultos Mayores (+60 a\u00f1os) de 20.15 a 21.45 hs.<\/li>\n<\/ul>\n<p><strong><span style=\"color: #ff6600;\">S\u00e1bados<\/span><\/strong><\/p>\n<ul>\n<li>Preadolescentes (11 \u2013 13 a\u00f1os) 9.30 a 11 hs.<\/li>\n<li>Adolescentes (14 a 17 a\u00f1os) 11.15 a 12.45 hs.<\/li>\n<\/ul>\n<p>Cierre del ciclo: Muestra publica final<\/p>\n<p>Pies descalzos propone un espacio art\u00edstico accesible, inclusivo y emocionante significativo. De car\u00e1cter comunitario que finalizar\u00e1 con una muestra p\u00fablica para consolidar la propuesta.<\/p>\n<p>&nbsp;<\/p>\n<p><img loading=\"lazy\" decoding=\"async\" class=\"alignnone size-full wp-image-31535\" src=\"https:\/\/vocesparalelas.com.ar\/sitio\/wp-content\/uploads\/2020\/10\/FERRO-URBANISTICO.jpg\" alt=\"\" width=\"800\" height=\"450\" srcset=\"https:\/\/vocesparalelas.com.ar\/sitio\/wp-content\/uploads\/2020\/10\/FERRO-URBANISTICO.jpg 800w, https:\/\/vocesparalelas.com.ar\/sitio\/wp-content\/uploads\/2020\/10\/FERRO-URBANISTICO-300x169.jpg 300w, https:\/\/vocesparalelas.com.ar\/sitio\/wp-content\/uploads\/2020\/10\/FERRO-URBANISTICO-768x432.jpg 768w\" sizes=\"auto, (max-width: 800px) 100vw, 800px\" \/><\/p>\n","protected":false},"excerpt":{"rendered":"<p>El Ministerio de Turismo, Cultura y Deporte del Gobierno de San Juan, a trav\u00e9s de la Direcci\u00f3n de Artes Esc\u00e9nicas<\/p>\n","protected":false},"author":3,"featured_media":42207,"comment_status":"closed","ping_status":"closed","sticky":false,"template":"","format":"standard","meta":{"_acf_changed":false,"_seopress_robots_primary_cat":"none","_seopress_titles_title":"","_seopress_titles_desc":"","_seopress_robots_index":"","colormag_page_container_layout":"default_layout","colormag_page_sidebar_layout":"default_layout","footnotes":""},"categories":[9],"tags":[],"class_list":["post-95185","post","type-post","status-publish","format-standard","has-post-thumbnail","hentry","category-cursos"],"acf":[],"_links":{"self":[{"href":"https:\/\/vocesparalelas.com.ar\/sitio\/wp-json\/wp\/v2\/posts\/95185","targetHints":{"allow":["GET"]}}],"collection":[{"href":"https:\/\/vocesparalelas.com.ar\/sitio\/wp-json\/wp\/v2\/posts"}],"about":[{"href":"https:\/\/vocesparalelas.com.ar\/sitio\/wp-json\/wp\/v2\/types\/post"}],"author":[{"embeddable":true,"href":"https:\/\/vocesparalelas.com.ar\/sitio\/wp-json\/wp\/v2\/users\/3"}],"replies":[{"embeddable":true,"href":"https:\/\/vocesparalelas.com.ar\/sitio\/wp-json\/wp\/v2\/comments?post=95185"}],"version-history":[{"count":3,"href":"https:\/\/vocesparalelas.com.ar\/sitio\/wp-json\/wp\/v2\/posts\/95185\/revisions"}],"predecessor-version":[{"id":95193,"href":"https:\/\/vocesparalelas.com.ar\/sitio\/wp-json\/wp\/v2\/posts\/95185\/revisions\/95193"}],"wp:featuredmedia":[{"embeddable":true,"href":"https:\/\/vocesparalelas.com.ar\/sitio\/wp-json\/wp\/v2\/media\/42207"}],"wp:attachment":[{"href":"https:\/\/vocesparalelas.com.ar\/sitio\/wp-json\/wp\/v2\/media?parent=95185"}],"wp:term":[{"taxonomy":"category","embeddable":true,"href":"https:\/\/vocesparalelas.com.ar\/sitio\/wp-json\/wp\/v2\/categories?post=95185"},{"taxonomy":"post_tag","embeddable":true,"href":"https:\/\/vocesparalelas.com.ar\/sitio\/wp-json\/wp\/v2\/tags?post=95185"}],"curies":[{"name":"wp","href":"https:\/\/api.w.org\/{rel}","templated":true}]}}