{"id":95163,"date":"2025-12-20T10:53:19","date_gmt":"2025-12-20T13:53:19","guid":{"rendered":"https:\/\/vocesparalelas.com.ar\/sitio\/?p=95163"},"modified":"2025-12-22T00:17:40","modified_gmt":"2025-12-22T03:17:40","slug":"campana-de-concientizacion-sobre-el-cancer-bucal-en-el-hospital-dr-marcial-quiroga-de-san-juan","status":"publish","type":"post","link":"https:\/\/vocesparalelas.com.ar\/sitio\/campana-de-concientizacion-sobre-el-cancer-bucal-en-el-hospital-dr-marcial-quiroga-de-san-juan\/","title":{"rendered":"Campa\u00f1a de concientizaci\u00f3n sobre el c\u00e1ncer bucal en el Hospital Dr. Marcial Quiroga de San Juan"},"content":{"rendered":"<p>El Servicio de Odontolog\u00eda del Hospital Dr. Marcial Quiroga del Ministerio de Salud del Gobierno de San Juan se sum\u00f3 a la campa\u00f1a de concientizaci\u00f3n sobre el c\u00e1ncer bucal, desarrollada del 5 al 12 de Diciembre de 2025, con el objetivo de sensibilizar a la poblaci\u00f3n acerca de la importancia de la prevenci\u00f3n, la detecci\u00f3n temprana y el tratamiento oportuno de esta enfermedad.<\/p>\n<p>Durante la campa\u00f1a, los profesionales del servicio brindaron charlas informativas en salas de espera, entregaron material educativo y realizaron controles odontol\u00f3gicos a pacientes por demanda espont\u00e1nea, acercando el acceso a la consulta y promoviendo h\u00e1bitos de cuidado bucal.<\/p>\n<p>\u201cEl c\u00e1ncer bucal es una patolog\u00eda frecuente que, detectada a tiempo, tiene altas posibilidades de curaci\u00f3n. Por eso es fundamental reforzar la informaci\u00f3n y generar conciencia sobre la importancia del control odontol\u00f3gico peri\u00f3dico\u201d, se\u00f1al\u00f3 la Odont\u00f3loga Cristina Sastriques, jefa del Servicio de Odontolog\u00eda.<\/p>\n<p>El c\u00e1ncer bucal puede desarrollarse en distintas \u00e1reas de la cavidad oral, como labios, enc\u00edas, lengua y paladar. En este sentido, se remarc\u00f3 la importancia de reconocer signos y s\u00edntomas tempranos, as\u00ed como de adoptar medidas preventivas como la realizaci\u00f3n de autoex\u00e1menes bucales, las visitas regulares al odont\u00f3logo, la reducci\u00f3n del consumo de tabaco y alcohol, y la incorporaci\u00f3n de h\u00e1bitos de vida saludables.<\/p>\n<p>Con este tipo de acciones, el Hospital Dr. Marcial Quiroga reafirma su compromiso con la prevenci\u00f3n, la educaci\u00f3n para la salud y la detecci\u00f3n precoz, fortaleciendo el cuidado integral de la comunidad.<\/p>\n<p>&nbsp;<\/p>\n<p><img loading=\"lazy\" decoding=\"async\" class=\"alignnone size-full wp-image-50515\" src=\"https:\/\/vocesparalelas.com.ar\/sitio\/wp-content\/uploads\/2022\/07\/HMQ-FRENTE.jpg\" alt=\"\" width=\"800\" height=\"600\" srcset=\"https:\/\/vocesparalelas.com.ar\/sitio\/wp-content\/uploads\/2022\/07\/HMQ-FRENTE.jpg 800w, https:\/\/vocesparalelas.com.ar\/sitio\/wp-content\/uploads\/2022\/07\/HMQ-FRENTE-300x225.jpg 300w, https:\/\/vocesparalelas.com.ar\/sitio\/wp-content\/uploads\/2022\/07\/HMQ-FRENTE-768x576.jpg 768w\" sizes=\"auto, (max-width: 800px) 100vw, 800px\" \/><\/p>\n","protected":false},"excerpt":{"rendered":"<p>El Servicio de Odontolog\u00eda del Hospital Dr. Marcial Quiroga del Ministerio de Salud del Gobierno de San Juan se sum\u00f3<\/p>\n","protected":false},"author":3,"featured_media":37083,"comment_status":"closed","ping_status":"closed","sticky":false,"template":"","format":"standard","meta":{"_acf_changed":false,"_seopress_robots_primary_cat":"none","_seopress_titles_title":"","_seopress_titles_desc":"","_seopress_robots_index":"","colormag_page_container_layout":"default_layout","colormag_page_sidebar_layout":"default_layout","footnotes":""},"categories":[5],"tags":[],"class_list":["post-95163","post","type-post","status-publish","format-standard","has-post-thumbnail","hentry","category-ofrecimientos"],"acf":[],"_links":{"self":[{"href":"https:\/\/vocesparalelas.com.ar\/sitio\/wp-json\/wp\/v2\/posts\/95163","targetHints":{"allow":["GET"]}}],"collection":[{"href":"https:\/\/vocesparalelas.com.ar\/sitio\/wp-json\/wp\/v2\/posts"}],"about":[{"href":"https:\/\/vocesparalelas.com.ar\/sitio\/wp-json\/wp\/v2\/types\/post"}],"author":[{"embeddable":true,"href":"https:\/\/vocesparalelas.com.ar\/sitio\/wp-json\/wp\/v2\/users\/3"}],"replies":[{"embeddable":true,"href":"https:\/\/vocesparalelas.com.ar\/sitio\/wp-json\/wp\/v2\/comments?post=95163"}],"version-history":[{"count":1,"href":"https:\/\/vocesparalelas.com.ar\/sitio\/wp-json\/wp\/v2\/posts\/95163\/revisions"}],"predecessor-version":[{"id":95166,"href":"https:\/\/vocesparalelas.com.ar\/sitio\/wp-json\/wp\/v2\/posts\/95163\/revisions\/95166"}],"wp:featuredmedia":[{"embeddable":true,"href":"https:\/\/vocesparalelas.com.ar\/sitio\/wp-json\/wp\/v2\/media\/37083"}],"wp:attachment":[{"href":"https:\/\/vocesparalelas.com.ar\/sitio\/wp-json\/wp\/v2\/media?parent=95163"}],"wp:term":[{"taxonomy":"category","embeddable":true,"href":"https:\/\/vocesparalelas.com.ar\/sitio\/wp-json\/wp\/v2\/categories?post=95163"},{"taxonomy":"post_tag","embeddable":true,"href":"https:\/\/vocesparalelas.com.ar\/sitio\/wp-json\/wp\/v2\/tags?post=95163"}],"curies":[{"name":"wp","href":"https:\/\/api.w.org\/{rel}","templated":true}]}}