{"id":95156,"date":"2025-12-19T21:00:56","date_gmt":"2025-12-20T00:00:56","guid":{"rendered":"https:\/\/vocesparalelas.com.ar\/sitio\/?p=95156"},"modified":"2025-12-22T00:15:42","modified_gmt":"2025-12-22T03:15:42","slug":"llega-la-38-edicion-de-la-fiesta-provincial-de-la-semilla-y-la-manzana-mi-pueblo-iglesiano","status":"publish","type":"post","link":"https:\/\/vocesparalelas.com.ar\/sitio\/llega-la-38-edicion-de-la-fiesta-provincial-de-la-semilla-y-la-manzana-mi-pueblo-iglesiano\/","title":{"rendered":"Llega la 38\u00b0 Edici\u00f3n de la Fiesta Provincial de la Semilla y la Manzana \u00abMi pueblo iglesiano\u00bb"},"content":{"rendered":"<p>El Viernes, 09 y el S\u00e1bado, 10 de Enero de 2026., desde las 19:00 hs.; en el Anfiteatro Los Manantiales, Rodeo. Por ello, la Municipalidad de Iglesia invita a la comunidad y visitantes a disfrutar de la 38\u00b0 Edici\u00f3n de la Fiesta Provincial de la Semilla y la Manzana 2026 \u00abMi pueblo iglesiano\u00bb.<\/p>\n<p>Es el momento de celebrar lo que son con la producci\u00f3n, el esfuerzo de la tierra y esas tradiciones que hacen \u00fanicos. Una fiesta que une como comunidad y que recibe con los brazos abiertos a quienes visiten y se sumen.<\/p>\n<p>Prep\u00e1rate para vivir dos noches inolvidables de cultura, m\u00fasica y sabor local, Reserva la fecha y viv\u00ed el orgullo de ser iglesiano.<\/p>\n<p><span style=\"color: #ff6600;\"><strong>En este contexto y en la etapa de preparaci\u00f3n la Municipalidad de Iglesia lanza:<\/strong><\/span><\/p>\n<ul>\n<li>Convocatoria abierta para grupos musicales locales. Solicite las bases y condiciones al 2644445669<\/li>\n<li>Convocatoria de Artesanos, emprendedores y puestos de comida. Solicite las bases y condiciones al 2644445669<\/li>\n<li>Convocatoria de Academias de Danza, Talleres de M\u00fasica.\u00a0Solicite las bases y condiciones al 2644445669<\/li>\n<\/ul>\n<p>Los cupos son limitados y hay tiempo hasta el Lunes, 22 de Diciembre de 2025<\/p>\n<p>#FiestaDeLaSemillaYLaManzana #Iglesia #Rodeo #TurismoSanJuan #MiPuebloIglesiano #CulturaYTradicion<\/p>\n<p>&nbsp;<\/p>\n<p><img loading=\"lazy\" decoding=\"async\" class=\"alignnone size-full wp-image-91565\" src=\"https:\/\/vocesparalelas.com.ar\/sitio\/wp-content\/uploads\/2025\/09\/MUNICIPALIDAD-IGLESIA.jpg\" alt=\"\" width=\"800\" height=\"533\" srcset=\"https:\/\/vocesparalelas.com.ar\/sitio\/wp-content\/uploads\/2025\/09\/MUNICIPALIDAD-IGLESIA.jpg 800w, https:\/\/vocesparalelas.com.ar\/sitio\/wp-content\/uploads\/2025\/09\/MUNICIPALIDAD-IGLESIA-300x200.jpg 300w, https:\/\/vocesparalelas.com.ar\/sitio\/wp-content\/uploads\/2025\/09\/MUNICIPALIDAD-IGLESIA-768x512.jpg 768w\" sizes=\"auto, (max-width: 800px) 100vw, 800px\" \/><\/p>\n","protected":false},"excerpt":{"rendered":"<p>El Viernes, 09 y el S\u00e1bado, 10 de Enero de 2026., desde las 19:00 hs.; en el Anfiteatro Los Manantiales,<\/p>\n","protected":false},"author":3,"featured_media":95159,"comment_status":"closed","ping_status":"closed","sticky":false,"template":"","format":"standard","meta":{"_acf_changed":false,"_seopress_robots_primary_cat":"none","_seopress_titles_title":"","_seopress_titles_desc":"","_seopress_robots_index":"","colormag_page_container_layout":"default_layout","colormag_page_sidebar_layout":"default_layout","footnotes":""},"categories":[2],"tags":[],"class_list":["post-95156","post","type-post","status-publish","format-standard","has-post-thumbnail","hentry","category-convocatorias"],"acf":[],"_links":{"self":[{"href":"https:\/\/vocesparalelas.com.ar\/sitio\/wp-json\/wp\/v2\/posts\/95156","targetHints":{"allow":["GET"]}}],"collection":[{"href":"https:\/\/vocesparalelas.com.ar\/sitio\/wp-json\/wp\/v2\/posts"}],"about":[{"href":"https:\/\/vocesparalelas.com.ar\/sitio\/wp-json\/wp\/v2\/types\/post"}],"author":[{"embeddable":true,"href":"https:\/\/vocesparalelas.com.ar\/sitio\/wp-json\/wp\/v2\/users\/3"}],"replies":[{"embeddable":true,"href":"https:\/\/vocesparalelas.com.ar\/sitio\/wp-json\/wp\/v2\/comments?post=95156"}],"version-history":[{"count":1,"href":"https:\/\/vocesparalelas.com.ar\/sitio\/wp-json\/wp\/v2\/posts\/95156\/revisions"}],"predecessor-version":[{"id":95160,"href":"https:\/\/vocesparalelas.com.ar\/sitio\/wp-json\/wp\/v2\/posts\/95156\/revisions\/95160"}],"wp:featuredmedia":[{"embeddable":true,"href":"https:\/\/vocesparalelas.com.ar\/sitio\/wp-json\/wp\/v2\/media\/95159"}],"wp:attachment":[{"href":"https:\/\/vocesparalelas.com.ar\/sitio\/wp-json\/wp\/v2\/media?parent=95156"}],"wp:term":[{"taxonomy":"category","embeddable":true,"href":"https:\/\/vocesparalelas.com.ar\/sitio\/wp-json\/wp\/v2\/categories?post=95156"},{"taxonomy":"post_tag","embeddable":true,"href":"https:\/\/vocesparalelas.com.ar\/sitio\/wp-json\/wp\/v2\/tags?post=95156"}],"curies":[{"name":"wp","href":"https:\/\/api.w.org\/{rel}","templated":true}]}}