{"id":95145,"date":"2025-12-19T12:32:58","date_gmt":"2025-12-19T15:32:58","guid":{"rendered":"https:\/\/vocesparalelas.com.ar\/sitio\/?p=95145"},"modified":"2025-12-20T19:12:29","modified_gmt":"2025-12-20T22:12:29","slug":"atencion-a-los-clientes-del-comercio-de-san-juan-para-el-24-y-31-de-diciembre-2025","status":"publish","type":"post","link":"https:\/\/vocesparalelas.com.ar\/sitio\/atencion-a-los-clientes-del-comercio-de-san-juan-para-el-24-y-31-de-diciembre-2025\/","title":{"rendered":"Atenci\u00f3n a los clientes del Comercio de San Juan para el 24 y 31 de Diciembre 2025"},"content":{"rendered":"<p>La C\u00e1mara de Comercio y Servicios de San Juan &#8211; CCSJ &#8211; informa el funcionamiento del comercio para el 24 y 31 de Diciembre, en el marco de las celebraciones de Navidad y A\u00f1o Nuevo. el horario de apertura de los locales quedan sujeto a la decisi\u00f3n de cada comerciante, aunque en ambas jornadas se trabaja en horario corrido hasta las 17 hs. seg\u00fan la Ley 8.334.<\/p>\n<p>No obstante, se aclar\u00f3 que la actividad comercial debe concluir ineludiblemente a las 17 horas, con el objetivo de resguardar el bienestar de los trabajadores del sector y permitir que puedan compartir las celebraciones junto a sus familias.<\/p>\n<p>Desde la CCSJ remarcaron la importancia que los consumidores realicen sus compras con anticipaci\u00f3n, a fin de evitar aglomeraciones sobre el cierre de la jornada y facilitar el cumplimiento de los horarios establecidos. Adem\u00e1s, hicieron especial hincapi\u00e9 en las altas temperaturas que se prev\u00e9n para esas fechas, recomendando a la poblaci\u00f3n organizar sus compras con tiempo para evitar la exposici\u00f3n al calor extremo.<\/p>\n<p>Finalmente, desde la entidad indicaron que esta disposici\u00f3n busca ordenar la actividad comercial en fechas de alta demanda, garantizando previsibilidad en los horarios y un adecuado funcionamiento del sector durante las celebraciones.<\/p>\n<p><img loading=\"lazy\" decoding=\"async\" class=\"alignnone size-large wp-image-1815\" src=\"https:\/\/vocesparalelas.com.ar\/sitio\/wp-content\/uploads\/2017\/06\/SAN-JUAN-CIUDAD-01-7-800x531.jpg\" alt=\"\" width=\"800\" height=\"531\" srcset=\"https:\/\/vocesparalelas.com.ar\/sitio\/wp-content\/uploads\/2017\/06\/SAN-JUAN-CIUDAD-01-7.jpg 800w, https:\/\/vocesparalelas.com.ar\/sitio\/wp-content\/uploads\/2017\/06\/SAN-JUAN-CIUDAD-01-7-300x199.jpg 300w, https:\/\/vocesparalelas.com.ar\/sitio\/wp-content\/uploads\/2017\/06\/SAN-JUAN-CIUDAD-01-7-768x510.jpg 768w\" sizes=\"auto, (max-width: 800px) 100vw, 800px\" \/><\/p>\n<p>&nbsp;<\/p>\n<p>&nbsp;<\/p>\n","protected":false},"excerpt":{"rendered":"<p>La C\u00e1mara de Comercio y Servicios de San Juan &#8211; CCSJ &#8211; informa el funcionamiento del comercio para el 24<\/p>\n","protected":false},"author":3,"featured_media":95148,"comment_status":"closed","ping_status":"closed","sticky":false,"template":"","format":"standard","meta":{"_acf_changed":false,"_seopress_robots_primary_cat":"none","_seopress_titles_title":"","_seopress_titles_desc":"","_seopress_robots_index":"","colormag_page_container_layout":"default_layout","colormag_page_sidebar_layout":"default_layout","footnotes":""},"categories":[5],"tags":[],"class_list":["post-95145","post","type-post","status-publish","format-standard","has-post-thumbnail","hentry","category-ofrecimientos"],"acf":[],"_links":{"self":[{"href":"https:\/\/vocesparalelas.com.ar\/sitio\/wp-json\/wp\/v2\/posts\/95145","targetHints":{"allow":["GET"]}}],"collection":[{"href":"https:\/\/vocesparalelas.com.ar\/sitio\/wp-json\/wp\/v2\/posts"}],"about":[{"href":"https:\/\/vocesparalelas.com.ar\/sitio\/wp-json\/wp\/v2\/types\/post"}],"author":[{"embeddable":true,"href":"https:\/\/vocesparalelas.com.ar\/sitio\/wp-json\/wp\/v2\/users\/3"}],"replies":[{"embeddable":true,"href":"https:\/\/vocesparalelas.com.ar\/sitio\/wp-json\/wp\/v2\/comments?post=95145"}],"version-history":[{"count":2,"href":"https:\/\/vocesparalelas.com.ar\/sitio\/wp-json\/wp\/v2\/posts\/95145\/revisions"}],"predecessor-version":[{"id":95150,"href":"https:\/\/vocesparalelas.com.ar\/sitio\/wp-json\/wp\/v2\/posts\/95145\/revisions\/95150"}],"wp:featuredmedia":[{"embeddable":true,"href":"https:\/\/vocesparalelas.com.ar\/sitio\/wp-json\/wp\/v2\/media\/95148"}],"wp:attachment":[{"href":"https:\/\/vocesparalelas.com.ar\/sitio\/wp-json\/wp\/v2\/media?parent=95145"}],"wp:term":[{"taxonomy":"category","embeddable":true,"href":"https:\/\/vocesparalelas.com.ar\/sitio\/wp-json\/wp\/v2\/categories?post=95145"},{"taxonomy":"post_tag","embeddable":true,"href":"https:\/\/vocesparalelas.com.ar\/sitio\/wp-json\/wp\/v2\/tags?post=95145"}],"curies":[{"name":"wp","href":"https:\/\/api.w.org\/{rel}","templated":true}]}}