{"id":95137,"date":"2025-12-19T11:40:45","date_gmt":"2025-12-19T14:40:45","guid":{"rendered":"https:\/\/vocesparalelas.com.ar\/sitio\/?p=95137"},"modified":"2025-12-20T18:43:22","modified_gmt":"2025-12-20T21:43:22","slug":"feria-agroproductiva-de-san-juan-19","status":"publish","type":"post","link":"https:\/\/vocesparalelas.com.ar\/sitio\/feria-agroproductiva-de-san-juan-19\/","title":{"rendered":"Feria Agroproductiva de San Juan"},"content":{"rendered":"<p>La Feria Agroproductiva de San Juan realiza una nueva edici\u00f3n itinerante el Lunes, 22 de Diciembre, de 9:30 a 13:30, en la Plaza Seca del Centro C\u00edvico, con la participaci\u00f3n de 60 productores locales.<\/p>\n<p>La actividad es organizada por el Ministerio de Producci\u00f3n, Trabajo e Innovaci\u00f3n del Gobierno de San Juan, a trav\u00e9s de la Secretar\u00eda de Agricultura, Ganader\u00eda y Agroindustria, por intermedio de la Direcci\u00f3n de Desarrollo Agropecuario, en conjunto con los productores que integran la feria.<\/p>\n<p>Esta edici\u00f3n especial surge a pedido de los propios feriantes, quienes asumieron un rol protag\u00f3nico en la planificaci\u00f3n y organizaci\u00f3n del evento, con el acompa\u00f1amiento t\u00e9cnico y log\u00edstico del equipo de la Direcci\u00f3n.<\/p>\n<p>El objetivo principal de esta edici\u00f3n itinerante es acercar la feria a los empleados p\u00fablicos y al p\u00fablico en general, brindando una alternativa accesible para realizar compras de cara a las fiestas de fin de a\u00f1o, fortaleciendo al mismo tiempo el v\u00ednculo directo entre productores y consumidores.<\/p>\n<p>Desde la Secretar\u00eda de Agricultura, Ganader\u00eda y Agroindustria se destac\u00f3 especialmente el trabajo colectivo y colaborativo de los expositores, quienes se organizaron de manera conjunta para llevar adelante la feria. Esta modalidad de trabajo refleja el crecimiento del espacio y pone en valor el compromiso, la responsabilidad y la capacidad de gesti\u00f3n de los productores, aspectos que resultan fundamentales para el fortalecimiento del sector agroproductivo local.<\/p>\n<p>Durante la jornada, los visitantes podr\u00e1n encontrar una amplia y variada oferta que incluye frutas y verduras frescas, aceite de oliva, aceitunas, panificaci\u00f3n tradicional y saludable, panes dulces artesanales, vinos, conservas, dulces, frutos secos y cosm\u00e9tica natural, entre otros productos ideales tanto para el consumo diario como para regalos en estas fiestas.<\/p>\n<p>La Feria Agroproductiva de San Juan contin\u00faa consolid\u00e1ndose como un espacio de encuentro, trabajo en equipo y econom\u00eda social, promoviendo el acceso a alimentos saludables, el consumo responsable y el desarrollo de la producci\u00f3n local, con un fuerte protagonismo de sus expositores y el acompa\u00f1amiento permanente del Estado.<\/p>\n<p><img loading=\"lazy\" decoding=\"async\" class=\"alignnone size-full wp-image-65642\" src=\"https:\/\/vocesparalelas.com.ar\/sitio\/wp-content\/uploads\/2023\/11\/GOBIERNO-SAN-JUAN.jpg\" alt=\"\" width=\"800\" height=\"600\" srcset=\"https:\/\/vocesparalelas.com.ar\/sitio\/wp-content\/uploads\/2023\/11\/GOBIERNO-SAN-JUAN.jpg 800w, https:\/\/vocesparalelas.com.ar\/sitio\/wp-content\/uploads\/2023\/11\/GOBIERNO-SAN-JUAN-300x225.jpg 300w, https:\/\/vocesparalelas.com.ar\/sitio\/wp-content\/uploads\/2023\/11\/GOBIERNO-SAN-JUAN-768x576.jpg 768w\" sizes=\"auto, (max-width: 800px) 100vw, 800px\" \/><\/p>\n","protected":false},"excerpt":{"rendered":"<p>La Feria Agroproductiva de San Juan realiza una nueva edici\u00f3n itinerante el Lunes, 22 de Diciembre, de 9:30 a 13:30,<\/p>\n","protected":false},"author":3,"featured_media":89625,"comment_status":"closed","ping_status":"closed","sticky":false,"template":"","format":"standard","meta":{"_acf_changed":false,"_seopress_robots_primary_cat":"none","_seopress_titles_title":"","_seopress_titles_desc":"","_seopress_robots_index":"","colormag_page_container_layout":"default_layout","colormag_page_sidebar_layout":"default_layout","footnotes":""},"categories":[6],"tags":[],"class_list":["post-95137","post","type-post","status-publish","format-standard","has-post-thumbnail","hentry","category-eventos"],"acf":[],"_links":{"self":[{"href":"https:\/\/vocesparalelas.com.ar\/sitio\/wp-json\/wp\/v2\/posts\/95137","targetHints":{"allow":["GET"]}}],"collection":[{"href":"https:\/\/vocesparalelas.com.ar\/sitio\/wp-json\/wp\/v2\/posts"}],"about":[{"href":"https:\/\/vocesparalelas.com.ar\/sitio\/wp-json\/wp\/v2\/types\/post"}],"author":[{"embeddable":true,"href":"https:\/\/vocesparalelas.com.ar\/sitio\/wp-json\/wp\/v2\/users\/3"}],"replies":[{"embeddable":true,"href":"https:\/\/vocesparalelas.com.ar\/sitio\/wp-json\/wp\/v2\/comments?post=95137"}],"version-history":[{"count":1,"href":"https:\/\/vocesparalelas.com.ar\/sitio\/wp-json\/wp\/v2\/posts\/95137\/revisions"}],"predecessor-version":[{"id":95140,"href":"https:\/\/vocesparalelas.com.ar\/sitio\/wp-json\/wp\/v2\/posts\/95137\/revisions\/95140"}],"wp:featuredmedia":[{"embeddable":true,"href":"https:\/\/vocesparalelas.com.ar\/sitio\/wp-json\/wp\/v2\/media\/89625"}],"wp:attachment":[{"href":"https:\/\/vocesparalelas.com.ar\/sitio\/wp-json\/wp\/v2\/media?parent=95137"}],"wp:term":[{"taxonomy":"category","embeddable":true,"href":"https:\/\/vocesparalelas.com.ar\/sitio\/wp-json\/wp\/v2\/categories?post=95137"},{"taxonomy":"post_tag","embeddable":true,"href":"https:\/\/vocesparalelas.com.ar\/sitio\/wp-json\/wp\/v2\/tags?post=95137"}],"curies":[{"name":"wp","href":"https:\/\/api.w.org\/{rel}","templated":true}]}}