{"id":95088,"date":"2025-12-18T15:02:35","date_gmt":"2025-12-18T18:02:35","guid":{"rendered":"https:\/\/vocesparalelas.com.ar\/sitio\/?p=95088"},"modified":"2025-12-19T22:27:31","modified_gmt":"2025-12-20T01:27:31","slug":"visperas-de-navidad-en-el-centro-civico-de-san-juan","status":"publish","type":"post","link":"https:\/\/vocesparalelas.com.ar\/sitio\/visperas-de-navidad-en-el-centro-civico-de-san-juan\/","title":{"rendered":"\u201cV\u00edsperas de Navidad en el Centro C\u00edvico\u201d de San Juan"},"content":{"rendered":"<p>El Lunes, 22 de Diciembre el Centro C\u00edvico ser\u00e1 escenario de \u201cV\u00edsperas de Navidad en el Centro C\u00edvico\u201d, un evento pensado para celebrar la cercan\u00eda de las fiestas a trav\u00e9s de la m\u00fasica y el canto coral. La propuesta tendr\u00e1 lugar en el Hall central ubicado en el n\u00facleo 3 de planta baja a las 10:30 horas.<\/p>\n<p>La actividad convoca al p\u00fablico en general a disfrutar de un repertorio de villancicos y obras navide\u00f1as interpretadas por:<\/p>\n<ul>\n<li>Coro Arturo Berut<\/li>\n<li>Coro Canto a la Vida<\/li>\n<li>Coro Mariano de la Bas\u00edlica Nuestra Se\u00f1ora de los Desamparados<\/li>\n<li>La Camerata San Juan.<\/li>\n<\/ul>\n<p>\u201cV\u00edsperas de Navidad en el Centro C\u00edvico\u201d es una iniciativa organizada de manera conjunta entre la Secretar\u00eda de Relaciones Institucionales del Ministerio de Gobierno y la Direcci\u00f3n de Acci\u00f3n Cultural, Formaci\u00f3n Vocal y de Artes Pl\u00e1sticas del Ministerio de Turismo, Cultura y Deporte del Gobierno de San Juan, en el marco de una agenda cultural abierta y participativa.<\/p>\n<p><img loading=\"lazy\" decoding=\"async\" class=\"alignnone size-large wp-image-5037\" src=\"https:\/\/vocesparalelas.com.ar\/sitio\/wp-content\/uploads\/2017\/09\/CENTRO-CIVICO-1-800x600.jpg\" alt=\"\" width=\"800\" height=\"600\" srcset=\"https:\/\/vocesparalelas.com.ar\/sitio\/wp-content\/uploads\/2017\/09\/CENTRO-CIVICO-1-800x600.jpg 800w, https:\/\/vocesparalelas.com.ar\/sitio\/wp-content\/uploads\/2017\/09\/CENTRO-CIVICO-1-300x225.jpg 300w, https:\/\/vocesparalelas.com.ar\/sitio\/wp-content\/uploads\/2017\/09\/CENTRO-CIVICO-1-768x576.jpg 768w, https:\/\/vocesparalelas.com.ar\/sitio\/wp-content\/uploads\/2017\/09\/CENTRO-CIVICO-1.jpg 1024w\" sizes=\"auto, (max-width: 800px) 100vw, 800px\" \/><\/p>\n","protected":false},"excerpt":{"rendered":"<p>El Lunes, 22 de Diciembre el Centro C\u00edvico ser\u00e1 escenario de \u201cV\u00edsperas de Navidad en el Centro C\u00edvico\u201d, un evento<\/p>\n","protected":false},"author":3,"featured_media":8390,"comment_status":"closed","ping_status":"closed","sticky":false,"template":"","format":"standard","meta":{"_acf_changed":false,"_seopress_robots_primary_cat":"none","_seopress_titles_title":"","_seopress_titles_desc":"","_seopress_robots_index":"","colormag_page_container_layout":"default_layout","colormag_page_sidebar_layout":"default_layout","footnotes":""},"categories":[20],"tags":[],"class_list":["post-95088","post","type-post","status-publish","format-standard","has-post-thumbnail","hentry","category-cartelera"],"acf":[],"_links":{"self":[{"href":"https:\/\/vocesparalelas.com.ar\/sitio\/wp-json\/wp\/v2\/posts\/95088","targetHints":{"allow":["GET"]}}],"collection":[{"href":"https:\/\/vocesparalelas.com.ar\/sitio\/wp-json\/wp\/v2\/posts"}],"about":[{"href":"https:\/\/vocesparalelas.com.ar\/sitio\/wp-json\/wp\/v2\/types\/post"}],"author":[{"embeddable":true,"href":"https:\/\/vocesparalelas.com.ar\/sitio\/wp-json\/wp\/v2\/users\/3"}],"replies":[{"embeddable":true,"href":"https:\/\/vocesparalelas.com.ar\/sitio\/wp-json\/wp\/v2\/comments?post=95088"}],"version-history":[{"count":1,"href":"https:\/\/vocesparalelas.com.ar\/sitio\/wp-json\/wp\/v2\/posts\/95088\/revisions"}],"predecessor-version":[{"id":95092,"href":"https:\/\/vocesparalelas.com.ar\/sitio\/wp-json\/wp\/v2\/posts\/95088\/revisions\/95092"}],"wp:featuredmedia":[{"embeddable":true,"href":"https:\/\/vocesparalelas.com.ar\/sitio\/wp-json\/wp\/v2\/media\/8390"}],"wp:attachment":[{"href":"https:\/\/vocesparalelas.com.ar\/sitio\/wp-json\/wp\/v2\/media?parent=95088"}],"wp:term":[{"taxonomy":"category","embeddable":true,"href":"https:\/\/vocesparalelas.com.ar\/sitio\/wp-json\/wp\/v2\/categories?post=95088"},{"taxonomy":"post_tag","embeddable":true,"href":"https:\/\/vocesparalelas.com.ar\/sitio\/wp-json\/wp\/v2\/tags?post=95088"}],"curies":[{"name":"wp","href":"https:\/\/api.w.org\/{rel}","templated":true}]}}