{"id":95084,"date":"2025-12-18T13:03:13","date_gmt":"2025-12-18T16:03:13","guid":{"rendered":"https:\/\/vocesparalelas.com.ar\/sitio\/?p=95084"},"modified":"2025-12-19T23:02:04","modified_gmt":"2025-12-20T02:02:04","slug":"cierre-2025-de-las-actividades-en-el-chalet-cantoni-de-san-juan","status":"publish","type":"post","link":"https:\/\/vocesparalelas.com.ar\/sitio\/cierre-2025-de-las-actividades-en-el-chalet-cantoni-de-san-juan\/","title":{"rendered":"Cierre 2025 de las actividades en el Chalet Cantoni de San Juan"},"content":{"rendered":"<p>El Chalet Cantoni de San Juan, abre sus puertas para celebrar con un gran evento el cierre de 2025, el Viernes, 19 de Diciembre, a las 19 :00, con entrada libre y gratuita.<\/p>\n<p>La jornada tiene uno de sus momentos centrales la inauguraci\u00f3n de un mural realizado por la artista Merce Yacante, obra que fue seleccionada a trav\u00e9s de una convocatoria de mural organizada por la instituci\u00f3n. La propuesta busca poner en valor el arte local y promover la participaci\u00f3n de artistas emergentes.<\/p>\n<p>Adem\u00e1s, la m\u00fasica presente con el live set de Gabi Lisi y la selecci\u00f3n musical de DJ G\u00e9minis, mientras que el espect\u00e1culo toma un tinte impactante con el show de pirofagia de LU FIRE. A esto se suman las propuestas l\u00fadicas El Club del Juego y el show musical de la banda Raza Mundana, que aporta ritmo y energ\u00eda al cierre de la noche.<\/p>\n<p>Tambi\u00e9n, hay un sector gastron\u00f3mico especialmente preparado, invitando a disfrutar de una noche de encuentro y celebraci\u00f3n.<\/p>\n<figure id=\"attachment_77863\" aria-describedby=\"caption-attachment-77863\" style=\"width: 800px\" class=\"wp-caption alignnone\"><img loading=\"lazy\" decoding=\"async\" class=\"size-full wp-image-77863\" src=\"https:\/\/vocesparalelas.com.ar\/sitio\/wp-content\/uploads\/2024\/10\/CHALET-CANTONI-NUEVO.jpg\" alt=\"\" width=\"800\" height=\"533\" srcset=\"https:\/\/vocesparalelas.com.ar\/sitio\/wp-content\/uploads\/2024\/10\/CHALET-CANTONI-NUEVO.jpg 800w, https:\/\/vocesparalelas.com.ar\/sitio\/wp-content\/uploads\/2024\/10\/CHALET-CANTONI-NUEVO-300x200.jpg 300w, https:\/\/vocesparalelas.com.ar\/sitio\/wp-content\/uploads\/2024\/10\/CHALET-CANTONI-NUEVO-768x512.jpg 768w\" sizes=\"auto, (max-width: 800px) 100vw, 800px\" \/><figcaption id=\"caption-attachment-77863\" class=\"wp-caption-text\">Chalet Cantoni, Departamento Rivadavia, Provincia San Juan, Rep\u00fablica Argentita<\/figcaption><\/figure>\n","protected":false},"excerpt":{"rendered":"<p>El Chalet Cantoni de San Juan, abre sus puertas para celebrar con un gran evento el cierre de 2025, el<\/p>\n","protected":false},"author":3,"featured_media":46297,"comment_status":"closed","ping_status":"closed","sticky":false,"template":"","format":"standard","meta":{"_acf_changed":false,"_seopress_robots_primary_cat":"none","_seopress_titles_title":"","_seopress_titles_desc":"","_seopress_robots_index":"","colormag_page_container_layout":"default_layout","colormag_page_sidebar_layout":"default_layout","footnotes":""},"categories":[20],"tags":[],"class_list":["post-95084","post","type-post","status-publish","format-standard","has-post-thumbnail","hentry","category-cartelera"],"acf":[],"_links":{"self":[{"href":"https:\/\/vocesparalelas.com.ar\/sitio\/wp-json\/wp\/v2\/posts\/95084","targetHints":{"allow":["GET"]}}],"collection":[{"href":"https:\/\/vocesparalelas.com.ar\/sitio\/wp-json\/wp\/v2\/posts"}],"about":[{"href":"https:\/\/vocesparalelas.com.ar\/sitio\/wp-json\/wp\/v2\/types\/post"}],"author":[{"embeddable":true,"href":"https:\/\/vocesparalelas.com.ar\/sitio\/wp-json\/wp\/v2\/users\/3"}],"replies":[{"embeddable":true,"href":"https:\/\/vocesparalelas.com.ar\/sitio\/wp-json\/wp\/v2\/comments?post=95084"}],"version-history":[{"count":1,"href":"https:\/\/vocesparalelas.com.ar\/sitio\/wp-json\/wp\/v2\/posts\/95084\/revisions"}],"predecessor-version":[{"id":95087,"href":"https:\/\/vocesparalelas.com.ar\/sitio\/wp-json\/wp\/v2\/posts\/95084\/revisions\/95087"}],"wp:featuredmedia":[{"embeddable":true,"href":"https:\/\/vocesparalelas.com.ar\/sitio\/wp-json\/wp\/v2\/media\/46297"}],"wp:attachment":[{"href":"https:\/\/vocesparalelas.com.ar\/sitio\/wp-json\/wp\/v2\/media?parent=95084"}],"wp:term":[{"taxonomy":"category","embeddable":true,"href":"https:\/\/vocesparalelas.com.ar\/sitio\/wp-json\/wp\/v2\/categories?post=95084"},{"taxonomy":"post_tag","embeddable":true,"href":"https:\/\/vocesparalelas.com.ar\/sitio\/wp-json\/wp\/v2\/tags?post=95084"}],"curies":[{"name":"wp","href":"https:\/\/api.w.org\/{rel}","templated":true}]}}