{"id":95075,"date":"2025-12-17T10:22:27","date_gmt":"2025-12-17T13:22:27","guid":{"rendered":"https:\/\/vocesparalelas.com.ar\/sitio\/?p=95075"},"modified":"2025-12-18T21:11:11","modified_gmt":"2025-12-19T00:11:11","slug":"se-desarrolla-la-decimoquinta-sesion-de-la-camara-de-diputados-de-san-juan","status":"publish","type":"post","link":"https:\/\/vocesparalelas.com.ar\/sitio\/se-desarrolla-la-decimoquinta-sesion-de-la-camara-de-diputados-de-san-juan\/","title":{"rendered":"Se desarrolla la Decimoquinta Sesi\u00f3n de la C\u00e1mara de Diputados de San Juan"},"content":{"rendered":"<p>La C\u00e1mara de Diputados de San Juan desarrolla el Jueves, 18 de Diciembre, a las 10 horas, la Decimoquinta Sesi\u00f3n del periodo ordinario, en cuyo transcurso se trata los proyectos de Ley: Presupuesto de la Administraci\u00f3n P\u00fablica Provincial; Modificaci\u00f3n de la Ley 151-I C\u00f3digo Tributario; y Ley Impositiva a\u00f1o fiscal 2026. Pod\u00e9s seguir la transmisi\u00f3n en vivo por el Canal Oficial Youtube<\/p>\n<p><iframe loading=\"lazy\" title=\"15\u00aa Sesi\u00f3n Ordinaria Per\u00edodo 2025 - 18 de diciembre de 2025\" width=\"800\" height=\"450\" src=\"https:\/\/www.youtube.com\/embed\/BuiSn1rQTnA?feature=oembed\" frameborder=\"0\" allow=\"accelerometer; autoplay; clipboard-write; encrypted-media; gyroscope; picture-in-picture; web-share\" referrerpolicy=\"strict-origin-when-cross-origin\" allowfullscreen><\/iframe><\/p>\n<p>&nbsp;<\/p>\n<p dir=\"ltr\">Por otro lado, los legisladores pondr\u00e1n a consideraci\u00f3n en el recinto otros proyectos de Ley: un convenio de Prestaciones M\u00e9dico Asistenciales suscripto entre el Ministerio de Salud y la Firma Mediprest; la Instituci\u00f3n del D\u00eda 25 de Junio como D\u00eda Provincial de Altas Capacidades; y el contrato de comodato celebrado entre la Secretar\u00eda de Estado de Ambiente y Desarrollo Sustentable y Energ\u00eda Provincial Sociedad de Estado (EPSE).<\/p>\n<p dir=\"ltr\">Tambi\u00e9n, tratar\u00e1n diversos proyectos de Resoluci\u00f3n que buscan declarar de inter\u00e9s: el programa televisivo Sentite Joven;\u00a0 la realizaci\u00f3n de los Bel\u00e9n Vivientes en Ullum y en San Mart\u00edn;\u00a0 Feria Encuentro Gastron\u00f3mico y Cultural; el 41\u00ba Congreso Federal de Gu\u00edas de Turismo de la Rep\u00fablica Argentina; el Primer Evento Anual de Mejora Continua e Innovaci\u00f3n; las Pe\u00f1as de la Familia; a 16\u00ba Edici\u00f3n de la Navidad Criolla.<\/p>\n<p dir=\"ltr\">Asimismo, abordar\u00e1n un proyecto de Comunicaci\u00f3n por el que solicita al Poder Ejecutivo informe sobre la mortandad de peces ocurrida en el Dique Cuesta del Viento, Departamento Iglesia.<\/p>\n<p dir=\"ltr\">Por \u00faltimo, someter\u00e1n a votaci\u00f3n una comunicaci\u00f3n Oficial remitida por el Poder Ejecutivo mediante la cual se env\u00eda para su aprobaci\u00f3n la Enmienda N\u00b0 1 del Memor\u00e1ndum de Acuerdo entre el Gobierno de Argentina, Gobierno de San Juan y la UNOPS sobre el Proyecto de Fortalecimiento de la Capacidades de Gesti\u00f3n y Modernizaci\u00f3n del Gobierno de San Juan.<\/p>\n<p dir=\"ltr\"><strong><span style=\"color: #800080;\">Detalles de los temas a tratar<\/span><\/strong><\/p>\n<p dir=\"ltr\"><strong><span style=\"color: #800080;\">Presupuesto 2026<\/span><\/strong><\/p>\n<p dir=\"ltr\">Tras despacho favorable de las comisiones de Legislaci\u00f3n y Asuntos Constitucionales y Hacienda y Presupuesto, el cuerpo Legislativo tratar\u00e1 en el recinto del Proyecto de Ley del Ejecutivo por el que env\u00eda Presupuesto de la Administraci\u00f3n P\u00fablica Provincial, ejercicio Fiscal a\u00f1o 2026.<\/p>\n<p dir=\"ltr\">El presente asunto expone el contexto econ\u00f3mico de la Provincia de San Juan, as\u00ed como las proyecciones de los Recursos, Gastos, Fuentes y Aplicaciones Financieras que fundamentan el Proyecto de Presupuesto. En este marco, se delinean las pol\u00edticas presupuestarias y las prioridades de gasto, organizadas de manera que favorezcan el desarrollo y el crecimiento sostenido de nuestra Provincia.<\/p>\n<p dir=\"ltr\">Cabe se\u00f1alar que el proyecto de presupuesto de la Administraci\u00f3n Provincial expresa la consolidaci\u00f3n de Recursos, y la correspondiente asignaci\u00f3n de los Gastos, poniendo de manifiesto su importancia fundamental, tanto desde el punto de vista de la transparencia de la gesti\u00f3n de gobierno, as\u00ed como su empleo como herramienta de pol\u00edtica econ\u00f3mica y social, y de previsibilidad para el resto de los actores econ\u00f3micos. Se realiza un an\u00e1lisis detallado de las caracter\u00edsticas del Presupuesto de la Administraci\u00f3n P\u00fablica Provincial, presentando tanto los recursos como los gastos desde una perspectiva econ\u00f3mica, as\u00ed como el destino de las erogaciones seg\u00fan finalidad y funci\u00f3n. Se incluyen tambi\u00e9n los detalles del Presupuesto Consolidado de la Administraci\u00f3n P\u00fablica Provincial, (Administraci\u00f3n Central, los Organismos Descentralizados, los Poderes Legislativo y Judicial y los Fondos Fiduciarios), que junto a las Obras Sociales, otros Entes y Empresas del Estado, conforman el Sector P\u00fablico Provincial.<\/p>\n<p dir=\"ltr\">Se adjunta adem\u00e1s, un informe sobre la estimaci\u00f3n del Gasto Tributario, en cumplimiento a lo determinado por el art\u00edculo 18\u00b0 de la Ley de Responsabilidad Fiscal N\u00b0 25.917, normativa a la que la Provincia de San Juan se adhiere mediante las Leyes N\u00b0 828- I y 1754-1.<\/p>\n<p dir=\"ltr\">El mismo ha sido formulado conforme a lo dispuesto por la Constituci\u00f3n Provincial, siguiendo los principios fundamentales que rigen las Finanzas P\u00fablicas y la estructura jur\u00eddico-econ\u00f3mica del Estado Provincial. Este se ajusta a las normas presupuestarias de Unidad, Universalidad, Anualidad y Equilibrio, en cumplimiento de los lineamientos establecidos por la Ley Provincial N\u00ba 2476-1 de Administraci\u00f3n Financiera y Control Interno.<\/p>\n<p dir=\"ltr\">El Proyecto ha sido desarrollado en coherencia con el marco macro-fiscal definido por el Gobierno Nacional, a trav\u00e9s del Consejo Federal de Responsabilidad Fiscal, &#8216;y en conformidad con lo dispuesto por el art\u00edculo 2\u00ba de la Ley Nacional N\u00b0 25.917 (texto sustituido por el art\u00edculo 1\u00b0 de la Ley 27.428).<\/p>\n<p dir=\"ltr\">En la fundamentaci\u00f3n semana que este propuesta de presupuesto refleja el firme compromiso de mantener y consolidar el equilibrio fiscal como pol\u00edtica de estado, siendo esencial para mantener la buena Salud de las finanzas p\u00fablicas del estado provincial. Bajo esta consigna se\u00a0inscribe la prioridad de apuntalar servicios esenciales tales como salud, educaci\u00f3n y seguridad, con el compromiso de que tales servicios sean eficientes y permitan contribuir al mayor bienestar de los sanjuaninos.<\/p>\n<p dir=\"ltr\">A trav\u00e9s de este proyecto de presupuesto, se prioriza el desarrollo estrat\u00e9gico del capital humano, articulando la inserci\u00f3n laboral a trav\u00e9s del programa \u00abAprender, trabajar y producir\u00bb con una pol\u00edtica educativa s\u00f3lida que integra alfabetizaci\u00f3n, finanzas y competencias digitales. De esta manera, se busca impulsar los proyectos de vida de los sanjuaninos con herramientas concretas, favoreciendo tanto su ingreso al mercado laboral como su pleno crecimiento personal.<\/p>\n<p dir=\"ltr\">En cuanto a la metodolog\u00eda empleada para la formulaci\u00f3n del presupuesto, la Provincia mantiene el enfoque de \u00abPresupuesto por Programas orientado a resultados\u00bb.<\/p>\n<p dir=\"ltr\">Durante el proceso de elaboraci\u00f3n del presupuesto, se han establecido techos presupuestarios que consideran la recaudaci\u00f3n proyectada para el pr\u00f3ximo ejercicio, con el objetivo de asegurar una distribuci\u00f3n equitativa de los recursos y cumplir con los objetivos del Estado Provincial.<\/p>\n<p dir=\"ltr\">Se considera que un buen manejo de las finanzas p\u00fablicas permitir\u00e1 dar un fuerte impulso a la obra p\u00fablica, frente a la coyuntura del escenario nacional actual de reducci\u00f3n de transferencias a las provincias, continuando con importantes obras de infraestructura tales como viviendas, red vial, canales de riego, hospitales y escuelas, entre otros.<\/p>\n<p dir=\"ltr\">El presupuesto resulta ser una herramienta del desarrollo econ\u00f3mico de la provincia, con el cual se busca promover inversiones que incrementen la capacidad productiva e infraestructura econ\u00f3mica de San Juan colocando a la provincia en un sendero virtuoso de crecimiento sostenible.<\/p>\n<p dir=\"ltr\"><strong><span style=\"color: #800080;\">Modificaci\u00f3n del C\u00f3digo Tributario<\/span><\/strong><\/p>\n<p dir=\"ltr\">Con despacho tambi\u00e9n de las comisiones de Legislaci\u00f3n y Asuntos Constitucionales y Hacienda y Presupuesto, los diputados tratar\u00e1n el Proyecto de Ley del Ejecutivo que propone la modificaci\u00f3n de la Ley N\u00b0 151-1 C\u00f3digo Tributario.<\/p>\n<p dir=\"ltr\">Teniendo en cuenta\u00a0 el contexto econ\u00f3mico, la Provincia de San Juan mediante la Ley de Presupuesto para el A\u00f1o Fiscal 2026, defini\u00f3 las pol\u00edticas presupuestarias y las prioridades del gasto, a trav\u00e9s de la distribuci\u00f3n del mismo, con un enfoque de proyecci\u00f3n hacia la sociedad, que permita el crecimiento como Provincia.<\/p>\n<p dir=\"ltr\">Cabe destacar que la seguridad jur\u00eddica es un pilar fundamental para el desarrollo econ\u00f3mico y social, garantizando la confianza de los ciudadanos y promoviendo la inversi\u00f3n y el cumplimiento de las normas. Uno de los ejes primordiales, es la transparencia en la gesti\u00f3n p\u00fablica y constituye un elemento clave para fortalecerla, permitiendo a los ciudadanos conocer las decisiones y acciones de las autoridades.<\/p>\n<p dir=\"ltr\">Las modificaciones que se proponen con el presente Proyecto de Ley tienden a fortalecer y arreciar el marco legal tributario, estableciendo criterios m\u00e1s claros para su aplicaci\u00f3n. En este sentido el despacho emitido introduce sustituciones en diversos art\u00edculos del C\u00f3digo Tributario, entre ellos los referidos a la definici\u00f3n de contribuyentes (art\u00edculo 9), la responsabilidad solidaria de responsables y terceros (art\u00edculo 12), los deberes formales y el r\u00e9gimen sancionatorio (art\u00edculos 49 y 53), el hecho imponible del Impuesto sobre los Ingresos Brutos (art\u00edculo 102), las exenciones subjetivas y objetivas (art\u00edculos 119 y 120), el r\u00e9gimen simplificado provincial (art\u00edculo 135), disposiciones vinculadas al Impuesto de Sellos (art\u00edculos 171 y 177), tasas retributivas de servicios (art\u00edculo 212) y el Impuesto a la Radicaci\u00f3n de Automotores (art\u00edculo 258).<\/p>\n<p dir=\"ltr\"><strong><span style=\"color: #800080;\">Ley Impositiva A\u00f1o Fiscal 2026<\/span><\/strong><\/p>\n<p dir=\"ltr\">Asimismo, la Legislatura tratar\u00e1 el proyecto de Ley Impositiva para el A\u00f1o Fiscal 2026, con despacho positivo de las comisiones de Legislaci\u00f3n y Asuntos Constitucionales y Hacienda y Finanzas P\u00fablicas, que establece\u00a0los lineamientos de la pol\u00edtica tributaria que el Poder Ejecutivo propone llevar a cabo en la Provincia durante el a\u00f1o 2026, con el prop\u00f3sito de contribuir a una m\u00e1s equitativa distribuci\u00f3n de las cargas fiscales, como as\u00ed tambi\u00e9n, de continuar con la optimizaci\u00f3n de los efectos econ\u00f3micos del sistema.<\/p>\n<p dir=\"ltr\">Resulta imperioso destacar que, en el marco de los tributos bajo la \u00f3rbita de la Direcci\u00f3n General de Rentas, para el pr\u00f3ximo periodo fiscal, se mantiene en general, el esquema de las al\u00edcuotas y tasas, con el fin de coadyuvar el proceso econ\u00f3mico provincial, evitando que recaigan sobre \u00e9ste los efectos de la econom\u00eda en general del pa\u00eds y teniendo presente, adem\u00e1s, el escenario que se proyecta derivado de las acciones del Gobierno Nacional. Este accionar permitir\u00e1 acompa\u00f1ar por parte del Poder Ejecutivo Provincial, la reactivaci\u00f3n proyectada de la econom\u00eda provincial, evitando incrementar el costo operativo de los procesos productivos de todos los sectores que la conforman.<\/p>\n<p dir=\"ltr\"><strong><span style=\"color: #800080;\">Convenio de Prestaciones M\u00e9dico Asistenciales<\/span><\/strong><\/p>\n<p dir=\"ltr\">Tras despacho favorable de las comisiones de Legislaci\u00f3n y Asuntos Constitucionales; Hacienda y Presupuesto; y Salud y Discapacidad, la C\u00e1mara de Diputados tratar\u00e1 un proyecto de Ley del Poder Ejecutivo,\u00a0 que propone ratificar el Convenio de Prestaciones M\u00e9dico Asistenciales, suscripto entre el Ministerio de Salud de la Provincia y la Firma Mediprest SRL.<\/p>\n<p dir=\"ltr\">El prop\u00f3sito es realizar el servicio de prestaciones anestesiol\u00f3gicas en las intervenciones quir\u00fargicas y estudios ordenadas, diagramadas, previstas y administradas por el Ministerio de Salud para los hospitales y centros de salud de la periferia de la provincia de San Juan, incluyendo provisi\u00f3n de profesionales t\u00e9cnicos anestesi\u00f3logos en forma mensual, seg\u00fan la demanda del lugar y de acuerdo con su capacidad instalada y la disponibilidad de esta.<\/p>\n<p dir=\"ltr\"><strong><span style=\"color: #800080;\">Contrato de comodato con EPSE<\/span><\/strong><\/p>\n<p dir=\"ltr\">Con despacho favorable de las comisiones de Legislaci\u00f3n y Asuntos Constitucionales; Ambiente y Desarrollo Sostenible; y Hacienda y Presupuesto, el cuerpo Legislativo pondr\u00e1 la comunicaci\u00f3n oficial remitida por el Poder Ejecutivo, mediante mensaje N\u00b0 73, por la que se env\u00eda para su aprobaci\u00f3n el contrato de comodato celebrado entre la Secretar\u00eda de Estado de Ambiente y Desarrollo Sustentable y Energ\u00eda Provincial Sociedad del Estado (EPSE) por el que se entrega en comodato un inmueble destinado al Proyecto de Valorizaci\u00f3n Energ\u00e9tica de Residuos S\u00f3lidos Urbanos (Proyecto VERSU).<\/p>\n<p dir=\"ltr\"><strong><span style=\"color: #800080;\">D\u00eda Provincial de las Altas Capacidades<\/span><\/strong><\/p>\n<p dir=\"ltr\">Tras despacho positivo de las comisiones de Legislaci\u00f3n y Asuntos Constitucionales y Salud y Discapacidad, el cuerpo parlamentario tratar\u00e1 el proyecto de Ley presentado por el bloque Justicialista, por el que se instituye el D\u00eda 25 de Junio como D\u00eda Provincial de las Altas Capacidades.<\/p>\n<p dir=\"ltr\">El objetivo de establecer un d\u00eda de las Altas Capacidades, es el de difundir informaci\u00f3n, concientizar sobre las maneras de detectarlas y brindar las acciones necesarias para poder acompa\u00f1ar un desarrollo apropiado.<\/p>\n<p dir=\"ltr\">La elecci\u00f3n del 25 de junio, es en conmemoraci\u00f3n al primer encuentro nacional realizado en el a\u00f1o 2016, por Embajadores de Altas Capacidades Intelectuales de Argentina, actualmente transformado en la Asociaci\u00f3n Altas Capacidades Argentina.<\/p>\n<p dir=\"ltr\">Cabe se\u00f1alar que las personas con altas capacidades son aquellas que presentan capacidades excepcionales en una o varias funciones cognitivas, o \u00e1reas del desarrollo, e implican un potencial, no necesariamente reflejado en el rendimiento acad\u00e9mico.<\/p>\n<p dir=\"ltr\"><span style=\"color: #800080;\"><strong>Memor\u00e1ndum de Acuerdo entre el Gobierno Nacional, Provincial y la Oficina de las Naciones Unidas de Servicios<\/strong><\/span><\/p>\n<p dir=\"ltr\">Sobre tablas, la Legislatura tratar\u00e1 la comunicaci\u00f3n oficial remitida por el Poder Ejecutivo, por la que se env\u00eda para su aprobaci\u00f3n la Enmienda N\u00b01 del Memor\u00e1ndum de Acuerdo entre el Gobierno de la Rep\u00fablica Argentina, el Gobierno de San Juan y la Oficina de las Naciones Unidas de Servicios para Proyectos, acerca de servicios que han de ser proporcionados por UNOPS con respecto al proyecto \u00abFortalecimiento de las capacidades de gesti\u00f3n y modernizaci\u00f3n del Gobierno de la Provincia de San Juan\u00bb.<\/p>\n<p dir=\"ltr\"><strong><span style=\"color: #800080;\">Proyecto de Resoluci\u00f3n<\/span><\/strong><\/p>\n<p dir=\"ltr\">En la Decimoquinta Sesi\u00f3n, tratar\u00e1n los siguientes Proyectos de Resoluci\u00f3n que buscan declarar de inter\u00e9s:<\/p>\n<ul>\n<li dir=\"ltr\" aria-level=\"1\">\n<p dir=\"ltr\" role=\"presentation\"><strong><span style=\"color: #800080;\">Cultural y social<\/span><\/strong> el Programa televisivo Sentite Joven,\u00a0producido y emitido en la provincia de San Juan de lunes a viernes de 9 a 10 hs por Canal 5 Telesol, cuya propuesta se ha constituido en un espacio de promoci\u00f3n de h\u00e1bitos saludables y bienestar integral. (Interbloque Cambia San Juan)<\/p>\n<\/li>\n<li dir=\"ltr\" aria-level=\"1\">\n<p dir=\"ltr\" role=\"presentation\"><strong><span style=\"color: #800080;\">Cultural, social y comunitario<\/span><\/strong> la realizaci\u00f3n del Bel\u00e9n Viviente, organizado por la Municipalidad de Ullum que tendr\u00e1 lugar el 3 de enero del a\u00f1o 2026, en el departamento de Ullum. (Bloque Mejor Nosotros)<\/p>\n<\/li>\n<li dir=\"ltr\" aria-level=\"1\">\n<p dir=\"ltr\" role=\"presentation\"><strong><span style=\"color: #800080;\">\u00a0Social y cultural<\/span><\/strong>, la Feria del Encuentro Gastron\u00f3mico,\u00a0que se desarrolla todos los s\u00e1bados del mes de enero del a\u00f1o 2026 en el sector de Plaza Seca, ingreso a Playa Hermosa, Departamento Ullum. (Bloque Mejor Nosotros)<\/p>\n<\/li>\n<li dir=\"ltr\" aria-level=\"1\">\n<p dir=\"ltr\" role=\"presentation\"><strong><span style=\"color: #800080;\">Social, cultural, educativo y tur\u00edstico,<\/span><\/strong> el 41\u00ba Congreso Federal de Gu\u00edas de Turismo de la Rep\u00fablica Argentina,\u00a0a desarrollarse desde el d\u00eda 28 hasta el d\u00eda 31 de mayo de 2026, en la provincia de San Juan.\u00a0 (Interbloque Cambia San Juan)<\/p>\n<\/li>\n<li dir=\"ltr\" aria-level=\"1\">\n<p dir=\"ltr\" role=\"presentation\"><strong><span style=\"color: #800080;\">Social, cultural y econ\u00f3mico<\/span> <\/strong>el Primer Evento Anual de Mejora Continua e Innovaci\u00f3n,\u00a0a desarrollarse el d\u00eda 20 de marzo de 2026 en el auditorio Eloy Camus. (Interbloque Cambia San Juan)<\/p>\n<\/li>\n<li dir=\"ltr\" aria-level=\"1\">\n<p dir=\"ltr\" role=\"presentation\"><strong><span style=\"color: #800080;\">Religioso, cultural y tur\u00edstico<\/span> <\/strong>el espect\u00e1culo denominado Bel\u00e9n Viviente de San Mart\u00edn,\u00a0organizado por la Municipalidad de San Mart\u00edn que se lleva a cabo el 25 de diciembre de 2025. (Bloque Crecer)<\/p>\n<\/li>\n<li dir=\"ltr\" aria-level=\"1\">\n<p dir=\"ltr\" role=\"presentation\"><strong><span style=\"color: #800080;\">Cultural y tur\u00edstico<\/span><\/strong> Las Pe\u00f1as de la Familia, organizado por la Municipalidad de San Mart\u00edn, a desarrollarse todos los s\u00e1bados de enero del 2026.(Bloque Crecer)<\/p>\n<\/li>\n<li dir=\"ltr\" aria-level=\"1\">\n<p dir=\"ltr\" role=\"presentation\"><strong><span style=\"color: #800080;\">Social y cultural<\/span><\/strong> la 16\u00ba Edici\u00f3n de la Navidad Criolla, organizada por la Comisi\u00f3n Directiva de la Biblioteca Mariano Moreno de Villa Krause, destacando su aporte al fortalecimiento de las tradiciones y la identidad cultural de San Juan, a realizarse el d\u00eda 20 de diciembre del corriente a\u00f1o. (Bloque Justicialista)<\/p>\n<\/li>\n<\/ul>\n<p dir=\"ltr\"><strong><span style=\"color: #800080;\">Proyecto de Comunicaci\u00f3n<\/span><\/strong><\/p>\n<p dir=\"ltr\">Para finalizar, el cuerpo Legislativo pondr\u00e1 a consideraci\u00f3n un proyecto de Comunicaci\u00f3n presentado por el Bloque Bloquista, por el que se solicita el Poder Ejecutivo Provincial, a trav\u00e9s de los organismos competentes, informe de manera oficial, detallada y circunstanciada acerca de las actuaciones realizadas, las que se encuentran actualmente en curso y las que se proyectan llevar adelante en relaci\u00f3n al hecho ocurrido en los \u00faltimos d\u00edas en el Dique Cuesta del Viento, que se encuentra en el Departamento de Iglesia, vinculado a la mortandad de peces. Asimismo, que dicho informe precise, entre otros aspectos relevantes: Los estudios, muestreos y an\u00e1lisis t\u00e9cnicos efectuados.<\/p>\n<p dir=\"ltr\">Los resultados obtenidos hasta el momento. Las medidas preventivas, correctivas y de control ambiental adoptadas Las acciones de monitoreo previstas a corto, mediano y largo plazo.<\/p>\n<p dir=\"ltr\"><strong><span style=\"color: #800080;\">Proyectos que ser\u00e1n girados a comisiones<\/span><\/strong><\/p>\n<p dir=\"ltr\">En la ocasi\u00f3n, tomar\u00e1n estado parlamentario los siguientes Proyectos:<\/p>\n<ul>\n<li dir=\"ltr\" aria-level=\"1\">\n<p dir=\"ltr\" role=\"presentation\">Expediente N\u00ba 2977-2025:\u00a0Comunicaci\u00f3n Oficial remitida por el Poder Ejecutivo, mediante mensaje N\u00b0 78, por la que se env\u00eda para su aprobaci\u00f3n el Convenio celebrado entre el Ministerio de Familia y Desarrollo Humano y el Concejo Profesional de Ciencias Econ\u00f3micas de San Juan, que tiene por objeto establecer acciones de cooperaci\u00f3n orientadas a capacitaciones. (Comisiones: Legislaci\u00f3n y Asuntos Constitucionales\/ Desarrollo Humano y Laboral\/ Hacienda y Presupuesto).<\/p>\n<\/li>\n<li dir=\"ltr\" aria-level=\"1\">\n<p dir=\"ltr\" role=\"presentation\">Expediente N\u00ba 2922-2025:\u00a0Proyecto Ley presentado por el bloque Bloquista, por el que se garantiza la participaci\u00f3n institucional obligatoria del diputado departamental en los fideicomisos mineros. (Comisiones: Legislaci\u00f3n y Asuntos Constitucionales\/ Miner\u00eda y Energ\u00eda\/ Hacienda y Presupuesto).<\/p>\n<\/li>\n<li dir=\"ltr\" aria-level=\"1\">\n<p dir=\"ltr\" role=\"presentation\">Expediente N\u00ba 2926-2025: Proyecto de Comunicaci\u00f3n presentado por el bloque Bloquista, por el que solicita al Poder Ejecutivo la pavimentaci\u00f3n de tramos viales estrat\u00e9gicos en el Departamento Iglesia. (Comisi\u00f3n: Obras y Servicios P\u00fablicos)<\/p>\n<\/li>\n<\/ul>\n<p dir=\"ltr\">Por \u00faltimo, la Legislatura tomar\u00e1 conocimiento de las siguientes Comunicaciones Particulares presentadas por:<\/p>\n<ul>\n<li dir=\"ltr\" aria-level=\"1\">\n<p dir=\"ltr\" role=\"presentation\">Sergio Molina del sector de agencias de taxis y remises, por el que manifiesta su preocupaci\u00f3n en la no inclusi\u00f3n de las agencias de taxis y remises en el proyecto de ley.<\/p>\n<\/li>\n<li dir=\"ltr\" aria-level=\"1\">\n<p dir=\"ltr\" role=\"presentation\">El Foro de Abogados de San Juan, por la que se presenta lista de matriculados electos para integrar el Directorio y el Tribunal de Disciplina.<\/p>\n<\/li>\n<li dir=\"ltr\" aria-level=\"1\">\n<p dir=\"ltr\" role=\"presentation\">El Foro de Abogados de San Juan, por la que se presenta lista de matriculados electos para integrar el Jurado de Enjuiciamiento.<\/p>\n<\/li>\n<\/ul>\n<figure id=\"attachment_37951\" aria-describedby=\"caption-attachment-37951\" style=\"width: 800px\" class=\"wp-caption alignnone\"><img loading=\"lazy\" decoding=\"async\" class=\"size-full wp-image-37951\" src=\"https:\/\/vocesparalelas.com.ar\/sitio\/wp-content\/uploads\/2021\/05\/CAMARA-EDIFICIO.jpg\" alt=\"\" width=\"800\" height=\"515\" srcset=\"https:\/\/vocesparalelas.com.ar\/sitio\/wp-content\/uploads\/2021\/05\/CAMARA-EDIFICIO.jpg 800w, https:\/\/vocesparalelas.com.ar\/sitio\/wp-content\/uploads\/2021\/05\/CAMARA-EDIFICIO-300x193.jpg 300w, https:\/\/vocesparalelas.com.ar\/sitio\/wp-content\/uploads\/2021\/05\/CAMARA-EDIFICIO-768x494.jpg 768w\" sizes=\"auto, (max-width: 800px) 100vw, 800px\" \/><figcaption id=\"caption-attachment-37951\" class=\"wp-caption-text\">Legislatura Provincial de San Juan, Rep\u00fablica Argentina<\/figcaption><\/figure>\n","protected":false},"excerpt":{"rendered":"<p>La C\u00e1mara de Diputados de San Juan desarrolla el Jueves, 18 de Diciembre, a las 10 horas, la Decimoquinta Sesi\u00f3n<\/p>\n","protected":false},"author":3,"featured_media":8062,"comment_status":"closed","ping_status":"closed","sticky":false,"template":"","format":"standard","meta":{"_acf_changed":false,"_seopress_robots_primary_cat":"none","_seopress_titles_title":"","_seopress_titles_desc":"","_seopress_robots_index":"","colormag_page_container_layout":"default_layout","colormag_page_sidebar_layout":"default_layout","footnotes":""},"categories":[1,7],"tags":[],"class_list":["post-95075","post","type-post","status-publish","format-standard","has-post-thumbnail","hentry","category-destacadas","category-videos"],"acf":[],"_links":{"self":[{"href":"https:\/\/vocesparalelas.com.ar\/sitio\/wp-json\/wp\/v2\/posts\/95075","targetHints":{"allow":["GET"]}}],"collection":[{"href":"https:\/\/vocesparalelas.com.ar\/sitio\/wp-json\/wp\/v2\/posts"}],"about":[{"href":"https:\/\/vocesparalelas.com.ar\/sitio\/wp-json\/wp\/v2\/types\/post"}],"author":[{"embeddable":true,"href":"https:\/\/vocesparalelas.com.ar\/sitio\/wp-json\/wp\/v2\/users\/3"}],"replies":[{"embeddable":true,"href":"https:\/\/vocesparalelas.com.ar\/sitio\/wp-json\/wp\/v2\/comments?post=95075"}],"version-history":[{"count":1,"href":"https:\/\/vocesparalelas.com.ar\/sitio\/wp-json\/wp\/v2\/posts\/95075\/revisions"}],"predecessor-version":[{"id":95078,"href":"https:\/\/vocesparalelas.com.ar\/sitio\/wp-json\/wp\/v2\/posts\/95075\/revisions\/95078"}],"wp:featuredmedia":[{"embeddable":true,"href":"https:\/\/vocesparalelas.com.ar\/sitio\/wp-json\/wp\/v2\/media\/8062"}],"wp:attachment":[{"href":"https:\/\/vocesparalelas.com.ar\/sitio\/wp-json\/wp\/v2\/media?parent=95075"}],"wp:term":[{"taxonomy":"category","embeddable":true,"href":"https:\/\/vocesparalelas.com.ar\/sitio\/wp-json\/wp\/v2\/categories?post=95075"},{"taxonomy":"post_tag","embeddable":true,"href":"https:\/\/vocesparalelas.com.ar\/sitio\/wp-json\/wp\/v2\/tags?post=95075"}],"curies":[{"name":"wp","href":"https:\/\/api.w.org\/{rel}","templated":true}]}}