{"id":95035,"date":"2025-12-17T11:59:39","date_gmt":"2025-12-17T14:59:39","guid":{"rendered":"https:\/\/vocesparalelas.com.ar\/sitio\/?p=95035"},"modified":"2025-12-17T12:00:49","modified_gmt":"2025-12-17T15:00:49","slug":"se-definio-el-temario-de-la-decimoquinta-sesion-en-labor-parlamentaria-de-san-juan","status":"publish","type":"post","link":"https:\/\/vocesparalelas.com.ar\/sitio\/se-definio-el-temario-de-la-decimoquinta-sesion-en-labor-parlamentaria-de-san-juan\/","title":{"rendered":"Se defini\u00f3 el temario de la Decimoquinta Sesi\u00f3n en Labor Parlamentaria de San Juan"},"content":{"rendered":"<div class=\"com-content-article__body\">\n<p>El Martes, 16 de Diciembre, los diputados titulares de los bloques que integran la C\u00e1mara de Di\u00fatados de San Juan conformaron el Orden del D\u00eda de la Decimoquinta Sesi\u00f3n que tendr\u00e1 lugar el Jueves. 18 de Diciembre, a las 10 horas.<\/p>\n<p>La reuni\u00f3n de labor se llev\u00f3 a cabo en el cuarto piso del edificio Anexo y estuvo encabezada por el vicegobernador Dr. Fabi\u00e1n Mart\u00edn. Particip\u00f3, adem\u00e1s, el secretario Legislativo, Dr. Gustavo Velert; el vicepresidente primero, diputado Dr. Enzo Cornejo; la vicepresidente segunda, CPN Marisa L\u00f3pez y el vicepresidente alterno, Gustavo Deguer.<\/p>\n<p>Tambi\u00e9n, estuvieron presentes los presidentes de los siguientes bloques legislativos: Producci\u00f3n y Trabajo, Juan de la Cruz C\u00f3rdoba; Bloquista, legislador Luis Rueda; San Juan Vuelve \u2013 P.T.P., UCR, Alejandra Leonardo; Actuar, legislador Gustavo Usin; La Libertad Avanza \u2013 ADN, Fernando Patinella; Justicialista, diputado Juan Carlos Quiroga Moyano; bloque Crecer, Marta Gramajo; y bloque Del Este, Marcelo Mallea.<\/p>\n<p><strong><span style=\"color: #800080;\">Temas definidos para su tratamiento<\/span><\/strong><\/p>\n<p><strong><span style=\"color: #800080;\">Durante la sesi\u00f3n se abordan en el recinto los siguientes expedientes:<\/span><\/strong><\/p>\n<ul>\n<li><span style=\"color: #800080;\"><strong>N\u00ba 2931:<\/strong><\/span>\u00a0\u00a0Despacho de las Comisiones de Legislaci\u00f3n y Asuntos Constitucionales y Hacienda y Presupuesto, en la Comunicaci\u00f3n Oficial remitida por el Poder Ejecutivo, mediante Mensaje N\u00b0 75, proyecto de ley por la que env\u00eda Presupuesto de la Administraci\u00f3n P\u00fablica Provincial, ejercicio Fiscal a\u00f1o 2026.<\/li>\n<li><span style=\"color: #800080;\"><strong>\u00a0N\u00ba 2932:<\/strong>\u00a0<\/span>Despacho de la Comisiones de Legislaci\u00f3n y Asuntos Constitucionales y Hacienda y Presupuesto, en la Comunicaci\u00f3n Oficial remitida por el Poder Ejecutivo, mediante Mensaje N\u00b0 76, proyecto de ley que modifica la Ley 151-1 C\u00f3digo Tributario.<\/li>\n<li><span style=\"color: #800080;\">\u00a0<\/span><strong><span style=\"color: #800080;\">N\u00ba 2933:<\/span>\u00a0<\/strong>Despacho de la Comisiones de Legislaci\u00f3n y Asuntos Constitucionales y Hacienda y Presupuesto, en la Comunicaci\u00f3n Oficial remitido por el Poder Ejecutivo, mediante mensaje N\u00b0 77, proyecto de Ley impositiva a\u00f1o fiscal 2026.<\/li>\n<li><span style=\"color: #800080;\"><strong>N\u00ba 2904:<\/strong><\/span>\u00a0Despacho de las Comisiones de Legislaci\u00f3n y Asuntos Constitucionales y Hacienda y Presupuesto y Salud y Discapacidad, en la Comunicaci\u00f3n Oficial remitida por el Poder Ejecutivo, mediante Mensaje N\u00b0 64, por la que se env\u00eda para su aprobaci\u00f3n el Convenio de Prestaciones M\u00e9dico Asistenciales suscripto entre el Ministerio de Salud de la Provincia y la Firma Mediprest SRL.<\/li>\n<li><strong><span style=\"color: #800080;\">N\u00ba 1611:<\/span>\u00a0<\/strong>Despacho de las Comisiones de Legislaci\u00f3n y Asuntos Constitucionales y Salud y Discapacidad, en el Proyecto Ley presentado por el bloque Justicialista, por el que se instituye el D\u00eda 25 junio como D\u00eda Provincial de Altas Capacidades.<\/li>\n<li><span style=\"color: #800080;\"><strong>\u00a0N\u00ba 2892:<\/strong><\/span>\u00a0Despacho de las Comisiones de Legislaci\u00f3n y Asuntos Constitucionales Ambiente y Desarrollo Sostenible, y Hacienda y Presupuesto, en la Comunicaci\u00f3n Oficial remitida por el Poder Ejecutivo, mediante mensaje N\u00b0 73, por la que env\u00eda para su aprobaci\u00f3n contrato de comodato celebrado entre la Secretar\u00eda de Estado de Ambiente y Desarrollo Sustentable y Energ\u00eda Provincial Sociedad del Estado (EPSE) por el que se entrega en comodato un inmueble destinado al Proyecto de Valorizaci\u00f3n Energ\u00e9tica de Residuos S\u00f3lidos Urbanos (Proyecto VERSU)<\/li>\n<\/ul>\n<p><strong><span style=\"color: #800080;\">Tambi\u00e9n tablas los siguientes proyectos:\u00a0<\/span><\/strong><\/p>\n<ul>\n<li><span style=\"color: #800080;\"><strong>N\u00ba 2912<\/strong>:<\/span> Proyecto de Resoluci\u00f3n presentado por interbloque Cambia San Juan, por el que se declara de inter\u00e9s el programa televisivo SENTITE JOVEN.<\/li>\n<li><span style=\"color: #800080;\"><strong>N\u00ba 2940:<\/strong><\/span>\u00a0Proyecto de Resoluci\u00f3n presentado por el bloque Mejor Nosotros por el que se declara de inter\u00e9s la realizaci\u00f3n del Bel\u00e9n Viviente, que se realiza en el Departamento Ullum.<\/li>\n<li><span style=\"color: #800080;\"><strong>\u00a0N\u00ba 2941<\/strong>:<\/span> Proyecto de Resoluci\u00f3n presentado por bloque Mejor Nosotros por el que se declara de inter\u00e9s la Feria Encuentro Gastron\u00f3mico y Cultural.<\/li>\n<li><span style=\"color: #800080;\"><strong>N\u00ba 2958:<\/strong>\u00a0<\/span>Proyecto de Resoluci\u00f3n presentado por el interbloque Cambia San Juan por el que se declara de inter\u00e9s el Primer Evento Anual de Mejora Continua e Innovaci\u00f3n.<\/li>\n<li><span style=\"color: #800080;\"><strong>N\u00ba 2957:<\/strong><\/span>\u00a0Proyecto de Resoluci\u00f3n presentado por el interbloque Cambia San Juan por el que se declara de inter\u00e9s el 41\u00ba Congreso Federal de Gu\u00edas de Turismo de la Rep\u00fablica Argentina.<\/li>\n<li><span style=\"color: #800080;\"><strong>N\u00ba 2961:<\/strong><\/span>\u00a0Proyecto de Resoluci\u00f3n presentado por el bloque Crecer, por el que se declara de inter\u00e9s el Bel\u00e9n Viviente de San Martin.<\/li>\n<li>\u00a0<strong><span style=\"color: #800080;\">N\u00ba 2962:<\/span>\u00a0<\/strong>Proyecto de Resoluci\u00f3n presentado por el bloque Crecer por el que se declara de inter\u00e9s las Pe\u00f1as de la Familia.<\/li>\n<li>\u00a0<span style=\"color: #800080;\"><strong>N\u00ba 2964:<\/strong><\/span>\u00a0Proyecto de Resoluci\u00f3n presentado por el bloque Justicialista por el que se declara de inter\u00e9s la 16\u00b0 Edici\u00f3n de la Navidad Criolla.<\/li>\n<li><span style=\"color: #800080;\"><strong>N\u00ba 2925:\u00a0<\/strong><\/span>Proyecto de Comunicaci\u00f3n presentado por el bloque Bloquista por el que solicita al Poder Ejecutivo informe sobre la mortandad de los peces ocurrida en el Dique Cuesta del Viento, departamento Iglesia.<\/li>\n<\/ul>\n<figure id=\"attachment_37951\" aria-describedby=\"caption-attachment-37951\" style=\"width: 800px\" class=\"wp-caption alignnone\"><img loading=\"lazy\" decoding=\"async\" class=\"size-full wp-image-37951\" src=\"https:\/\/vocesparalelas.com.ar\/sitio\/wp-content\/uploads\/2021\/05\/CAMARA-EDIFICIO.jpg\" alt=\"\" width=\"800\" height=\"515\" srcset=\"https:\/\/vocesparalelas.com.ar\/sitio\/wp-content\/uploads\/2021\/05\/CAMARA-EDIFICIO.jpg 800w, https:\/\/vocesparalelas.com.ar\/sitio\/wp-content\/uploads\/2021\/05\/CAMARA-EDIFICIO-300x193.jpg 300w, https:\/\/vocesparalelas.com.ar\/sitio\/wp-content\/uploads\/2021\/05\/CAMARA-EDIFICIO-768x494.jpg 768w\" sizes=\"auto, (max-width: 800px) 100vw, 800px\" \/><figcaption id=\"caption-attachment-37951\" class=\"wp-caption-text\">Legislatura Provincial de San Juan, Rep\u00fablica Argentina<\/figcaption><\/figure>\n<\/div>\n","protected":false},"excerpt":{"rendered":"<p>El Martes, 16 de Diciembre, los diputados titulares de los bloques que integran la C\u00e1mara de Di\u00fatados de San Juan<\/p>\n","protected":false},"author":3,"featured_media":8062,"comment_status":"closed","ping_status":"closed","sticky":false,"template":"","format":"standard","meta":{"_acf_changed":false,"_seopress_robots_primary_cat":"none","_seopress_titles_title":"","_seopress_titles_desc":"","_seopress_robots_index":"","colormag_page_container_layout":"default_layout","colormag_page_sidebar_layout":"default_layout","footnotes":""},"categories":[1],"tags":[],"class_list":["post-95035","post","type-post","status-publish","format-standard","has-post-thumbnail","hentry","category-destacadas"],"acf":[],"_links":{"self":[{"href":"https:\/\/vocesparalelas.com.ar\/sitio\/wp-json\/wp\/v2\/posts\/95035","targetHints":{"allow":["GET"]}}],"collection":[{"href":"https:\/\/vocesparalelas.com.ar\/sitio\/wp-json\/wp\/v2\/posts"}],"about":[{"href":"https:\/\/vocesparalelas.com.ar\/sitio\/wp-json\/wp\/v2\/types\/post"}],"author":[{"embeddable":true,"href":"https:\/\/vocesparalelas.com.ar\/sitio\/wp-json\/wp\/v2\/users\/3"}],"replies":[{"embeddable":true,"href":"https:\/\/vocesparalelas.com.ar\/sitio\/wp-json\/wp\/v2\/comments?post=95035"}],"version-history":[{"count":1,"href":"https:\/\/vocesparalelas.com.ar\/sitio\/wp-json\/wp\/v2\/posts\/95035\/revisions"}],"predecessor-version":[{"id":95038,"href":"https:\/\/vocesparalelas.com.ar\/sitio\/wp-json\/wp\/v2\/posts\/95035\/revisions\/95038"}],"wp:featuredmedia":[{"embeddable":true,"href":"https:\/\/vocesparalelas.com.ar\/sitio\/wp-json\/wp\/v2\/media\/8062"}],"wp:attachment":[{"href":"https:\/\/vocesparalelas.com.ar\/sitio\/wp-json\/wp\/v2\/media?parent=95035"}],"wp:term":[{"taxonomy":"category","embeddable":true,"href":"https:\/\/vocesparalelas.com.ar\/sitio\/wp-json\/wp\/v2\/categories?post=95035"},{"taxonomy":"post_tag","embeddable":true,"href":"https:\/\/vocesparalelas.com.ar\/sitio\/wp-json\/wp\/v2\/tags?post=95035"}],"curies":[{"name":"wp","href":"https:\/\/api.w.org\/{rel}","templated":true}]}}