{"id":95030,"date":"2025-12-17T11:49:17","date_gmt":"2025-12-17T14:49:17","guid":{"rendered":"https:\/\/vocesparalelas.com.ar\/sitio\/?p=95030"},"modified":"2025-12-17T23:05:58","modified_gmt":"2025-12-18T02:05:58","slug":"premio-provincial-a-la-calidad-2025-de-san-juan","status":"publish","type":"post","link":"https:\/\/vocesparalelas.com.ar\/sitio\/premio-provincial-a-la-calidad-2025-de-san-juan\/","title":{"rendered":"Premio Provincial a la Calidad 2025 de San Juan"},"content":{"rendered":"<p>La C\u00e1mara de Diputados de la Provincia de San Juan fue distinguida con el Premio Provincial a la Calidad 2025, en la categor\u00eda Organismos P\u00fablicos \u2013 Edici\u00f3n XVII, obteniendo el m\u00e1ximo reconocimiento que otorga este certamen a nivel provincial.<\/p>\n<p>El acto de entrega se realiz\u00f3 en el\u00a0Auditorio Emar Acosta, en el edificio anexo de la Legislatura provincial, y fue presidida por el vicegobernador y presidente nato de la C\u00e1mara de Diputados, Dr. Fabi\u00e1n Mart\u00edn,\u00a0acompa\u00f1ado por autoridades provinciales, representantes de los distintos poderes del Estado, empresarios, equipos t\u00e9cnicos y p\u00fablico en general.<\/p>\n<p>Se trata de un\u00a0hecho hist\u00f3rico\u00a0para la instituci\u00f3n, que por primera vez alcanza esta distinci\u00f3n desde que comenz\u00f3 a participar de manera ininterrumpida en el a\u00f1o 2019.<\/p>\n<p>El\u00a0Premio Provincial a la Calidad,\u00a0impulsado por el Gobierno de San Juan y creado por\u00a0Ley N\u00ba 971-F, reconoce a las organizaciones p\u00fablicas y privadas que se destacan por la excelencia en la gesti\u00f3n, la mejora continua, la innovaci\u00f3n, la transparencia y la orientaci\u00f3n al ciudadano.<\/p>\n<p>La provincia de San Juan es pionera en su instauraci\u00f3n, consolidando este reconocimiento como una herramienta clave para promover la calidad institucional.<\/p>\n<p><iframe loading=\"lazy\" title=\"Vicegobernador Fabi\u00e1n Mart\u00edn - Premio Provincial a la Calidad 2025\" width=\"800\" height=\"450\" src=\"https:\/\/www.youtube.com\/embed\/y8rhA8INaeM?feature=oembed\" frameborder=\"0\" allow=\"accelerometer; autoplay; clipboard-write; encrypted-media; gyroscope; picture-in-picture; web-share\" referrerpolicy=\"strict-origin-when-cross-origin\" allowfullscreen><\/iframe><\/p>\n<p>Durante su discurso, el\u00a0vicegobernador Dr, Fabi\u00e1n Mart\u00edn\u00a0destac\u00f3 la importancia de\u00a0sostener est\u00e1ndares de calidad\u00a0en la gesti\u00f3n p\u00fablica y privada, remarcando que cumplir con estos par\u00e1metros implica capacitaci\u00f3n permanente, inversi\u00f3n, austeridad y eficiencia en el uso de los recursos. En ese sentido, subray\u00f3 que desde el inicio de su gesti\u00f3n al frente de la C\u00e1mara se plante\u00f3 como objetivo contar con una\u00a0Legislatura moderna, eficiente, abierta a la comunidad y con calidad en su funcionamiento y en la atenci\u00f3n a la ciudadan\u00eda,\u00a0sin perder de vista su rol central en la elaboraci\u00f3n de leyes.<\/p>\n<p>La distinci\u00f3n obtenida por la C\u00e1mara de Diputados refleja un compromiso sostenido en el tiempo con la evaluaci\u00f3n permanente de sus procesos, la implementaci\u00f3n de modelos de gesti\u00f3n modernos y la consolidaci\u00f3n de una cultura organizacional basada en la calidad, la responsabilidad p\u00fablica y el servicio a la comunidad sanjuanina. Este logro es el\u00a0resultado del trabajo colectivo\u00a0de autoridades, secretar\u00edas, equipos t\u00e9cnicos y personal legislativo, que d\u00eda a d\u00eda impulsan la mejora continua de la instituci\u00f3n.<\/p>\n<p>Cabe destacar que la XVII Edici\u00f3n del Premio Provincial a la Calidad culmin\u00f3 un riguroso\u00a0proceso de evaluaci\u00f3n, con 65 organizaciones inscriptas, de las cuales 41 presentaron informes de autodiagn\u00f3stico, correspondientes a entidades del sector p\u00fablico y privado. En esta edici\u00f3n 2025, adem\u00e1s, se incorpor\u00f3 como novedad un apartado espec\u00edfico sobre Gesti\u00f3n del Recurso H\u00eddrico, reconociendo su importancia estrat\u00e9gica para el desarrollo sostenible de la provincia.<\/p>\n<p><iframe loading=\"lazy\" title=\"Legislatura Provincial - Ganador Premio Provincial a la Calidad 2025\" width=\"800\" height=\"450\" src=\"https:\/\/www.youtube.com\/embed\/ZAukvTfCYbA?feature=oembed\" frameborder=\"0\" allow=\"accelerometer; autoplay; clipboard-write; encrypted-media; gyroscope; picture-in-picture; web-share\" referrerpolicy=\"strict-origin-when-cross-origin\" allowfullscreen><\/iframe><\/p>\n<p><strong><span style=\"color: #800080;\">Ganadores del Premio Provincial a la Calidad 2025<\/span><\/strong><\/p>\n<p>El Consejo Consultivo determin\u00f3 el orden de m\u00e9rito de los ganadores en las distintas categor\u00edas:<\/p>\n<p><span style=\"color: #800080;\"><strong>Categor\u00eda Organismos P\u00fablicos<\/strong><\/span><\/p>\n<ul>\n<li>Premio Provincial a la Calidad: C\u00e1mara de Diputados de San Juan<\/li>\n<li>Menci\u00f3n Oro: Oficina de Ejecuciones Fiscales del Poder Judicial y Municipalidad de San Mart\u00edn<\/li>\n<li>Menci\u00f3n Plata: Programa Provincial de Inmunizaciones (Ministerio de Salud) y Agencia Deportes San Juan<\/li>\n<li>Menci\u00f3n Bronce: Caja de Acci\u00f3n Social y Divisi\u00f3n Enfermer\u00eda del Ministerio de Salud<\/li>\n<\/ul>\n<p><span style=\"color: #800080;\"><strong>Sector Privado \u2013 Prestador de Servicios<\/strong><\/span><\/p>\n<ul>\n<li>Premio Provincial a la Calidad: CIMAC Di\u00e1lisis<\/li>\n<li>Menci\u00f3n Oro: DAMS<\/li>\n<li>Menci\u00f3n Plata: Dreams<\/li>\n<li>Menci\u00f3n Bronce: ALADE Construcciones y Fiduciaria San Juan<\/li>\n<\/ul>\n<p><span style=\"color: #800080;\"><strong>Sector Privado \u2013 Proveedoras de Bienes<\/strong><\/span><\/p>\n<ul>\n<li>Premio: Desierto<\/li>\n<li>Menci\u00f3n Oro: Servifood<\/li>\n<\/ul>\n<p>La C\u00e1mara de Diputados de San Juan reafirma de este modo su compromiso con una gesti\u00f3n p\u00fablica de calidad, consolidando una pol\u00edtica de Estado orientada a la mejora continua, la eficiencia institucional y el fortalecimiento del v\u00ednculo con la ciudadan\u00eda.<\/p>\n<p><img loading=\"lazy\" decoding=\"async\" class=\"alignnone size-full wp-image-65642\" src=\"https:\/\/vocesparalelas.com.ar\/sitio\/wp-content\/uploads\/2023\/11\/GOBIERNO-SAN-JUAN.jpg\" alt=\"\" width=\"800\" height=\"600\" srcset=\"https:\/\/vocesparalelas.com.ar\/sitio\/wp-content\/uploads\/2023\/11\/GOBIERNO-SAN-JUAN.jpg 800w, https:\/\/vocesparalelas.com.ar\/sitio\/wp-content\/uploads\/2023\/11\/GOBIERNO-SAN-JUAN-300x225.jpg 300w, https:\/\/vocesparalelas.com.ar\/sitio\/wp-content\/uploads\/2023\/11\/GOBIERNO-SAN-JUAN-768x576.jpg 768w\" sizes=\"auto, (max-width: 800px) 100vw, 800px\" \/><\/p>\n","protected":false},"excerpt":{"rendered":"<p>La C\u00e1mara de Diputados de la Provincia de San Juan fue distinguida con el Premio Provincial a la Calidad 2025,<\/p>\n","protected":false},"author":3,"featured_media":95033,"comment_status":"closed","ping_status":"closed","sticky":false,"template":"","format":"standard","meta":{"_acf_changed":false,"_seopress_robots_primary_cat":"none","_seopress_titles_title":"","_seopress_titles_desc":"","_seopress_robots_index":"","colormag_page_container_layout":"default_layout","colormag_page_sidebar_layout":"default_layout","footnotes":""},"categories":[8,7],"tags":[],"class_list":["post-95030","post","type-post","status-publish","format-standard","has-post-thumbnail","hentry","category-concursos","category-videos"],"acf":[],"_links":{"self":[{"href":"https:\/\/vocesparalelas.com.ar\/sitio\/wp-json\/wp\/v2\/posts\/95030","targetHints":{"allow":["GET"]}}],"collection":[{"href":"https:\/\/vocesparalelas.com.ar\/sitio\/wp-json\/wp\/v2\/posts"}],"about":[{"href":"https:\/\/vocesparalelas.com.ar\/sitio\/wp-json\/wp\/v2\/types\/post"}],"author":[{"embeddable":true,"href":"https:\/\/vocesparalelas.com.ar\/sitio\/wp-json\/wp\/v2\/users\/3"}],"replies":[{"embeddable":true,"href":"https:\/\/vocesparalelas.com.ar\/sitio\/wp-json\/wp\/v2\/comments?post=95030"}],"version-history":[{"count":1,"href":"https:\/\/vocesparalelas.com.ar\/sitio\/wp-json\/wp\/v2\/posts\/95030\/revisions"}],"predecessor-version":[{"id":95034,"href":"https:\/\/vocesparalelas.com.ar\/sitio\/wp-json\/wp\/v2\/posts\/95030\/revisions\/95034"}],"wp:featuredmedia":[{"embeddable":true,"href":"https:\/\/vocesparalelas.com.ar\/sitio\/wp-json\/wp\/v2\/media\/95033"}],"wp:attachment":[{"href":"https:\/\/vocesparalelas.com.ar\/sitio\/wp-json\/wp\/v2\/media?parent=95030"}],"wp:term":[{"taxonomy":"category","embeddable":true,"href":"https:\/\/vocesparalelas.com.ar\/sitio\/wp-json\/wp\/v2\/categories?post=95030"},{"taxonomy":"post_tag","embeddable":true,"href":"https:\/\/vocesparalelas.com.ar\/sitio\/wp-json\/wp\/v2\/tags?post=95030"}],"curies":[{"name":"wp","href":"https:\/\/api.w.org\/{rel}","templated":true}]}}