{"id":95006,"date":"2025-12-16T20:37:57","date_gmt":"2025-12-16T23:37:57","guid":{"rendered":"https:\/\/vocesparalelas.com.ar\/sitio\/?p=95006"},"modified":"2025-12-17T13:54:50","modified_gmt":"2025-12-17T16:54:50","slug":"los-talleres-de-ceramica-ancestral-2022-2025-cerraron-en-el-departamento-iglesia-de-san-juan","status":"publish","type":"post","link":"https:\/\/vocesparalelas.com.ar\/sitio\/los-talleres-de-ceramica-ancestral-2022-2025-cerraron-en-el-departamento-iglesia-de-san-juan\/","title":{"rendered":"Los Talleres de Cer\u00e1mica Ancestral 2022 \u2013 2025 cerraron en el Departamento Iglesia de San Juan"},"content":{"rendered":"<p>La Municipalidad de Iglesia cerr\u00f3 los Talleres de Cer\u00e1mica Ancestral 2022 \u2013 2025\u00a0 que se transform\u00f3 culminar una etapa muy valiosa para la comunidad.<\/p>\n<p>Un proceso que comenz\u00f3 en 2022 en Angualasto y que, con el paso del tiempo, creci\u00f3 y se extendi\u00f3 a Villa Iglesia, Bella Vista y Las Flores, sumando personas, saberes y experiencias compartidas de la poblaci\u00f3n del Departamento Iglesia de San Juan.<\/p>\n<p>Lo que naci\u00f3 como un taller se transform\u00f3 en un verdadero camino colectivo. Manos diversas trabajando la misma tierra, t\u00e9cnicas ancestrales transmitidas con respeto y compromiso, y encuentros que fortalecieron nuestra identidad cultural y el sentido de pertenencia.<\/p>\n<p>Cada pieza creada es memoria viva. Es el di\u00e1logo entre el pasado y el presente, entre nuestros antepasados y quienes hoy recuperan, aprenden y resignifican estos saberes, manteni\u00e9ndolos vigentes en el tiempo.<\/p>\n<p>Este recorrido fue posible gracias al trabajo articulado entre la Municipalidad de Iglesia, a trav\u00e9s de la Secretar\u00eda de Turismo, Cultura y Deporte, la Universidad Nacional de San Juan, y fundamentalmente las comunidades que acompa\u00f1aron cada instancia con participaci\u00f3n activa y profundo compromiso.<\/p>\n<p>A docentes, alumnos, familias y a cada persona que form\u00f3 parte de estos talleres: gracias. S\u00f3lo se aprendi\u00f3 cer\u00e1mica; tambi\u00e9n se construyeron v\u00ednculos, se compartieron historias, nacieron amistades y se abrieron nuevas oportunidades culturales.<\/p>\n<p><img loading=\"lazy\" decoding=\"async\" class=\"alignnone size-full wp-image-95010\" src=\"https:\/\/vocesparalelas.com.ar\/sitio\/wp-content\/uploads\/2025\/12\/IGLESIA-ANSESTRAL-02.jpg\" alt=\"\" width=\"800\" height=\"500\" srcset=\"https:\/\/vocesparalelas.com.ar\/sitio\/wp-content\/uploads\/2025\/12\/IGLESIA-ANSESTRAL-02.jpg 800w, https:\/\/vocesparalelas.com.ar\/sitio\/wp-content\/uploads\/2025\/12\/IGLESIA-ANSESTRAL-02-300x188.jpg 300w, https:\/\/vocesparalelas.com.ar\/sitio\/wp-content\/uploads\/2025\/12\/IGLESIA-ANSESTRAL-02-768x480.jpg 768w\" sizes=\"auto, (max-width: 800px) 100vw, 800px\" \/><\/p>\n<p>Este cierre represent\u00f3, el cierre de un ciclo que deja huellas y aprendizajes. Recrearon el legado de los antepasados que se encuentra en los hogares y testigo de las generaciones que vienen.<\/p>\n<p>Desde la gesti\u00f3n municipal, reafirmamos el compromiso de seguir apoyando la formaci\u00f3n, la promoci\u00f3n y la difusi\u00f3n cultural, acompa\u00f1ando a quienes participan y generando nuevas propuestas que fortalezcan la identidad del pueblo.<\/p>\n<ul>\n<li>Que la arcilla siga uniendo manos.<\/li>\n<li>Que el fuego siga encendiendo memoria.<\/li>\n<li>Y que Iglesia contin\u00fae creciendo desde su cultura y su gente.<\/li>\n<\/ul>\n<p>Acompa\u00f1amos esta publicaci\u00f3n con im\u00e1genes de los talleres y de las experiencias vividas en los distintos distritos.<\/p>\n<p>&nbsp;<\/p>\n<p><img loading=\"lazy\" decoding=\"async\" class=\"alignnone size-full wp-image-95011\" src=\"https:\/\/vocesparalelas.com.ar\/sitio\/wp-content\/uploads\/2025\/12\/IGLESIA-ANSESTRAL-03.jpg\" alt=\"\" width=\"800\" height=\"507\" srcset=\"https:\/\/vocesparalelas.com.ar\/sitio\/wp-content\/uploads\/2025\/12\/IGLESIA-ANSESTRAL-03.jpg 800w, https:\/\/vocesparalelas.com.ar\/sitio\/wp-content\/uploads\/2025\/12\/IGLESIA-ANSESTRAL-03-300x190.jpg 300w, https:\/\/vocesparalelas.com.ar\/sitio\/wp-content\/uploads\/2025\/12\/IGLESIA-ANSESTRAL-03-768x487.jpg 768w\" sizes=\"auto, (max-width: 800px) 100vw, 800px\" \/><\/p>\n<p>&nbsp;<\/p>\n<p><img loading=\"lazy\" decoding=\"async\" class=\"alignnone size-full wp-image-91565\" src=\"https:\/\/vocesparalelas.com.ar\/sitio\/wp-content\/uploads\/2025\/09\/MUNICIPALIDAD-IGLESIA.jpg\" alt=\"\" width=\"800\" height=\"533\" srcset=\"https:\/\/vocesparalelas.com.ar\/sitio\/wp-content\/uploads\/2025\/09\/MUNICIPALIDAD-IGLESIA.jpg 800w, https:\/\/vocesparalelas.com.ar\/sitio\/wp-content\/uploads\/2025\/09\/MUNICIPALIDAD-IGLESIA-300x200.jpg 300w, https:\/\/vocesparalelas.com.ar\/sitio\/wp-content\/uploads\/2025\/09\/MUNICIPALIDAD-IGLESIA-768x512.jpg 768w\" sizes=\"auto, (max-width: 800px) 100vw, 800px\" \/><\/p>\n","protected":false},"excerpt":{"rendered":"<p>La Municipalidad de Iglesia cerr\u00f3 los Talleres de Cer\u00e1mica Ancestral 2022 \u2013 2025\u00a0 que se transform\u00f3 culminar una etapa muy<\/p>\n","protected":false},"author":3,"featured_media":95009,"comment_status":"closed","ping_status":"closed","sticky":false,"template":"","format":"standard","meta":{"_acf_changed":false,"_seopress_robots_primary_cat":"none","_seopress_titles_title":"","_seopress_titles_desc":"","_seopress_robots_index":"","colormag_page_container_layout":"default_layout","colormag_page_sidebar_layout":"default_layout","footnotes":""},"categories":[9],"tags":[],"class_list":["post-95006","post","type-post","status-publish","format-standard","has-post-thumbnail","hentry","category-cursos"],"acf":[],"_links":{"self":[{"href":"https:\/\/vocesparalelas.com.ar\/sitio\/wp-json\/wp\/v2\/posts\/95006","targetHints":{"allow":["GET"]}}],"collection":[{"href":"https:\/\/vocesparalelas.com.ar\/sitio\/wp-json\/wp\/v2\/posts"}],"about":[{"href":"https:\/\/vocesparalelas.com.ar\/sitio\/wp-json\/wp\/v2\/types\/post"}],"author":[{"embeddable":true,"href":"https:\/\/vocesparalelas.com.ar\/sitio\/wp-json\/wp\/v2\/users\/3"}],"replies":[{"embeddable":true,"href":"https:\/\/vocesparalelas.com.ar\/sitio\/wp-json\/wp\/v2\/comments?post=95006"}],"version-history":[{"count":3,"href":"https:\/\/vocesparalelas.com.ar\/sitio\/wp-json\/wp\/v2\/posts\/95006\/revisions"}],"predecessor-version":[{"id":95014,"href":"https:\/\/vocesparalelas.com.ar\/sitio\/wp-json\/wp\/v2\/posts\/95006\/revisions\/95014"}],"wp:featuredmedia":[{"embeddable":true,"href":"https:\/\/vocesparalelas.com.ar\/sitio\/wp-json\/wp\/v2\/media\/95009"}],"wp:attachment":[{"href":"https:\/\/vocesparalelas.com.ar\/sitio\/wp-json\/wp\/v2\/media?parent=95006"}],"wp:term":[{"taxonomy":"category","embeddable":true,"href":"https:\/\/vocesparalelas.com.ar\/sitio\/wp-json\/wp\/v2\/categories?post=95006"},{"taxonomy":"post_tag","embeddable":true,"href":"https:\/\/vocesparalelas.com.ar\/sitio\/wp-json\/wp\/v2\/tags?post=95006"}],"curies":[{"name":"wp","href":"https:\/\/api.w.org\/{rel}","templated":true}]}}