{"id":94993,"date":"2025-12-16T13:41:37","date_gmt":"2025-12-16T16:41:37","guid":{"rendered":"https:\/\/vocesparalelas.com.ar\/sitio\/?p=94993"},"modified":"2025-12-17T13:55:21","modified_gmt":"2025-12-17T16:55:21","slug":"requisitos-para-la-inscripcion-para-los-alumnos-de-san-juan","status":"publish","type":"post","link":"https:\/\/vocesparalelas.com.ar\/sitio\/requisitos-para-la-inscripcion-para-los-alumnos-de-san-juan\/","title":{"rendered":"Requisitos para la inscripci\u00f3n para los alumnos de San Juan"},"content":{"rendered":"<div>Inscripci\u00f3n a\u00f1o escolar: claves sobre el Control Integral de Salud y acta de nacimiento<\/div>\n<div><\/div>\n<div>El Ministerio de Educaci\u00f3n del Gobierno de San Juan recuerda que para la inscripci\u00f3n de los alumnos en las Escuelas de San Juan debe presentar la Libreta Sanitaria con el Control Integral de Salud anual. Este documento reemplaza la cartilla sanitaria y es el que acredita el CIS anual. Tambi\u00e9n, que para este tr\u00e1mite se dispone del acta de nacimiento emitida por Ciudadano Digital.<\/div>\n<div><\/div>\n<div>Teniendo en cuenta que en todas las instituciones educativas de gesti\u00f3n estatal y privada se est\u00e1n llevando adelante los periodos de inscripci\u00f3n, el Ministerio de Educaci\u00f3n recuerda pautas preestablecidas respecto a dos requisitos solicitados al momento de la inscripci\u00f3n: el acta de nacimiento del estudiante y el Control Integral de Salud anual.<\/div>\n<div><\/div>\n<div><span style=\"color: #ff6600;\"><strong>Sobre el acta de nacimiento<\/strong><\/span><\/div>\n<div><\/div>\n<div>El Ministerio de Educaci\u00f3n recuerda que la copia del acta de nacimiento puede obtenerse a trav\u00e9s de la cuenta personal de Ciudadano Digital, que dispone del servicio de Solicitud de Actas del Registro de Estado Civil y Capacidad de las Personas.<\/div>\n<div><\/div>\n<div>De esta forma los Ministerios de Educaci\u00f3n, de Gobierno y de Econom\u00eda, Finanzas y Hacienda acuerdan acciones facilitando un tr\u00e1mite que requer\u00eda de turnos y largas esperas.<\/div>\n<div><\/div>\n<div>El documento proporcionado por Ciudadano Digital, impreso o en formato digital, es absolutamente v\u00e1lido para la inscripci\u00f3n y no necesita de ninguna otra firma o sello acreditante que implique pedir un nuevo turno en el Registro de Estado Civil y Capacidad de las Personas.<\/div>\n<div><\/div>\n<div>De no contar con una cuenta en Ciudadano Digital, se puede visitar el portal mi.sanjuan.gob.ar o descargar la aplicaci\u00f3n Gobierno de San Juan en App Store o Google Play Store, desde cualquier dispositivo m\u00f3vil.<\/div>\n<div><\/div>\n<div><strong><span style=\"color: #ff6600;\">Sobre el Control Integral de Salud<\/span><\/strong><\/div>\n<div><\/div>\n<div>El Ministerio de Educaci\u00f3n repasa las pautas del Control Integral de Salud (CIS) exigido para el ingreso escolar, pr\u00e1cticas profesionalizantes, pasant\u00edas, actividades deportivas y culturales sociales y colonias de vacaciones, con el fin de unificar criterios en todas las instituciones y evitar exigencias que no forman parte de la normativa vigente acordada por los Ministerios de Educaci\u00f3n, Salud y Familia y Desarrollo Humano.<\/div>\n<div><\/div>\n<div><strong><span style=\"color: #ff6600;\">\u00a01- \u00bfQu\u00e9 es el Control Integral de Salud (CIS)?\u00a0<\/span><\/strong><\/div>\n<div><\/div>\n<div>El CIS es una evaluaci\u00f3n cl\u00ednica integral realizada por un m\u00e9dico pediatra o, en ausencia de \u00e9ste, por un m\u00e9dico de familia. Dicha evaluaci\u00f3n cl\u00ednica integral incluye el examen f\u00edsico y toda la informaci\u00f3n obtenida por el profesional m\u00e9dico deber\u00e1 registrarse en la Historia Cl\u00ednica Digital y en la Libreta Sanitaria del ni\u00f1o o adolescente.<\/div>\n<div><\/div>\n<div>Esta Libreta Sanitaria, entregada a la madre al momento del nacimiento de sus hijos, es la constancia del Control Integral de Salud y le pertenece al paciente. La cartilla sanitaria no es v\u00e1lida como Control Integral de Salud (CIS), por lo tanto, no debe ser requerida por ninguna instituci\u00f3n educativa dependiente del Ministerio de Educaci\u00f3n.<\/div>\n<div><\/div>\n<div>El profesional tratante es la \u00fanica autoridad para indicar estudios complementarios (laboratorio, im\u00e1genes, etc.) cuando lo estime necesario.<\/div>\n<div><\/div>\n<div>Todo control registrado en la libreta sanitaria sirve como constancia de salud y tiene validez por un a\u00f1o, a partir de los 5 a\u00f1os de edad.<\/div>\n<div><\/div>\n<div><strong><span style=\"color: #ff6600;\">\u00a02- \u00bfQu\u00e9 deben hacer padres y\/o tutores en caso de no tener Libreta Sanitaria?\u00a0<\/span><\/strong><\/div>\n<div><\/div>\n<div>En caso de no tener la Libreta Sanitaria, se puede solicitar la impresi\u00f3n del Control de Salud desde la Historia Cl\u00ednica Digital en el Centro de Salud m\u00e1s cercano; en ausencia de esa tecnolog\u00eda, el profesional m\u00e9dico o el Centro de Salud deber\u00e1n emitir una Constancia de Salud que cumple la misma funci\u00f3n documental.<\/div>\n<div><\/div>\n<div>La Constancia de Salud es un documento que le pertenece al paciente y no debe ser retenido por ninguna instituci\u00f3n.<\/div>\n<div><\/div>\n<div><span style=\"color: #ff6600;\"><strong>\u00a03- \u00bfQu\u00e9 deben presentar padres y\/o tutores en la escuela para la inscripci\u00f3n del estudiante?\u00a0<\/strong><\/span><\/div>\n<div><\/div>\n<div>Adem\u00e1s de la documentaci\u00f3n requerida por la escuela, en lo que respecta a acreditar cuestiones de salud se debe presentar:<\/div>\n<ul>\n<li>Libreta Sanitaria con la firma del profesional que acredita la realizaci\u00f3n del Control Integral de Salud anual o Control de Salud impreso directamente de la Historia Cl\u00ednica Digital, por parte de un Centro de Salud o Constancia de Salud emitida por el profesional m\u00e9dico o Centro de Salud.<\/li>\n<\/ul>\n<div><strong><span style=\"color: #ff6600;\">Importante<\/span><\/strong><\/div>\n<div><\/div>\n<div>S\u00f3lo basta con mostrar la Libreta Sanitaria, impresi\u00f3n del Control de Salud directamente de la Historia Cl\u00ednica Digital o Constancia de Salud emitida por el profesional m\u00e9dico o el Centro de Salud. Las autoridades educativas pueden pedir una fotocopia pero esta no requiere de ninguna firma o sello acreditante.<\/div>\n<div><\/div>\n<div>Ning\u00fan docente, directivo o supervisor de escuelas de gesti\u00f3n estatal o privada puede exigir cartilla sanitaria como requisito para acreditar el Control Integral de Salud (CIS). La cartilla no constituye documento probatorio obligatorio del CIS.<\/div>\n<div><\/div>\n<div>Ning\u00fan docente, directivo o supervisor de escuelas de gesti\u00f3n estatal o privada puede solicitar estudios complementarios que no hayan sido indicados por el m\u00e9dico tratante. Las pruebas diagn\u00f3sticas deben gestionarse s\u00f3lo si las prescribi\u00f3 el profesional en la consulta.<\/div>\n<div><\/div>\n<div><strong><span style=\"color: #ff6600;\">\u00a04- \u00bfQu\u00e9 pasa cuando padres y\/o tutores no acreditan el CIS anual?\u00a0<\/span><\/strong><\/div>\n<div><\/div>\n<div>Si el padre y\/o tutor no acredita el CIS anual, es decir, no presenta ni Libreta Sanitaria, ni impresi\u00f3n del Control de Salud impreso directamente de la Historia Cl\u00ednica Digital, ni Constancia de Salud emitida por un profesional m\u00e9dico o Centro de Salud; la autoridad educativa lo notificar\u00e1 para presentar la documentaci\u00f3n de forma urgente.<\/div>\n<div><\/div>\n<div>De persistir en la no acreditaci\u00f3n del CIS anual del estudiante la autoridad educativa informar\u00e1 a las autoridades del Ministerio de Salud.<\/div>\n<p><img loading=\"lazy\" decoding=\"async\" class=\"alignnone size-full wp-image-28629\" src=\"https:\/\/vocesparalelas.com.ar\/sitio\/wp-content\/uploads\/2020\/05\/MINISTERIO-EDUCACION-SJ.jpg\" alt=\"\" width=\"800\" height=\"533\" srcset=\"https:\/\/vocesparalelas.com.ar\/sitio\/wp-content\/uploads\/2020\/05\/MINISTERIO-EDUCACION-SJ.jpg 800w, https:\/\/vocesparalelas.com.ar\/sitio\/wp-content\/uploads\/2020\/05\/MINISTERIO-EDUCACION-SJ-300x200.jpg 300w, https:\/\/vocesparalelas.com.ar\/sitio\/wp-content\/uploads\/2020\/05\/MINISTERIO-EDUCACION-SJ-768x512.jpg 768w\" sizes=\"auto, (max-width: 800px) 100vw, 800px\" \/><\/p>\n","protected":false},"excerpt":{"rendered":"<p>Inscripci\u00f3n a\u00f1o escolar: claves sobre el Control Integral de Salud y acta de nacimiento El Ministerio de Educaci\u00f3n del Gobierno<\/p>\n","protected":false},"author":3,"featured_media":94996,"comment_status":"closed","ping_status":"closed","sticky":false,"template":"","format":"standard","meta":{"_acf_changed":false,"_seopress_robots_primary_cat":"none","_seopress_titles_title":"","_seopress_titles_desc":"","_seopress_robots_index":"","colormag_page_container_layout":"default_layout","colormag_page_sidebar_layout":"default_layout","footnotes":""},"categories":[5],"tags":[],"class_list":["post-94993","post","type-post","status-publish","format-standard","has-post-thumbnail","hentry","category-ofrecimientos"],"acf":[],"_links":{"self":[{"href":"https:\/\/vocesparalelas.com.ar\/sitio\/wp-json\/wp\/v2\/posts\/94993","targetHints":{"allow":["GET"]}}],"collection":[{"href":"https:\/\/vocesparalelas.com.ar\/sitio\/wp-json\/wp\/v2\/posts"}],"about":[{"href":"https:\/\/vocesparalelas.com.ar\/sitio\/wp-json\/wp\/v2\/types\/post"}],"author":[{"embeddable":true,"href":"https:\/\/vocesparalelas.com.ar\/sitio\/wp-json\/wp\/v2\/users\/3"}],"replies":[{"embeddable":true,"href":"https:\/\/vocesparalelas.com.ar\/sitio\/wp-json\/wp\/v2\/comments?post=94993"}],"version-history":[{"count":1,"href":"https:\/\/vocesparalelas.com.ar\/sitio\/wp-json\/wp\/v2\/posts\/94993\/revisions"}],"predecessor-version":[{"id":94997,"href":"https:\/\/vocesparalelas.com.ar\/sitio\/wp-json\/wp\/v2\/posts\/94993\/revisions\/94997"}],"wp:featuredmedia":[{"embeddable":true,"href":"https:\/\/vocesparalelas.com.ar\/sitio\/wp-json\/wp\/v2\/media\/94996"}],"wp:attachment":[{"href":"https:\/\/vocesparalelas.com.ar\/sitio\/wp-json\/wp\/v2\/media?parent=94993"}],"wp:term":[{"taxonomy":"category","embeddable":true,"href":"https:\/\/vocesparalelas.com.ar\/sitio\/wp-json\/wp\/v2\/categories?post=94993"},{"taxonomy":"post_tag","embeddable":true,"href":"https:\/\/vocesparalelas.com.ar\/sitio\/wp-json\/wp\/v2\/tags?post=94993"}],"curies":[{"name":"wp","href":"https:\/\/api.w.org\/{rel}","templated":true}]}}