{"id":94976,"date":"2025-12-15T20:41:11","date_gmt":"2025-12-15T23:41:11","guid":{"rendered":"https:\/\/vocesparalelas.com.ar\/sitio\/?p=94976"},"modified":"2025-12-18T10:58:33","modified_gmt":"2025-12-18T13:58:33","slug":"entregaron-83-viviendas-a-familias-del-barrio-trigales-y-herramientas-del-departamento-jachal-de-san-juan","status":"publish","type":"post","link":"https:\/\/vocesparalelas.com.ar\/sitio\/entregaron-83-viviendas-a-familias-del-barrio-trigales-y-herramientas-del-departamento-jachal-de-san-juan\/","title":{"rendered":"Entregaron 83 viviendas a familias del Barrio Trigales y herramientas del Departamento J\u00e1chal de San Juan"},"content":{"rendered":"<p>En la visita al departamento J\u00e1chal, el gobernador de San Juan, Dr. Marcelo Orrego entreg\u00f3 83 casas del Barrio Trigales y herramientas. Confirm\u00f3 que se asfaltar\u00e1 un tramo de la calle Eugenio Flores y destac\u00f3 avances con la esperada Zona Franca.<\/p>\n<p>J\u00e1chal fue este lunes el escenario de una importante jornada social y productiva, marcada por la visita del gobernador Dr. Marcelo Orrego, quien encabez\u00f3 el acto de entrega de 83 unidades habitacionales correspondientes al barrio Trigales. Durante la visita, el mandatario dej\u00f3 importantes anuncios para los jachalleros: la pavimentaci\u00f3n de un tramo clave y muy pedido por la comunidad de la calle Eugenio Flores; y la recuperaci\u00f3n de la Zona Franca de J\u00e1chal.<\/p>\n<p>Acompa\u00f1aron al Gobernador, el ministro de Infraestructura, Agua y Energ\u00eda, Fernando Perea; el ministro de Producci\u00f3n, Trabajo e Innovaci\u00f3n, Gustavo Fern\u00e1ndez; el presidente del Concejo Deliberante a cargo de Intendencia, H\u00e9ctor S\u00e1nchez; la directora del Instituto Provincial de la Vivienda, Elina Peralta, entre otros funcionarios provinciales y municipales, adem\u00e1s de vecinos de la zona.<\/p>\n<p>En la emotiva ceremonia de entrega de llaves, que se llev\u00f3 a cabo en la Avenida Centenario y Calle Vieja, en la localidad de San Jos\u00e9 de J\u00e1chal, donde el gobernador Dr. Marcelo Orrego puntualiz\u00f3 que \u201c83 familias van a tener su nuevo hogar que, como siempre digo, esto es una casa, ustedes le van a imprimir el sentimiento y la van a transformar en un hogar y van a tener la oportunidad, la m\u00e1s linda de todas, de poder disfrutar de su techo propio, disfrutar de la Navidad, del A\u00f1o Nuevo. Quiero que sepan que vamos a seguir trabajando de la misma manera, el a\u00f1o que viene tambi\u00e9n vamos a estar entregando viviendas en este departamento de J\u00e1chal\u201d.<\/p>\n<p>\u201cReci\u00e9n viniendo recordaba muy bien este barrio, Los Trigales, que estaba en un porcentaje de un 20\u00a0 %y pico y era financiado por recursos nacionales. Obras que ya no llegan m\u00e1s a San Juan, ni llegan a cualquier provincia, porque la obra p\u00fablica por ah\u00ed no es una prioridad que tiene el Gobierno actual. Pero decidimos definitivamente avanzar y empezamos a reactivar la obra p\u00fablica. Hoy podemos decir, con mucha humildad, con mucho orgullo que hoy el 100% de las obras que tiene la provincia, son financiadas con recursos provinciales y eso es gracias a cada uno de los sanjuaninos, al esfuerzo, a la austeridad y al compromiso de todos los d\u00edas levantarnos y seguir trabajando para tener un futuro mejor\u201d.<\/p>\n<p>\u201cCuando ven\u00eda por la Ruta 150, yo s\u00e9 que est\u00e1 Gran China que siempre tiene los mismos problemas. Me fui para verlo y tom\u00e9 la decisi\u00f3n de que vamos a pavimentar ese lugar. Va a estar pavimentado la calle Flores, desde la Calle Honda a Gran China\u201d.<\/p>\n<p>\u201cDecirles tambi\u00e9n que viene un nuevo desaf\u00edo para J\u00e1chal, porque nosotros el 9 de diciembre enviamos el proyecto de la ley de expropiaci\u00f3n para poder recuperar la Zona Franca ac\u00e1 en J\u00e1chal. Y van a contar con un predio que tiene 116 hect\u00e1reas, un predio que adem\u00e1s tiene condiciones sumamente importantes, porque tiene l\u00edneas de media tensi\u00f3n. Vamos a trabajar para que se desarrolle un parque industrial, vamos a trabajar tambi\u00e9n para poder desarrollar un parque solar y los jachalleros van a encontrar ah\u00ed una usina de oportunidades\u201d.<\/p>\n<p>\u201cLo que digo con esto es que todos nosotros juntos, todos pensando de la misma manera, todos con la misma fuerza, en tiempo un poco m\u00e1s o un poco menos, pero lo importante es que vamos con proyectos serios, proyectos sanos, proyectos que beneficien a J\u00e1chal. Dese\u00f3 al pueblo de J\u00e1chal unas felices fiestas: feliz Navidad, y que el a\u00f1o 2026 nos encuentre unidos. Si estamos unidos no hay obst\u00e1culos que no podamos superar\u201d &#8211; concluy\u00f3 el gobernador Dr. Marcelo Orrego.<\/p>\n<p><iframe loading=\"lazy\" title=\"En J\u00e1chal, Orrego entreg\u00f3 viviendas, anunci\u00f3 un pavimento y entreg\u00f3 herramientas para la producci\u00f3n\" width=\"800\" height=\"450\" src=\"https:\/\/www.youtube.com\/embed\/5aPqMvC4czw?feature=oembed\" frameborder=\"0\" allow=\"accelerometer; autoplay; clipboard-write; encrypted-media; gyroscope; picture-in-picture; web-share\" referrerpolicy=\"strict-origin-when-cross-origin\" allowfullscreen><\/iframe><\/p>\n<p><strong><span style=\"color: #ff6600;\">Detalles de las viviendas<\/span><\/strong><\/p>\n<p>Las 83 casas del barrio Trigales fueron construidas bajo el sistema constructivo tradicional, utilizando mamposter\u00eda de ladrill\u00f3n cer\u00e1mico macizo y una estructura de hormig\u00f3n armado, incluyendo columnas, vigas y losas.<\/p>\n<p>Las unidades habitacionales se distribuyen en cuatro prototipos, todos con superficies que alcanzan alrededor de 62 m2. El dise\u00f1o de cada prototipo incluye dos dormitorios, un ba\u00f1o, y un \u00e1rea integrada de cocina y comedor.<\/p>\n<p>Un aspecto distintivo es que las viviendas cuentan con expansiones materializadas mediante p\u00e9rgolas met\u00e1licas y tienen previsto un espacio destinado para una futura ampliaci\u00f3n, que permitir\u00e1 construir un tercer dormitorio.<\/p>\n<p>Las unidades se entregaron completamente equipadas, lo que incluye mesadas de granito natural, pileta de cocina y lavadero, cocina el\u00e9ctrica de cuatro hornallas, termotanque el\u00e9ctrico de 80 litros y caloventor. Adicionalmente, todas las aberturas cuentan con rejas de planchuelas y hierro. Cuatro de las viviendas se destacan por incluir un ba\u00f1o adaptado, agregando barrales y asiento para personas con discapacidad.<\/p>\n<p>En el dise\u00f1o urbano, el barrio Trigales est\u00e1 provisto de calles enripiadas, cordones cuneta, badenes e indicadores de calles. Cuenta con la infraestructura esencial, incluyendo red de cloaca, red de agua potable, red el\u00e9ctrica a\u00e9rea y alumbrado p\u00fablico.<\/p>\n<p><span style=\"color: #ff6600;\"><strong>Impulso al autoempleo con herramientas y capacitaciones<\/strong><\/span><\/p>\n<p>Posteriormente a la entrega de las viviendas, la comitiva se traslad\u00f3 a la EPET N\u00b0 1, ubicada en Agust\u00edn G\u00f3mez esquina General Acha, para realizar la entrega de herramientas destinadas a proyectos de autoempleo. Esta iniciativa se lleva a cabo en el marco del Programa Provincial Aprender Trabajar y Producir, impulsado por el Ministerio de Producci\u00f3n, Trabajo e Innovaci\u00f3n, junto a la Secretar\u00eda de Industria, Comercio y Servicios y la Direcci\u00f3n de Empleo y Formaci\u00f3n.<\/p>\n<p>Durante el acto, se entregaron herramientas para nueve nuevos proyectos de autoempleo en los rubros de soldadura, refrigeraci\u00f3n y aire acondicionado, y panificaci\u00f3n y reposter\u00eda. Este recurso es clave para la construcci\u00f3n de autonom\u00eda, la generaci\u00f3n de trabajo digno y la apertura de nuevas oportunidades para los beneficiarios de la villa cabecera, Tamber\u00edas, La Represa y Villa Mercedes.<\/p>\n<p>Adem\u00e1s de la entrega de insumos productivos, la jornada incluy\u00f3 la distribuci\u00f3n de 130 certificados de capacitaciones a participantes de Huaco, Villa Mercedes y villa cabecera de J\u00e1chal. Estas propuestas formativas, que fortalecen trayectorias laborales, fueron posibles gracias a la articulaci\u00f3n con diversas instituciones del departamento. Entre los cursos dictados figuran Electricidad I Instalaciones y Mantenimiento Domiciliario (en Huaco), Electricidad Domiciliaria Nivel 1, Refrigeraci\u00f3n y Aire Acondicionado, Panificaci\u00f3n &#8211; T\u00e9cnicas y Recetas, Soldadura I, Reposter\u00eda Artesanal y Mec\u00e1nica del Automotor.<\/p>\n<p>&nbsp;<\/p>\n<p><img loading=\"lazy\" decoding=\"async\" class=\"alignnone size-full wp-image-65642\" src=\"https:\/\/vocesparalelas.com.ar\/sitio\/wp-content\/uploads\/2023\/11\/GOBIERNO-SAN-JUAN.jpg\" alt=\"\" width=\"800\" height=\"600\" srcset=\"https:\/\/vocesparalelas.com.ar\/sitio\/wp-content\/uploads\/2023\/11\/GOBIERNO-SAN-JUAN.jpg 800w, https:\/\/vocesparalelas.com.ar\/sitio\/wp-content\/uploads\/2023\/11\/GOBIERNO-SAN-JUAN-300x225.jpg 300w, https:\/\/vocesparalelas.com.ar\/sitio\/wp-content\/uploads\/2023\/11\/GOBIERNO-SAN-JUAN-768x576.jpg 768w\" sizes=\"auto, (max-width: 800px) 100vw, 800px\" \/><\/p>\n","protected":false},"excerpt":{"rendered":"<p>En la visita al departamento J\u00e1chal, el gobernador de San Juan, Dr. Marcelo Orrego entreg\u00f3 83 casas del Barrio Trigales<\/p>\n","protected":false},"author":3,"featured_media":94979,"comment_status":"closed","ping_status":"closed","sticky":false,"template":"","format":"standard","meta":{"_acf_changed":false,"_seopress_robots_primary_cat":"none","_seopress_titles_title":"","_seopress_titles_desc":"","_seopress_robots_index":"","colormag_page_container_layout":"default_layout","colormag_page_sidebar_layout":"default_layout","footnotes":""},"categories":[1,7],"tags":[],"class_list":["post-94976","post","type-post","status-publish","format-standard","has-post-thumbnail","hentry","category-destacadas","category-videos"],"acf":[],"_links":{"self":[{"href":"https:\/\/vocesparalelas.com.ar\/sitio\/wp-json\/wp\/v2\/posts\/94976","targetHints":{"allow":["GET"]}}],"collection":[{"href":"https:\/\/vocesparalelas.com.ar\/sitio\/wp-json\/wp\/v2\/posts"}],"about":[{"href":"https:\/\/vocesparalelas.com.ar\/sitio\/wp-json\/wp\/v2\/types\/post"}],"author":[{"embeddable":true,"href":"https:\/\/vocesparalelas.com.ar\/sitio\/wp-json\/wp\/v2\/users\/3"}],"replies":[{"embeddable":true,"href":"https:\/\/vocesparalelas.com.ar\/sitio\/wp-json\/wp\/v2\/comments?post=94976"}],"version-history":[{"count":2,"href":"https:\/\/vocesparalelas.com.ar\/sitio\/wp-json\/wp\/v2\/posts\/94976\/revisions"}],"predecessor-version":[{"id":95079,"href":"https:\/\/vocesparalelas.com.ar\/sitio\/wp-json\/wp\/v2\/posts\/94976\/revisions\/95079"}],"wp:featuredmedia":[{"embeddable":true,"href":"https:\/\/vocesparalelas.com.ar\/sitio\/wp-json\/wp\/v2\/media\/94979"}],"wp:attachment":[{"href":"https:\/\/vocesparalelas.com.ar\/sitio\/wp-json\/wp\/v2\/media?parent=94976"}],"wp:term":[{"taxonomy":"category","embeddable":true,"href":"https:\/\/vocesparalelas.com.ar\/sitio\/wp-json\/wp\/v2\/categories?post=94976"},{"taxonomy":"post_tag","embeddable":true,"href":"https:\/\/vocesparalelas.com.ar\/sitio\/wp-json\/wp\/v2\/tags?post=94976"}],"curies":[{"name":"wp","href":"https:\/\/api.w.org\/{rel}","templated":true}]}}