{"id":94970,"date":"2025-12-15T20:05:36","date_gmt":"2025-12-15T23:05:36","guid":{"rendered":"https:\/\/vocesparalelas.com.ar\/sitio\/?p=94970"},"modified":"2025-12-15T20:07:06","modified_gmt":"2025-12-15T23:07:06","slug":"inauguraron-la-ampliacion-y-refaccion-del-caps-domino-cejas-departamento-25-de-mayo-de-san-juan","status":"publish","type":"post","link":"https:\/\/vocesparalelas.com.ar\/sitio\/inauguraron-la-ampliacion-y-refaccion-del-caps-domino-cejas-departamento-25-de-mayo-de-san-juan\/","title":{"rendered":"Inauguraron la ampliaci\u00f3n y refacci\u00f3n del CAPS Domino Cejas, Departamento 25 de Mayo de San Juan"},"content":{"rendered":"<p>El gobernador de San Juan, Dr. Marcelo Orrego presidi\u00f3 la inauguraci\u00f3n de la obra de ampliaci\u00f3n y refacci\u00f3n del Centro de Atenci\u00f3n Primaria de la Salud &#8211; CAPS -, Localidad Las Casuarinas, Departamento 25 de Mayo.<\/p>\n<p>La intervenci\u00f3n fue ejecutada de manera articulada entre el Ministerio de Salud y el Ministerio de Infraestructura, Agua y Energ\u00eda, con el objetivo de fortalecer la atenci\u00f3n sanitaria en la zona.<\/p>\n<p>La obra respondi\u00f3 a la necesidad de ampliar y remodelar el centro de salud, que pertenece a la Zona Sanitaria II del Ministerio de Salud, mejorando tanto la infraestructura existente como incorporando nuevos espacios para ampliar la capacidad de atenci\u00f3n y la calidad de los servicios.<\/p>\n<p>Con esta obra, el Gobierno de San Juan refuerza la red de atenci\u00f3n primaria de la salud en el departamento 25 de Mayo, garantizando mejores condiciones edilicias, mayor accesibilidad y nuevos servicios que impactan de manera directa en la calidad de vida de las vecinas y los vecinos de Las Casuarinas.<\/p>\n<p><iframe loading=\"lazy\" title=\"Orrego encabez\u00f3 la inauguraci\u00f3n de la ampliaci\u00f3n y refacci\u00f3n del Centro de Salud de Las Casuarinas\" width=\"800\" height=\"450\" src=\"https:\/\/www.youtube.com\/embed\/dUFmtN_J1d4?feature=oembed\" frameborder=\"0\" allow=\"accelerometer; autoplay; clipboard-write; encrypted-media; gyroscope; picture-in-picture; web-share\" referrerpolicy=\"strict-origin-when-cross-origin\" allowfullscreen><\/iframe><\/p>\n<p>En este contexto, el gobernador, Dr. Marcelo Orrego manifest\u00f3 que \u00abeste centro de atenci\u00f3n primaria es una obra muy especial porque fortalece \u00e1reas sensibles como la salud y permite descentralizar la atenci\u00f3n, evitando que muchas familias tengan que recorrer kil\u00f3metros para resolver problemas tan delicados. Con m\u00e1s especialidades y mejor infraestructura, quienes realmente hacen posible este servicio son los recursos humanos de la salud, que trabajan con vocaci\u00f3n y compromiso todos los d\u00edas\u201d.<\/p>\n<p>En el sector ya existente se realizaron tareas de mantenimiento general, mejoras en las instalaciones, pintura integral de los espacios y climatizaci\u00f3n en cada \u00e1rea. Funcionan el acceso principal peatonal, los consultorios de medicina familiar, cl\u00ednica m\u00e9dica y odontolog\u00eda, adem\u00e1s de los sectores de enfermer\u00eda, vacunaci\u00f3n, sanitarios para el p\u00fablico y para el personal, \u00e1reas limpia y sucia, espacio de acopio final de residuos patol\u00f3gicos, sala de espera, recepci\u00f3n, parquizaci\u00f3n y adecuaci\u00f3n de rampas de acceso peatonal. Esta intervenci\u00f3n abarc\u00f3 una superficie de 228 metros cuadrados.<\/p>\n<p>La ampliaci\u00f3n incorpor\u00f3 nuevos espacios clave para la atenci\u00f3n integral de la comunidad, entre ellos consultorios de cardiolog\u00eda y de psicolog\u00eda\/nutrici\u00f3n, farmacia, dep\u00f3sito de farmacia, ba\u00f1o adaptado y espacio de cisternas. El sector ampliado suma una superficie de 75 metros cuadrados.<\/p>\n<p><img loading=\"lazy\" decoding=\"async\" class=\"alignnone size-full wp-image-65642\" src=\"https:\/\/vocesparalelas.com.ar\/sitio\/wp-content\/uploads\/2023\/11\/GOBIERNO-SAN-JUAN.jpg\" alt=\"\" width=\"800\" height=\"600\" srcset=\"https:\/\/vocesparalelas.com.ar\/sitio\/wp-content\/uploads\/2023\/11\/GOBIERNO-SAN-JUAN.jpg 800w, https:\/\/vocesparalelas.com.ar\/sitio\/wp-content\/uploads\/2023\/11\/GOBIERNO-SAN-JUAN-300x225.jpg 300w, https:\/\/vocesparalelas.com.ar\/sitio\/wp-content\/uploads\/2023\/11\/GOBIERNO-SAN-JUAN-768x576.jpg 768w\" sizes=\"auto, (max-width: 800px) 100vw, 800px\" \/><\/p>\n","protected":false},"excerpt":{"rendered":"<p>El gobernador de San Juan, Dr. Marcelo Orrego presidi\u00f3 la inauguraci\u00f3n de la obra de ampliaci\u00f3n y refacci\u00f3n del Centro<\/p>\n","protected":false},"author":3,"featured_media":94973,"comment_status":"closed","ping_status":"closed","sticky":false,"template":"","format":"standard","meta":{"_acf_changed":false,"_seopress_robots_primary_cat":"none","_seopress_titles_title":"","_seopress_titles_desc":"","_seopress_robots_index":"","colormag_page_container_layout":"default_layout","colormag_page_sidebar_layout":"default_layout","footnotes":""},"categories":[1,7],"tags":[],"class_list":["post-94970","post","type-post","status-publish","format-standard","has-post-thumbnail","hentry","category-destacadas","category-videos"],"acf":[],"_links":{"self":[{"href":"https:\/\/vocesparalelas.com.ar\/sitio\/wp-json\/wp\/v2\/posts\/94970","targetHints":{"allow":["GET"]}}],"collection":[{"href":"https:\/\/vocesparalelas.com.ar\/sitio\/wp-json\/wp\/v2\/posts"}],"about":[{"href":"https:\/\/vocesparalelas.com.ar\/sitio\/wp-json\/wp\/v2\/types\/post"}],"author":[{"embeddable":true,"href":"https:\/\/vocesparalelas.com.ar\/sitio\/wp-json\/wp\/v2\/users\/3"}],"replies":[{"embeddable":true,"href":"https:\/\/vocesparalelas.com.ar\/sitio\/wp-json\/wp\/v2\/comments?post=94970"}],"version-history":[{"count":2,"href":"https:\/\/vocesparalelas.com.ar\/sitio\/wp-json\/wp\/v2\/posts\/94970\/revisions"}],"predecessor-version":[{"id":94975,"href":"https:\/\/vocesparalelas.com.ar\/sitio\/wp-json\/wp\/v2\/posts\/94970\/revisions\/94975"}],"wp:featuredmedia":[{"embeddable":true,"href":"https:\/\/vocesparalelas.com.ar\/sitio\/wp-json\/wp\/v2\/media\/94973"}],"wp:attachment":[{"href":"https:\/\/vocesparalelas.com.ar\/sitio\/wp-json\/wp\/v2\/media?parent=94970"}],"wp:term":[{"taxonomy":"category","embeddable":true,"href":"https:\/\/vocesparalelas.com.ar\/sitio\/wp-json\/wp\/v2\/categories?post=94970"},{"taxonomy":"post_tag","embeddable":true,"href":"https:\/\/vocesparalelas.com.ar\/sitio\/wp-json\/wp\/v2\/tags?post=94970"}],"curies":[{"name":"wp","href":"https:\/\/api.w.org\/{rel}","templated":true}]}}