{"id":94930,"date":"2025-12-14T11:12:58","date_gmt":"2025-12-14T14:12:58","guid":{"rendered":"https:\/\/vocesparalelas.com.ar\/sitio\/?p=94930"},"modified":"2025-12-15T21:35:20","modified_gmt":"2025-12-16T00:35:20","slug":"las-dudas-de-juan-el-bautista","status":"publish","type":"post","link":"https:\/\/vocesparalelas.com.ar\/sitio\/las-dudas-de-juan-el-bautista\/","title":{"rendered":"Las dudas de Juan el Bautista"},"content":{"rendered":"<p>Por el Arzobispo de San Juan de Cuyo, Monse\u00f1or Jorge Lozano<\/p>\n<p>Nos acercamos al tercer domingo de Adviento, esa etapa luminosa en la que la Iglesia invita a renovar la esperanza y a prepararnos, con coraz\u00f3n vigilante, para la llegada de Jes\u00fas. Es tiempo de alegr\u00eda y expectativa, pero tambi\u00e9n de sinceridad en nuestro camino de fe. Justamente, el evangelio de este domingo (Mateo 11, 2-11) nos presenta una escena profundamente humana: Juan el Bautista, el gran profeta que prepar\u00f3 el camino al Mes\u00edas, experimenta confusi\u00f3n y se anima a preguntar.<\/p>\n<p>Juan el Bautista es una figura central en la historia de la salvaci\u00f3n. Fue \u00e9l quien, en las orillas del Jord\u00e1n, identific\u00f3 a Jes\u00fas como \u201cel Cordero de Dios que quita el pecado del mundo\u201d. Su voz reson\u00f3 fuerte y clara, llamando a la conversi\u00f3n y anunciando la inminente llegada del Reino. Sin embargo, el panorama cambia dr\u00e1sticamente cuando Juan es encarcelado por denunciar la injusticia de Herodes. Desde la prisi\u00f3n, lejos de la multitud y del r\u00edo, su misi\u00f3n parece truncada, y el silencio lo envuelve.<\/p>\n<p>En ese contexto de encierro y soledad, Juan escucha hablar de las obras de Jes\u00fas: recibe a los pecadores con misericordia, toca a los leprosos. Y le surge la duda: \u00bfser\u00e1 el Mes\u00edas? Y manda algunos disc\u00edpulos a preguntar al Cristo: \u201c\u00bfSos vos el que ha de venir, o debemos esperar a otro?\u201d. Esta pregunta del Bautista no es un simple acto de curiosidad. Es el grito existencial de quien, habiendo entregado toda su vida a una misi\u00f3n, se enfrenta al misterio de Dios y a la posibilidad de no comprender del todo sus caminos.<\/p>\n<p>La duda de Juan no es un signo de debilidad sino de humanidad. Aun \u201cel m\u00e1s grande entre los nacidos de mujer\u201d puede experimentar momentos de incertidumbre. Juan no calla su inquietud; la transforma en b\u00fasqueda, en di\u00e1logo directo con Jes\u00fas.<\/p>\n<p>Muchas veces pensamos que la fe y la duda son realidades opuestas, incompatibles. Sin embargo, el evangelio nos muestra que pueden convivir, y que la pregunta forma parte de un camino de fe maduro y honesto. La duda no destruye la fe; la purifica y la fortalece, porque nos obliga a salir de las certezas c\u00f3modas y a buscar respuestas m\u00e1s profundas.<\/p>\n<p>Jes\u00fas responde a los disc\u00edpulos de Juan con una invitaci\u00f3n elocuente: \u201cVayan y cu\u00e9ntenle a Juan lo que oyen y ven: los ciegos ven, los cojos andan, los leprosos quedan limpios, los sordos oyen, los muertos<\/p>\n<p>resucitan, y a los pobres se les anuncia la Buena Noticia\u201d. No ofrece grandes discursos, ni promesas vagas. Se\u00f1ala las obras concretas, los signos visibles del Reino que ya est\u00e1 entre nosotros.<\/p>\n<p>Estas acciones son la credencial de su misi\u00f3n y el fundamento de su credibilidad. Las obras hablan m\u00e1s fuerte que las palabras. En ellas se revela la presencia de Dios que sana, transforma y libera. El verdadero Mes\u00edas se reconoce por la vida y la esperanza que genera en los m\u00e1s vulnerables.<\/p>\n<p>A diez d\u00edas de la Nochebuena, este evangelio nos interpela de manera personal y comunitaria. \u00bfQu\u00e9 hacemos con nuestras propias dudas? \u00bfNos animamos a presentarlas ante Dios, como Juan? \u00bfO preferimos callarlas, por temor a que sean vistas como falta de fe?<\/p>\n<p>Hoy, Jes\u00fas sigue invit\u00e1ndonos a mirar las obras, a buscar los signos de su presencia en medio nuestro. Las preguntas no deben paralizarnos. M\u00e1s bien nos impulsan a revisar qu\u00e9 signos de credibilidad mostramos en nuestra vida cotidiana: gestos de compasi\u00f3n, palabras de \u00e1nimo, manos tendidas, tiempo compartido con quienes m\u00e1s lo necesitan. \u00bfQu\u00e9 \u201cobras\u201d son testimonio de nuestra fe, ante los ojos de quienes nos rodean?<\/p>\n<p>La fe aut\u00e9ntica no teme a las sombras de la incertidumbre, porque conf\u00eda en que Dios se revela en lo concreto, en lo peque\u00f1o, en las obras sencillas de amor.<\/p>\n<p>Que, en estos d\u00edas previos a la Navidad, nos animemos a abrazar nuestras preguntas y a fortalecer nuestra fe a trav\u00e9s de obras que hablen de la presencia viva de Jes\u00fas. As\u00ed, nuestra espera ser\u00e1 activa y luminosa, y nuestra vida, un verdadero testimonio de Adviento.<\/p>\n<p><iframe loading=\"lazy\" title=\"SAN JUAN MONSE\u00d1OR JORGE LOZANO \" width=\"800\" height=\"450\" src=\"https:\/\/www.youtube.com\/embed\/r-Bcvfjkdqo?feature=oembed\" frameborder=\"0\" allow=\"accelerometer; autoplay; clipboard-write; encrypted-media; gyroscope; picture-in-picture; web-share\" referrerpolicy=\"strict-origin-when-cross-origin\" allowfullscreen><\/iframe><\/p>\n<p>&nbsp;<\/p>\n<p><img loading=\"lazy\" decoding=\"async\" class=\"alignnone size-full wp-image-61416\" src=\"https:\/\/vocesparalelas.com.ar\/sitio\/wp-content\/uploads\/2023\/07\/ARZOBISPADO-EDIFICIO.jpg\" alt=\"\" width=\"800\" height=\"600\" srcset=\"https:\/\/vocesparalelas.com.ar\/sitio\/wp-content\/uploads\/2023\/07\/ARZOBISPADO-EDIFICIO.jpg 800w, https:\/\/vocesparalelas.com.ar\/sitio\/wp-content\/uploads\/2023\/07\/ARZOBISPADO-EDIFICIO-300x225.jpg 300w, https:\/\/vocesparalelas.com.ar\/sitio\/wp-content\/uploads\/2023\/07\/ARZOBISPADO-EDIFICIO-768x576.jpg 768w\" sizes=\"auto, (max-width: 800px) 100vw, 800px\" \/><\/p>\n","protected":false},"excerpt":{"rendered":"<p>Por el Arzobispo de San Juan de Cuyo, Monse\u00f1or Jorge Lozano Nos acercamos al tercer domingo de Adviento, esa etapa<\/p>\n","protected":false},"author":3,"featured_media":81112,"comment_status":"closed","ping_status":"closed","sticky":false,"template":"","format":"standard","meta":{"_acf_changed":false,"_seopress_robots_primary_cat":"none","_seopress_titles_title":"","_seopress_titles_desc":"","_seopress_robots_index":"","colormag_page_container_layout":"default_layout","colormag_page_sidebar_layout":"default_layout","footnotes":""},"categories":[10,7],"tags":[],"class_list":["post-94930","post","type-post","status-publish","format-standard","has-post-thumbnail","hentry","category-opiniones","category-videos"],"acf":[],"_links":{"self":[{"href":"https:\/\/vocesparalelas.com.ar\/sitio\/wp-json\/wp\/v2\/posts\/94930","targetHints":{"allow":["GET"]}}],"collection":[{"href":"https:\/\/vocesparalelas.com.ar\/sitio\/wp-json\/wp\/v2\/posts"}],"about":[{"href":"https:\/\/vocesparalelas.com.ar\/sitio\/wp-json\/wp\/v2\/types\/post"}],"author":[{"embeddable":true,"href":"https:\/\/vocesparalelas.com.ar\/sitio\/wp-json\/wp\/v2\/users\/3"}],"replies":[{"embeddable":true,"href":"https:\/\/vocesparalelas.com.ar\/sitio\/wp-json\/wp\/v2\/comments?post=94930"}],"version-history":[{"count":1,"href":"https:\/\/vocesparalelas.com.ar\/sitio\/wp-json\/wp\/v2\/posts\/94930\/revisions"}],"predecessor-version":[{"id":94933,"href":"https:\/\/vocesparalelas.com.ar\/sitio\/wp-json\/wp\/v2\/posts\/94930\/revisions\/94933"}],"wp:featuredmedia":[{"embeddable":true,"href":"https:\/\/vocesparalelas.com.ar\/sitio\/wp-json\/wp\/v2\/media\/81112"}],"wp:attachment":[{"href":"https:\/\/vocesparalelas.com.ar\/sitio\/wp-json\/wp\/v2\/media?parent=94930"}],"wp:term":[{"taxonomy":"category","embeddable":true,"href":"https:\/\/vocesparalelas.com.ar\/sitio\/wp-json\/wp\/v2\/categories?post=94930"},{"taxonomy":"post_tag","embeddable":true,"href":"https:\/\/vocesparalelas.com.ar\/sitio\/wp-json\/wp\/v2\/tags?post=94930"}],"curies":[{"name":"wp","href":"https:\/\/api.w.org\/{rel}","templated":true}]}}