{"id":94926,"date":"2025-12-13T11:48:26","date_gmt":"2025-12-13T14:48:26","guid":{"rendered":"https:\/\/vocesparalelas.com.ar\/sitio\/?p=94926"},"modified":"2025-12-15T21:35:52","modified_gmt":"2025-12-16T00:35:52","slug":"la-voz-de-uda-en-representacion-de-las-voces-de-los-docentes-de-san-juan","status":"publish","type":"post","link":"https:\/\/vocesparalelas.com.ar\/sitio\/la-voz-de-uda-en-representacion-de-las-voces-de-los-docentes-de-san-juan\/","title":{"rendered":"La Voz de UDA en representaci\u00f3n de las voces de los docentes de San Juan"},"content":{"rendered":"<p>UDA ratifica su postura en la mesa paritaria, llevando la decisi\u00f3n un\u00e1nime de su \u00f3rgano estatutario: aceptar la propuesta por el mes de diciembre, que consiste en IPC + 5 puntos al A01 y 4 puntos al E60 para su liquidaci\u00f3n inmediata, y continuar negociando el acuerdo de 2026 sin la imposici\u00f3n de condicionamientos.<\/p>\n<p>Este mandato de rechazo al \u00abcombo\u00bb gubernamental es respaldado por un 99% de la docencia, ya que la propuesta de un 5% por tres meses al valor \u00edndice de diciembre significar\u00eda una p\u00e9rdida salarial real y un congelamiento efectivo durante enero y febrero.<\/p>\n<p>El Gobierno no solo ignora el mandato de la docencia, sino que, en la \u00faltima sesi\u00f3n, ha decidido empeorar su propia oferta para diciembre (eliminando los 5 puntos al A01 y manteniendo solo el IPC m\u00e1s 4 puntos al E60). Esta postura de \u00abtodo o nada\u00bb (aceptaci\u00f3n del combo completo o liquidaci\u00f3n unilateral, como ya ocurri\u00f3 en noviembre) se mantiene pese al rechazo expreso de los docentes.<\/p>\n<p>Advertimos que una nueva liquidaci\u00f3n unilateral y arbitraria ser\u00e1 un grave incumplimiento de la palabra, especialmente al retractarse de la propuesta que el mismo Gobierno puso sobre la mesa en diciembre.<\/p>\n<p>La docencia ha sido paciente y espera que se cumpla con la propuesta inicial y trabajada para el mes de diciembre (IPC + 5 puntos al A01 y 4 puntos al E60); sin embargo, al mantener esta postura de imposici\u00f3n, el Gobierno pone en peligro el di\u00e1logo y la paz social. Predican su inter\u00e9s por el sector, pero sus pol\u00edticas contradicen ese discurso.<\/p>\n<p>Para no perder el \u00e1mbito paritario, solicita, como se expresa en el acta, que la reuni\u00f3n del martes 16 de diciembre se desarrolle en un marco de negociaci\u00f3n leg\u00edtima.<\/p>\n<p>&nbsp;<\/p>\n<p style=\"text-align: right;\">Comisi\u00f3n Directiva UDA Seccional San Juan<\/p>\n<p>&nbsp;<\/p>\n<p><img loading=\"lazy\" decoding=\"async\" class=\"alignnone size-full wp-image-86898\" src=\"https:\/\/vocesparalelas.com.ar\/sitio\/wp-content\/uploads\/2025\/05\/UDA-LOGO.jpg\" alt=\"\" width=\"800\" height=\"455\" srcset=\"https:\/\/vocesparalelas.com.ar\/sitio\/wp-content\/uploads\/2025\/05\/UDA-LOGO.jpg 800w, https:\/\/vocesparalelas.com.ar\/sitio\/wp-content\/uploads\/2025\/05\/UDA-LOGO-300x171.jpg 300w, https:\/\/vocesparalelas.com.ar\/sitio\/wp-content\/uploads\/2025\/05\/UDA-LOGO-768x437.jpg 768w\" sizes=\"auto, (max-width: 800px) 100vw, 800px\" \/><\/p>\n","protected":false},"excerpt":{"rendered":"<p>UDA ratifica su postura en la mesa paritaria, llevando la decisi\u00f3n un\u00e1nime de su \u00f3rgano estatutario: aceptar la propuesta por<\/p>\n","protected":false},"author":3,"featured_media":74657,"comment_status":"closed","ping_status":"closed","sticky":false,"template":"","format":"standard","meta":{"_acf_changed":false,"_seopress_robots_primary_cat":"none","_seopress_titles_title":"","_seopress_titles_desc":"","_seopress_robots_index":"","colormag_page_container_layout":"default_layout","colormag_page_sidebar_layout":"default_layout","footnotes":""},"categories":[5],"tags":[],"class_list":["post-94926","post","type-post","status-publish","format-standard","has-post-thumbnail","hentry","category-ofrecimientos"],"acf":[],"_links":{"self":[{"href":"https:\/\/vocesparalelas.com.ar\/sitio\/wp-json\/wp\/v2\/posts\/94926","targetHints":{"allow":["GET"]}}],"collection":[{"href":"https:\/\/vocesparalelas.com.ar\/sitio\/wp-json\/wp\/v2\/posts"}],"about":[{"href":"https:\/\/vocesparalelas.com.ar\/sitio\/wp-json\/wp\/v2\/types\/post"}],"author":[{"embeddable":true,"href":"https:\/\/vocesparalelas.com.ar\/sitio\/wp-json\/wp\/v2\/users\/3"}],"replies":[{"embeddable":true,"href":"https:\/\/vocesparalelas.com.ar\/sitio\/wp-json\/wp\/v2\/comments?post=94926"}],"version-history":[{"count":1,"href":"https:\/\/vocesparalelas.com.ar\/sitio\/wp-json\/wp\/v2\/posts\/94926\/revisions"}],"predecessor-version":[{"id":94929,"href":"https:\/\/vocesparalelas.com.ar\/sitio\/wp-json\/wp\/v2\/posts\/94926\/revisions\/94929"}],"wp:featuredmedia":[{"embeddable":true,"href":"https:\/\/vocesparalelas.com.ar\/sitio\/wp-json\/wp\/v2\/media\/74657"}],"wp:attachment":[{"href":"https:\/\/vocesparalelas.com.ar\/sitio\/wp-json\/wp\/v2\/media?parent=94926"}],"wp:term":[{"taxonomy":"category","embeddable":true,"href":"https:\/\/vocesparalelas.com.ar\/sitio\/wp-json\/wp\/v2\/categories?post=94926"},{"taxonomy":"post_tag","embeddable":true,"href":"https:\/\/vocesparalelas.com.ar\/sitio\/wp-json\/wp\/v2\/tags?post=94926"}],"curies":[{"name":"wp","href":"https:\/\/api.w.org\/{rel}","templated":true}]}}