{"id":94912,"date":"2025-12-12T21:43:37","date_gmt":"2025-12-13T00:43:37","guid":{"rendered":"https:\/\/vocesparalelas.com.ar\/sitio\/?p=94912"},"modified":"2025-12-15T21:38:44","modified_gmt":"2025-12-16T00:38:44","slug":"cantautora-aime-en-el-chalet-cantoni-de-san-juan","status":"publish","type":"post","link":"https:\/\/vocesparalelas.com.ar\/sitio\/cantautora-aime-en-el-chalet-cantoni-de-san-juan\/","title":{"rendered":"Cantautora \u00abAim\u00e9\u00bb en el Chalet Cantoni de San Juan"},"content":{"rendered":"<p>El Jueves, 18 de Diciembre, a las 20.30 hs.; en el Chalet Cantoni, con entrada libre y gratuita, se presenta el ac\u00fastico con Aim\u00e9 y su guitarra haciendo canciones de Ansias y adelantos de lo que se viene con \u201cSoy canciones\u201d.<\/p>\n<p>En una suerte de reconfiguraci\u00f3n y de nueva etapa, la m\u00fasica y cantautora Aim\u00e9, quien se present\u00f3 hasta hace poco tiempo como Eli Dom\u00ednguez, presenta parte del material de su nuevo disco titulado \u201cSoy canciones\u201d, producido por Brenda Martin, bajista de Eruca Sativa.<\/p>\n<p>Ese trabajo est\u00e1 en las plataformas en el oto\u00f1o de 2026. Aim\u00e9 es el segundo nombre de Eliana Dom\u00ednguez, m\u00fasica nacida en J\u00e1chal y docente del Departamento de M\u00fasica de la Facultad de Filosof\u00eda, Humanidades y Artes de la Universidad Nacional de San Juan.<\/p>\n<p>Ella define como \u201cshow \u00edntimo\u201d, Aim\u00e9 presentar\u00e1 el videoclip de la canci\u00f3n \u201cAh\u00ed brillas\u201d, primer corte de este segundo disco que\u00a0tendr\u00e1\u00a0nueve canciones,\u00a0que fue grabado en Buenos Aires y fue\u00a0producido musicalmente por Aim\u00e9 junto a Brenda Martin, bajista del grupo de rock alternativo Eruca Sativa. Cada vez que Aim\u00e9 canta su canci\u00f3n \u201cAh\u00ed brillas\u201d, la dedica a la memoria del m\u00fasico Juan Carlos Rubio. \u201cPertenece a la gente que en San Juan me ampar\u00f3 para poder hacer este disco\u201d, dice la m\u00fasica.<\/p>\n<p><iframe loading=\"lazy\" title=\"Ah\u00ed brillas - Aim\u00e9 \" width=\"800\" height=\"600\" src=\"https:\/\/www.youtube.com\/embed\/eg8u3Ud39ik?feature=oembed\" frameborder=\"0\" allow=\"accelerometer; autoplay; clipboard-write; encrypted-media; gyroscope; picture-in-picture; web-share\" referrerpolicy=\"strict-origin-when-cross-origin\" allowfullscreen><\/iframe><\/p>\n<p>&nbsp;<\/p>\n<p>\u201cSoy canciones\u201d, trabajo que ya se proyecta con mucha fusi\u00f3n, es el segundo disco de Aim\u00e9, luego de \u201cAnsias\u201d, que en realidad fue un EP (producci\u00f3n m\u00e1s corta que un \u00e1lbum de larga duraci\u00f3n). \u201cVoy a ir sacando algunos singles hasta que salga el disco completo.\u00a0El folclore siempre est\u00e1 en mi ra\u00edz musical, siempre reaparece de diferentes maneras. A veces es un folclore regional, a veces es un folclore m\u00e1s latinoamericano. A \u2018Soy canciones\u2019 yo lo siento muy personal y muy distinto al sonido que ven\u00eda manejando. Por eso cambio el nombre, la est\u00e9tica es nueva, pero conservando muchas cosas de lo que es esencial en mi m\u00fasica. Entonces hay un poco de folclore, de jazz, de rock, de indie\u201d, describe Aim\u00e9.<\/p>\n<figure id=\"attachment_46297\" aria-describedby=\"caption-attachment-46297\" style=\"width: 782px\" class=\"wp-caption alignnone\"><img loading=\"lazy\" decoding=\"async\" class=\"size-full wp-image-46297\" src=\"https:\/\/vocesparalelas.com.ar\/sitio\/wp-content\/uploads\/2022\/02\/CHALET-CANTONI.jpg\" alt=\"\" width=\"782\" height=\"440\" srcset=\"https:\/\/vocesparalelas.com.ar\/sitio\/wp-content\/uploads\/2022\/02\/CHALET-CANTONI.jpg 782w, https:\/\/vocesparalelas.com.ar\/sitio\/wp-content\/uploads\/2022\/02\/CHALET-CANTONI-300x169.jpg 300w, https:\/\/vocesparalelas.com.ar\/sitio\/wp-content\/uploads\/2022\/02\/CHALET-CANTONI-768x432.jpg 768w\" sizes=\"auto, (max-width: 782px) 100vw, 782px\" \/><figcaption id=\"caption-attachment-46297\" class=\"wp-caption-text\">Chalet Cantoni, Departamento Rivadavia, Provincia San Juan, Rep\u00fablica Argentita<\/figcaption><\/figure>\n<p>&nbsp;<\/p>\n<p>&nbsp;<\/p>\n","protected":false},"excerpt":{"rendered":"<p>El Jueves, 18 de Diciembre, a las 20.30 hs.; en el Chalet Cantoni, con entrada libre y gratuita, se presenta<\/p>\n","protected":false},"author":3,"featured_media":94915,"comment_status":"closed","ping_status":"closed","sticky":false,"template":"","format":"standard","meta":{"_acf_changed":false,"_seopress_robots_primary_cat":"none","_seopress_titles_title":"","_seopress_titles_desc":"","_seopress_robots_index":"","colormag_page_container_layout":"default_layout","colormag_page_sidebar_layout":"default_layout","footnotes":""},"categories":[20,7],"tags":[],"class_list":["post-94912","post","type-post","status-publish","format-standard","has-post-thumbnail","hentry","category-cartelera","category-videos"],"acf":[],"_links":{"self":[{"href":"https:\/\/vocesparalelas.com.ar\/sitio\/wp-json\/wp\/v2\/posts\/94912","targetHints":{"allow":["GET"]}}],"collection":[{"href":"https:\/\/vocesparalelas.com.ar\/sitio\/wp-json\/wp\/v2\/posts"}],"about":[{"href":"https:\/\/vocesparalelas.com.ar\/sitio\/wp-json\/wp\/v2\/types\/post"}],"author":[{"embeddable":true,"href":"https:\/\/vocesparalelas.com.ar\/sitio\/wp-json\/wp\/v2\/users\/3"}],"replies":[{"embeddable":true,"href":"https:\/\/vocesparalelas.com.ar\/sitio\/wp-json\/wp\/v2\/comments?post=94912"}],"version-history":[{"count":1,"href":"https:\/\/vocesparalelas.com.ar\/sitio\/wp-json\/wp\/v2\/posts\/94912\/revisions"}],"predecessor-version":[{"id":94916,"href":"https:\/\/vocesparalelas.com.ar\/sitio\/wp-json\/wp\/v2\/posts\/94912\/revisions\/94916"}],"wp:featuredmedia":[{"embeddable":true,"href":"https:\/\/vocesparalelas.com.ar\/sitio\/wp-json\/wp\/v2\/media\/94915"}],"wp:attachment":[{"href":"https:\/\/vocesparalelas.com.ar\/sitio\/wp-json\/wp\/v2\/media?parent=94912"}],"wp:term":[{"taxonomy":"category","embeddable":true,"href":"https:\/\/vocesparalelas.com.ar\/sitio\/wp-json\/wp\/v2\/categories?post=94912"},{"taxonomy":"post_tag","embeddable":true,"href":"https:\/\/vocesparalelas.com.ar\/sitio\/wp-json\/wp\/v2\/tags?post=94912"}],"curies":[{"name":"wp","href":"https:\/\/api.w.org\/{rel}","templated":true}]}}