{"id":94895,"date":"2025-12-12T20:57:56","date_gmt":"2025-12-12T23:57:56","guid":{"rendered":"https:\/\/vocesparalelas.com.ar\/sitio\/?p=94895"},"modified":"2025-12-12T20:57:56","modified_gmt":"2025-12-12T23:57:56","slug":"se-abrieron-los-sobres-de-la-licitacion-para-continuar-la-obra-de-la-escuela-de-musica-de-la-ffha-de-la-unsj","status":"publish","type":"post","link":"https:\/\/vocesparalelas.com.ar\/sitio\/se-abrieron-los-sobres-de-la-licitacion-para-continuar-la-obra-de-la-escuela-de-musica-de-la-ffha-de-la-unsj\/","title":{"rendered":"Se abrieron los sobres de la Licitaci\u00f3n para continuar la obra de la Escuela de M\u00fasica de la FFHA de la UNSJ"},"content":{"rendered":"<p>El 10 de Diciembre, se abrieron los sobres correspondientes a la licitaci\u00f3n para terminar la obra de la Escuela de M\u00fasica de la Facultad de Filosof\u00eda, Humanidades y Artes de la Universidad Nacional de San Juan.<\/p>\n<p>Siendo un edificio largamente esperado por la comunidad universitaria.<\/p>\n<p>En esta oportunidad, se presentaron cinco empresas constructoras, cuyos representantes estuvieron presentes en el acto.<\/p>\n<p>Una vez terminado, se labr\u00f3 un acta, que fue firmada por los presentes. Cabe recordar que el presupuesto oficial de la obra asciende a $1.864.661.879,93<\/p>\n<p>Desde la Secretar\u00eda de Obras y Servicios, se inform\u00f3 que la preadjudicaci\u00f3n se realiza antes de fin de a\u00f1o.<\/p>\n<p><img loading=\"lazy\" decoding=\"async\" class=\"alignnone size-full wp-image-79515\" src=\"https:\/\/vocesparalelas.com.ar\/sitio\/wp-content\/uploads\/2024\/11\/UNSJ-LOGO-01.jpg\" alt=\"\" width=\"800\" height=\"459\" srcset=\"https:\/\/vocesparalelas.com.ar\/sitio\/wp-content\/uploads\/2024\/11\/UNSJ-LOGO-01.jpg 800w, https:\/\/vocesparalelas.com.ar\/sitio\/wp-content\/uploads\/2024\/11\/UNSJ-LOGO-01-300x172.jpg 300w, https:\/\/vocesparalelas.com.ar\/sitio\/wp-content\/uploads\/2024\/11\/UNSJ-LOGO-01-768x441.jpg 768w\" sizes=\"auto, (max-width: 800px) 100vw, 800px\" \/><\/p>\n","protected":false},"excerpt":{"rendered":"<p>El 10 de Diciembre, se abrieron los sobres correspondientes a la licitaci\u00f3n para terminar la obra de la Escuela de<\/p>\n","protected":false},"author":3,"featured_media":44706,"comment_status":"closed","ping_status":"closed","sticky":false,"template":"","format":"standard","meta":{"_acf_changed":false,"_seopress_robots_primary_cat":"none","_seopress_titles_title":"","_seopress_titles_desc":"","_seopress_robots_index":"","colormag_page_container_layout":"default_layout","colormag_page_sidebar_layout":"default_layout","footnotes":""},"categories":[1],"tags":[],"class_list":["post-94895","post","type-post","status-publish","format-standard","has-post-thumbnail","hentry","category-destacadas"],"acf":[],"_links":{"self":[{"href":"https:\/\/vocesparalelas.com.ar\/sitio\/wp-json\/wp\/v2\/posts\/94895","targetHints":{"allow":["GET"]}}],"collection":[{"href":"https:\/\/vocesparalelas.com.ar\/sitio\/wp-json\/wp\/v2\/posts"}],"about":[{"href":"https:\/\/vocesparalelas.com.ar\/sitio\/wp-json\/wp\/v2\/types\/post"}],"author":[{"embeddable":true,"href":"https:\/\/vocesparalelas.com.ar\/sitio\/wp-json\/wp\/v2\/users\/3"}],"replies":[{"embeddable":true,"href":"https:\/\/vocesparalelas.com.ar\/sitio\/wp-json\/wp\/v2\/comments?post=94895"}],"version-history":[{"count":1,"href":"https:\/\/vocesparalelas.com.ar\/sitio\/wp-json\/wp\/v2\/posts\/94895\/revisions"}],"predecessor-version":[{"id":94898,"href":"https:\/\/vocesparalelas.com.ar\/sitio\/wp-json\/wp\/v2\/posts\/94895\/revisions\/94898"}],"wp:featuredmedia":[{"embeddable":true,"href":"https:\/\/vocesparalelas.com.ar\/sitio\/wp-json\/wp\/v2\/media\/44706"}],"wp:attachment":[{"href":"https:\/\/vocesparalelas.com.ar\/sitio\/wp-json\/wp\/v2\/media?parent=94895"}],"wp:term":[{"taxonomy":"category","embeddable":true,"href":"https:\/\/vocesparalelas.com.ar\/sitio\/wp-json\/wp\/v2\/categories?post=94895"},{"taxonomy":"post_tag","embeddable":true,"href":"https:\/\/vocesparalelas.com.ar\/sitio\/wp-json\/wp\/v2\/tags?post=94895"}],"curies":[{"name":"wp","href":"https:\/\/api.w.org\/{rel}","templated":true}]}}