{"id":94885,"date":"2025-12-12T14:15:10","date_gmt":"2025-12-12T17:15:10","guid":{"rendered":"https:\/\/vocesparalelas.com.ar\/sitio\/?p=94885"},"modified":"2025-12-12T14:16:12","modified_gmt":"2025-12-12T17:16:12","slug":"avanza-el-tratamiento-de-la-ley-impositiva-y-el-codigo-tributario-en-la-camara-de-diputados-de-san-juan","status":"publish","type":"post","link":"https:\/\/vocesparalelas.com.ar\/sitio\/avanza-el-tratamiento-de-la-ley-impositiva-y-el-codigo-tributario-en-la-camara-de-diputados-de-san-juan\/","title":{"rendered":"Avanza el tratamiento de la Ley Impositiva y el C\u00f3digo Tributario en la C\u00e1mara de Diputados de San Juan"},"content":{"rendered":"<p>Los integrantes de las Comisiones de Legislaci\u00f3n y Asuntos Constitucionales y Hacienda y Presupuesto de la C\u00e1mara de Diputados de San Juan, mantuvieron una reuni\u00f3n conjunta donde recibieron al Director de Rentas del Ministerio de Economia, Hacienda y Finanzas del Gobierno de San Juan, CPN Marco Roca, quien explic\u00f3 detalles de ambos proyectos presentados.<\/p>\n<p>En el Edificio Anexo de la Legislatura Provincial, los diputados comenzaron a analizar punto por punto los proyectos ingresados en la \u00faltima Sesi\u00f3n Ordinaria. Participaron los legisladores Juan de la Cruz C\u00f3rdoba, Franco Aranda, Mar\u00eda Rita Lascano, Marcela Quiroga, Rosana Luque, Fernando Patinella, Gabriel S\u00e1nchez, Juan Carlos Quiroga Moyano, Fernanda Paredes, Miguel Vega, Sonia Ferreyra, Alejandra Leonardo, Pedro Albagli, Stella Caparr\u00f3s, Marisa L\u00f3pez y M\u00f3nica Gonz\u00e1lez.<\/p>\n<p><img loading=\"lazy\" decoding=\"async\" class=\"alignnone size-large wp-image-94889\" src=\"https:\/\/vocesparalelas.com.ar\/sitio\/wp-content\/uploads\/2025\/12\/CDSJ-RENTA-02.jpg\" alt=\"\" width=\"800\" height=\"512\" srcset=\"https:\/\/vocesparalelas.com.ar\/sitio\/wp-content\/uploads\/2025\/12\/CDSJ-RENTA-02.jpg 800w, https:\/\/vocesparalelas.com.ar\/sitio\/wp-content\/uploads\/2025\/12\/CDSJ-RENTA-02-300x192.jpg 300w, https:\/\/vocesparalelas.com.ar\/sitio\/wp-content\/uploads\/2025\/12\/CDSJ-RENTA-02-768x492.jpg 768w\" sizes=\"auto, (max-width: 800px) 100vw, 800px\" \/><\/p>\n<p>En primer t\u00e9rmino, se analiz\u00f3 el\u00a0Expediente N\u00ba 2932, donde se presenta el Proyecto de Ley modificatorio de la\u00a0Ley N\u00b0 151-I (C\u00f3digo Tributario). Seg\u00fan se expresa en los fundamentos del mismo,\u00a0\u201clas modificaciones que se proponen con el presente Proyecto de Ley tienden a fortalecer y arreciar el marco legal tributario, estableciendo criterios m\u00e1s claros para su aplicaci\u00f3n\u201d.<\/p>\n<p>Los diputados presentes evacuaron dudas y expresaron opiniones sobre cada uno de los art\u00edculos que all\u00ed se presentan. Fue el Director de Rentas quien dio respuestas ante las consultas y explic\u00f3 en detalle cada aspecto requerido, en una reuni\u00f3n que se extendi\u00f3 por m\u00e1s de 3 horas.<\/p>\n<p>Luego se trabaj\u00f3 sobre el\u00a0Expediente N\u00ba 2933, que contiene el Proyecto de Ley Impositiva para el A\u00f1o Fiscal 2026, presentando las modificaciones introducidas respecto de la\u00a0Ley N\u00b0 2730-I.\u00a0Dentro de sus fundamentos se expresa que dichas modificaciones\u00a0\u201creflejan los lineamientos de la pol\u00edtica tributaria que el Poder Ejecutivo propone llevar a cabo en la Provincia durante el a\u00f1o 2026, con el prop\u00f3sito de contribuir a una m\u00e1s equitativa distribuci\u00f3n de las cargas fiscales, como as\u00ed tambi\u00e9n, de continuar con la optimizaci\u00f3n de los efectos econ\u00f3micos del sistema\u201d.<\/p>\n<p>Una vez concluido con el debate de cada uno de los art\u00edculos de ambos proyectos, se decidi\u00f3 dar paso a un\u00a0cuarto intermedio\u00a0para la semana pr\u00f3xima, donde se profundizar\u00e1 y se dar\u00e1 tratamiento tambi\u00e9n al Proyecto del Presupuesto Provincial 2026.<\/p>\n<figure id=\"attachment_37951\" aria-describedby=\"caption-attachment-37951\" style=\"width: 800px\" class=\"wp-caption alignnone\"><img loading=\"lazy\" decoding=\"async\" class=\"size-full wp-image-37951\" src=\"https:\/\/vocesparalelas.com.ar\/sitio\/wp-content\/uploads\/2021\/05\/CAMARA-EDIFICIO.jpg\" alt=\"\" width=\"800\" height=\"515\" srcset=\"https:\/\/vocesparalelas.com.ar\/sitio\/wp-content\/uploads\/2021\/05\/CAMARA-EDIFICIO.jpg 800w, https:\/\/vocesparalelas.com.ar\/sitio\/wp-content\/uploads\/2021\/05\/CAMARA-EDIFICIO-300x193.jpg 300w, https:\/\/vocesparalelas.com.ar\/sitio\/wp-content\/uploads\/2021\/05\/CAMARA-EDIFICIO-768x494.jpg 768w\" sizes=\"auto, (max-width: 800px) 100vw, 800px\" \/><figcaption id=\"caption-attachment-37951\" class=\"wp-caption-text\">Legislatura Provincial de San Juan, Rep\u00fablica Argentina<\/figcaption><\/figure>\n","protected":false},"excerpt":{"rendered":"<p>Los integrantes de las Comisiones de Legislaci\u00f3n y Asuntos Constitucionales y Hacienda y Presupuesto de la C\u00e1mara de Diputados de<\/p>\n","protected":false},"author":3,"featured_media":94888,"comment_status":"closed","ping_status":"closed","sticky":false,"template":"","format":"standard","meta":{"_acf_changed":false,"_seopress_robots_primary_cat":"none","_seopress_titles_title":"","_seopress_titles_desc":"","_seopress_robots_index":"","colormag_page_container_layout":"default_layout","colormag_page_sidebar_layout":"default_layout","footnotes":""},"categories":[1],"tags":[],"class_list":["post-94885","post","type-post","status-publish","format-standard","has-post-thumbnail","hentry","category-destacadas"],"acf":[],"_links":{"self":[{"href":"https:\/\/vocesparalelas.com.ar\/sitio\/wp-json\/wp\/v2\/posts\/94885","targetHints":{"allow":["GET"]}}],"collection":[{"href":"https:\/\/vocesparalelas.com.ar\/sitio\/wp-json\/wp\/v2\/posts"}],"about":[{"href":"https:\/\/vocesparalelas.com.ar\/sitio\/wp-json\/wp\/v2\/types\/post"}],"author":[{"embeddable":true,"href":"https:\/\/vocesparalelas.com.ar\/sitio\/wp-json\/wp\/v2\/users\/3"}],"replies":[{"embeddable":true,"href":"https:\/\/vocesparalelas.com.ar\/sitio\/wp-json\/wp\/v2\/comments?post=94885"}],"version-history":[{"count":1,"href":"https:\/\/vocesparalelas.com.ar\/sitio\/wp-json\/wp\/v2\/posts\/94885\/revisions"}],"predecessor-version":[{"id":94890,"href":"https:\/\/vocesparalelas.com.ar\/sitio\/wp-json\/wp\/v2\/posts\/94885\/revisions\/94890"}],"wp:featuredmedia":[{"embeddable":true,"href":"https:\/\/vocesparalelas.com.ar\/sitio\/wp-json\/wp\/v2\/media\/94888"}],"wp:attachment":[{"href":"https:\/\/vocesparalelas.com.ar\/sitio\/wp-json\/wp\/v2\/media?parent=94885"}],"wp:term":[{"taxonomy":"category","embeddable":true,"href":"https:\/\/vocesparalelas.com.ar\/sitio\/wp-json\/wp\/v2\/categories?post=94885"},{"taxonomy":"post_tag","embeddable":true,"href":"https:\/\/vocesparalelas.com.ar\/sitio\/wp-json\/wp\/v2\/tags?post=94885"}],"curies":[{"name":"wp","href":"https:\/\/api.w.org\/{rel}","templated":true}]}}