{"id":94881,"date":"2025-12-11T13:14:20","date_gmt":"2025-12-11T16:14:20","guid":{"rendered":"https:\/\/vocesparalelas.com.ar\/sitio\/?p=94881"},"modified":"2025-12-13T12:00:51","modified_gmt":"2025-12-13T15:00:51","slug":"expo-policial-de-san-juan","status":"publish","type":"post","link":"https:\/\/vocesparalelas.com.ar\/sitio\/expo-policial-de-san-juan\/","title":{"rendered":"\u00abExpo Policial\u00bb de San Juan"},"content":{"rendered":"<p>El Viernes, 12 de Diciembre, desde las 19 hs, en el Paseo Las Palmeras del Parque de Mayo, la Polic\u00eda de San Juan desarrolla la Expo Policial en el Paseo Las Palmeras del Parque de Mayo, abierta a toda la comunidad.<\/p>\n<p>La propuesta busca acercar el trabajo diario de la fuerza a las familias sanjuaninas mediante exhibiciones, demostraciones y espect\u00e1culos art\u00edsticos.<\/p>\n<p>Durante la jornada, distintas \u00e1reas policiales muestran sus tareas operativas, hay demostraciones de canes, la actuaci\u00f3n de la Banda de M\u00fasica y un espacio gastron\u00f3mico con food trucks.<\/p>\n<p>Tambi\u00e9n participan la Orquesta Escuela, el Coro Preuniversitario y Universitario, Ballet Vanguardia, Ballet Sembrando Ilusiones y Los Arrieros Huaque\u00f1os, Asociaci\u00f3n amigos de la Casa de Sarmiento, Asociaci\u00f3n Sanmartiniana y Asociaci\u00f3n Belgraniana, sumando una propuesta cultural para todo p\u00fablico.<\/p>\n<p><img loading=\"lazy\" decoding=\"async\" class=\"alignnone size-full wp-image-59001\" src=\"https:\/\/vocesparalelas.com.ar\/sitio\/wp-content\/uploads\/2023\/05\/POLICIA-LOGO.jpg\" alt=\"\" width=\"800\" height=\"600\" srcset=\"https:\/\/vocesparalelas.com.ar\/sitio\/wp-content\/uploads\/2023\/05\/POLICIA-LOGO.jpg 800w, https:\/\/vocesparalelas.com.ar\/sitio\/wp-content\/uploads\/2023\/05\/POLICIA-LOGO-300x225.jpg 300w, https:\/\/vocesparalelas.com.ar\/sitio\/wp-content\/uploads\/2023\/05\/POLICIA-LOGO-768x576.jpg 768w\" sizes=\"auto, (max-width: 800px) 100vw, 800px\" \/><\/p>\n","protected":false},"excerpt":{"rendered":"<p>El Viernes, 12 de Diciembre, desde las 19 hs, en el Paseo Las Palmeras del Parque de Mayo, la Polic\u00eda<\/p>\n","protected":false},"author":3,"featured_media":17211,"comment_status":"closed","ping_status":"closed","sticky":false,"template":"","format":"standard","meta":{"_acf_changed":false,"_seopress_robots_primary_cat":"none","_seopress_titles_title":"","_seopress_titles_desc":"","_seopress_robots_index":"","colormag_page_container_layout":"default_layout","colormag_page_sidebar_layout":"default_layout","footnotes":""},"categories":[1],"tags":[],"class_list":["post-94881","post","type-post","status-publish","format-standard","has-post-thumbnail","hentry","category-destacadas"],"acf":[],"_links":{"self":[{"href":"https:\/\/vocesparalelas.com.ar\/sitio\/wp-json\/wp\/v2\/posts\/94881","targetHints":{"allow":["GET"]}}],"collection":[{"href":"https:\/\/vocesparalelas.com.ar\/sitio\/wp-json\/wp\/v2\/posts"}],"about":[{"href":"https:\/\/vocesparalelas.com.ar\/sitio\/wp-json\/wp\/v2\/types\/post"}],"author":[{"embeddable":true,"href":"https:\/\/vocesparalelas.com.ar\/sitio\/wp-json\/wp\/v2\/users\/3"}],"replies":[{"embeddable":true,"href":"https:\/\/vocesparalelas.com.ar\/sitio\/wp-json\/wp\/v2\/comments?post=94881"}],"version-history":[{"count":1,"href":"https:\/\/vocesparalelas.com.ar\/sitio\/wp-json\/wp\/v2\/posts\/94881\/revisions"}],"predecessor-version":[{"id":94884,"href":"https:\/\/vocesparalelas.com.ar\/sitio\/wp-json\/wp\/v2\/posts\/94881\/revisions\/94884"}],"wp:featuredmedia":[{"embeddable":true,"href":"https:\/\/vocesparalelas.com.ar\/sitio\/wp-json\/wp\/v2\/media\/17211"}],"wp:attachment":[{"href":"https:\/\/vocesparalelas.com.ar\/sitio\/wp-json\/wp\/v2\/media?parent=94881"}],"wp:term":[{"taxonomy":"category","embeddable":true,"href":"https:\/\/vocesparalelas.com.ar\/sitio\/wp-json\/wp\/v2\/categories?post=94881"},{"taxonomy":"post_tag","embeddable":true,"href":"https:\/\/vocesparalelas.com.ar\/sitio\/wp-json\/wp\/v2\/tags?post=94881"}],"curies":[{"name":"wp","href":"https:\/\/api.w.org\/{rel}","templated":true}]}}