{"id":94824,"date":"2025-12-11T18:29:11","date_gmt":"2025-12-11T21:29:11","guid":{"rendered":"https:\/\/vocesparalelas.com.ar\/sitio\/?p=94824"},"modified":"2025-12-11T18:29:11","modified_gmt":"2025-12-11T21:29:11","slug":"inauguracion-de-la-2-etapa-de-modernizacion-del-aeropuerto-domingo-faustino-sarmiento-en-san-juan","status":"publish","type":"post","link":"https:\/\/vocesparalelas.com.ar\/sitio\/inauguracion-de-la-2-etapa-de-modernizacion-del-aeropuerto-domingo-faustino-sarmiento-en-san-juan\/","title":{"rendered":"Inauguraci\u00f3n de la 2\u00b0 etapa de modernizaci\u00f3n del aeropuerto Domingo Faustino Sarmiento en San Juan"},"content":{"rendered":"<p>El gobernador de San Juan, Dr. Marcelo Orrego presidi\u00f3 la inauguraci\u00f3n de la segunda etapa de las obras de modernizaci\u00f3n del aeropuerto Domingo Faustino Sarmiento.<\/p>\n<p>Esto permite que la terminal a\u00e9rea de San Juan alcance est\u00e1ndares operativos y tecnol\u00f3gicos comparables a los principales aeropuertos de la Rep\u00fablica Argentina. El acto estuvo encabezado adem\u00e1s por Lic. Daniel Ketchibachian, CEO de Aeropuertos Argentinos. Acompa\u00f1aron funcionarios provinciales.<\/p>\n<p>Durante la inauguraci\u00f3n, el gobernador Dr. Marcelo Orrego puntualiz\u00f3 que \u00abhoy podemos decir que San Juan tiene un aeropuerto de primera calidad. Esta obra marca el comienzo de una nueva etapa, porque el aeropuerto es la primera impresi\u00f3n de quienes llegan y nos identifica como provincia: lo que somos, lo que producimos y hacia d\u00f3nde vamos. Estoy muy feliz de ver esta obra hecha realidad, fruto de una articulaci\u00f3n estrat\u00e9gica entre lo p\u00fablico y lo privado, y que va a acompa\u00f1ar el crecimiento y la proyecci\u00f3n que San Juan tiene hacia el futuro\u201d.<\/p>\n<p>Por su lado, el CEO de Aeropuertos Argentinos, Lic. Daniel Ketchibachian remarc\u00f3 que \u201cinauguramos una inversi\u00f3n de cincuenta y cinco millones de d\u00f3lares y entregamos una terminal de calibre internacional, un aeropuerto que es orgullo de los sanjuaninos y de todos los argentinos. Esta obra garantiza una conectividad sin l\u00edmites de crecimiento, con capacidad para operar cuatro aeronaves simult\u00e1neas y brindar el confort que merecen los pasajeros. Es un d\u00eda de felicidad absoluta, porque este aeropuerto es la primera y la \u00faltima imagen de la provincia, y muestra lo mejor que San Juan tiene para ofrecer\u201d.<\/p>\n<p>Cabe destacar que los trabajos demandaron m\u00e1s de tres a\u00f1os e incluyeron intervenciones clave para elevar la categor\u00eda del aeropuerto. Esta fase forma parte del proyecto integral iniciado en 2017, en el marco del programa nacional \u201cRevoluci\u00f3n de los Aviones\u201d, que impuls\u00f3 la modernizaci\u00f3n progresiva de la infraestructura aeroportuaria de Argentina.<\/p>\n<p><iframe loading=\"lazy\" title=\"El gobernador encabez\u00f3 la inauguraci\u00f3n de la segunda etapa de modernizaci\u00f3n del aeropuerto\" width=\"800\" height=\"450\" src=\"https:\/\/www.youtube.com\/embed\/QLU-C1Ytz1Q?feature=oembed\" frameborder=\"0\" allow=\"accelerometer; autoplay; clipboard-write; encrypted-media; gyroscope; picture-in-picture; web-share\" referrerpolicy=\"strict-origin-when-cross-origin\" allowfullscreen><\/iframe><\/p>\n<p><strong><span style=\"color: #ff6600;\">Lo nuevo<\/span><\/strong><\/p>\n<p>Entre las obras destacadas se encuentran la incorporaci\u00f3n de un nuevo sistema de control RX, la ampliaci\u00f3n del \u00e1rea de Migraciones y la construcci\u00f3n de un sector de embarque internacional totalmente adecuado a normas internacionales. Adem\u00e1s, se sumaron dos nuevas cintas de equipaje, que permitir\u00e1n mejorar la capacidad operativa en horarios de mayor tr\u00e1fico, y se concret\u00f3 una intervenci\u00f3n completa en la pista y en el estacionamiento vehicular.<\/p>\n<p>La modernizaci\u00f3n tambi\u00e9n incluye tecnolog\u00eda de \u00faltima generaci\u00f3n destinada a reforzar la seguridad y optimizar la operaci\u00f3n diaria del aeropuerto. Asimismo, se adecuaron los espacios para garantizar accesibilidad plena a personas con discapacidad. Con estos avances, la terminal suma cerca de 5.000 metros cuadrados renovados, lo que permitir\u00e1 agilizar los procesos de embarque y desembarque y mejorar la experiencia de los pasajeros.<\/p>\n<p><img loading=\"lazy\" decoding=\"async\" class=\"alignnone size-full wp-image-94827\" src=\"https:\/\/vocesparalelas.com.ar\/sitio\/wp-content\/uploads\/2025\/12\/SAN-JUAN-AEROPUERTO-01.jpg\" alt=\"\" width=\"800\" height=\"461\" srcset=\"https:\/\/vocesparalelas.com.ar\/sitio\/wp-content\/uploads\/2025\/12\/SAN-JUAN-AEROPUERTO-01.jpg 800w, https:\/\/vocesparalelas.com.ar\/sitio\/wp-content\/uploads\/2025\/12\/SAN-JUAN-AEROPUERTO-01-300x173.jpg 300w, https:\/\/vocesparalelas.com.ar\/sitio\/wp-content\/uploads\/2025\/12\/SAN-JUAN-AEROPUERTO-01-768x443.jpg 768w\" sizes=\"auto, (max-width: 800px) 100vw, 800px\" \/><\/p>\n","protected":false},"excerpt":{"rendered":"<p>El gobernador de San Juan, Dr. Marcelo Orrego presidi\u00f3 la inauguraci\u00f3n de la segunda etapa de las obras de modernizaci\u00f3n<\/p>\n","protected":false},"author":3,"featured_media":94828,"comment_status":"closed","ping_status":"closed","sticky":false,"template":"","format":"standard","meta":{"_acf_changed":false,"_seopress_robots_primary_cat":"none","_seopress_titles_title":"","_seopress_titles_desc":"","_seopress_robots_index":"","colormag_page_container_layout":"default_layout","colormag_page_sidebar_layout":"default_layout","footnotes":""},"categories":[1,7],"tags":[],"class_list":["post-94824","post","type-post","status-publish","format-standard","has-post-thumbnail","hentry","category-destacadas","category-videos"],"acf":[],"_links":{"self":[{"href":"https:\/\/vocesparalelas.com.ar\/sitio\/wp-json\/wp\/v2\/posts\/94824","targetHints":{"allow":["GET"]}}],"collection":[{"href":"https:\/\/vocesparalelas.com.ar\/sitio\/wp-json\/wp\/v2\/posts"}],"about":[{"href":"https:\/\/vocesparalelas.com.ar\/sitio\/wp-json\/wp\/v2\/types\/post"}],"author":[{"embeddable":true,"href":"https:\/\/vocesparalelas.com.ar\/sitio\/wp-json\/wp\/v2\/users\/3"}],"replies":[{"embeddable":true,"href":"https:\/\/vocesparalelas.com.ar\/sitio\/wp-json\/wp\/v2\/comments?post=94824"}],"version-history":[{"count":1,"href":"https:\/\/vocesparalelas.com.ar\/sitio\/wp-json\/wp\/v2\/posts\/94824\/revisions"}],"predecessor-version":[{"id":94829,"href":"https:\/\/vocesparalelas.com.ar\/sitio\/wp-json\/wp\/v2\/posts\/94824\/revisions\/94829"}],"wp:featuredmedia":[{"embeddable":true,"href":"https:\/\/vocesparalelas.com.ar\/sitio\/wp-json\/wp\/v2\/media\/94828"}],"wp:attachment":[{"href":"https:\/\/vocesparalelas.com.ar\/sitio\/wp-json\/wp\/v2\/media?parent=94824"}],"wp:term":[{"taxonomy":"category","embeddable":true,"href":"https:\/\/vocesparalelas.com.ar\/sitio\/wp-json\/wp\/v2\/categories?post=94824"},{"taxonomy":"post_tag","embeddable":true,"href":"https:\/\/vocesparalelas.com.ar\/sitio\/wp-json\/wp\/v2\/tags?post=94824"}],"curies":[{"name":"wp","href":"https:\/\/api.w.org\/{rel}","templated":true}]}}