{"id":94815,"date":"2025-12-11T11:59:13","date_gmt":"2025-12-11T14:59:13","guid":{"rendered":"https:\/\/vocesparalelas.com.ar\/sitio\/?p=94815"},"modified":"2025-12-11T23:10:08","modified_gmt":"2025-12-12T02:10:08","slug":"cronograma-de-actividades-2025-en-las-escuelas-de-san-juan","status":"publish","type":"post","link":"https:\/\/vocesparalelas.com.ar\/sitio\/cronograma-de-actividades-2025-en-las-escuelas-de-san-juan\/","title":{"rendered":"Cronograma de actividades 2025 en las Escuelas de San Juan"},"content":{"rendered":"<p>El Ministerio de Educaci\u00f3n del Gobierno de San Juan informa el cronograma de actividades en las Escuelas de los niveles y modalidades, gesti\u00f3n estatal y privada, como tambi\u00e9n inscripciones a ex\u00e1menes y actividades administrativas finales 2025.<\/p>\n<p><strong><span style=\"color: #0000ff;\">Cronograma<\/span><\/strong><\/p>\n<p><strong><span style=\"color: #0000ff;\">EDUCACI\u00d3N INICIAL<\/span><\/strong><\/p>\n<ul>\n<li>12\/12: Finalizaci\u00f3n del Ciclo Lectivo 2025.<\/li>\n<li>15 al 17\/12: Inscripciones para el Ciclo Lectivo 2026.<\/li>\n<li>18\/12: Primera reuni\u00f3n de padres de inscriptos 2026.<\/li>\n<li>18 y 19\/12: Presentaci\u00f3n de turnos de Licencia Anual Reglamentaria (Directivos y Porteros\/Secretarios).<\/li>\n<li>19 al 26\/12: Actividades institucionales de cierre, autoevaluaci\u00f3n y proyecci\u00f3n 2025\/2026.<\/li>\n<li>26\/12: Notificaci\u00f3n de Conceptos Profesionales.<\/li>\n<li>29\/12: Cierre de Documentaci\u00f3n Institucional.<\/li>\n<li>30\/12: Inicio de Licencia Anual Reglamentaria.<\/li>\n<\/ul>\n<p><strong><span style=\"color: #0000ff;\">EDUCACI\u00d3N PRIMARIA<\/span><\/strong><\/p>\n<ul>\n<li>12\/12: Finalizaci\u00f3n del Ciclo Lectivo 2025.<br \/>\n12 al 17\/12: Instancia de recuperaci\u00f3n diciembre.<br \/>\n17 al 19\/12: Presentaci\u00f3n de turnos de Licencia Anual Reglamentaria (Directivos, Porteros y Secretarios).<br \/>\n17 al 19\/12: Actos de Finalizaci\u00f3n del Ciclo Lectivo 2025.<br \/>\n19, 22 y 23\/12: Inscripci\u00f3n para el Ciclo Lectivo 2026.<br \/>\n26 y 29\/12: Notificaci\u00f3n de conceptos y cierre de documentaci\u00f3n.<br \/>\n30\/12: Inicio de Licencia Anual Reglamentaria.<\/li>\n<\/ul>\n<p><strong><span style=\"color: #0000ff;\">EDUCACI\u00d3N SECUNDARIA ORIENTADA y ART\u00cdSTICA<\/span><\/strong><\/p>\n<ul>\n<li>Hasta el 15\/12: Instancia de Recuperaci\u00f3n Extraordinaria.<\/li>\n<li>16 y 18\/12: Evaluaci\u00f3n de espacios curriculares pendientes.<\/li>\n<li>16 al 19\/12: Presentaci\u00f3n de turnos de Licencia Anual Reglamentaria (Directivos, Secretarios y Maestranza).<\/li>\n<li>16 y 17\/12: Inscripci\u00f3n a evaluaci\u00f3n de Espacios Pendientes (Instancia Febrero 2026).<\/li>\n<li>19\/12: Finalizaci\u00f3n del Ciclo Lectivo 2025.<\/li>\n<li>22 al 26\/12: Matriculaci\u00f3n a 1\u00b0 a\u00f1o 2026.<\/li>\n<li>26 y 29\/12: Exhibici\u00f3n del cronograma de ex\u00e1menes febrero 2026.<\/li>\n<li>30\/12: Inicio de Licencia Anual Reglamentaria.<\/li>\n<\/ul>\n<p><strong><span style=\"color: #0000ff;\">EDUCACI\u00d3N SECUNDARIA T\u00c9CNICA, AGROT\u00c9CNICA, FORMACI\u00d3N PROFESIONAL Y CAPACITACI\u00d3N LABORAL<\/span><\/strong><\/p>\n<ul>\n<li>Hasta el 15\/12: Per\u00edodo extraordinario de fortalecimiento y evaluaci\u00f3n.<\/li>\n<li>16 al 18\/12: Evaluaciones ante Comisi\u00f3n (espacios pendientes, equivalencias, FinEsTec, UPT).<\/li>\n<li>16 al 19\/12: Presentaci\u00f3n de turnos de Licencia Anual Reglamentaria.<\/li>\n<li>19\/12: Finalizaci\u00f3n del Ciclo Lectivo 2025.<\/li>\n<li>22 al 26\/12: Matriculaci\u00f3n a 1\u00b0 a\u00f1o 2026.<\/li>\n<li>26 y 29\/12: Exhibici\u00f3n del cronograma de ex\u00e1menes (Instancia Febrero 2026). Cierre de documentaci\u00f3n.<\/li>\n<li>30\/12: Inicio de Licencia Anual Reglamentaria.<\/li>\n<\/ul>\n<p><strong><span style=\"color: #0000ff;\">EDUCACI\u00d3N SUPERIOR<\/span><\/strong><\/p>\n<ul>\n<li>Hasta el 19\/12: Pre-inscripci\u00f3n de estudiantes para ingreso 2026.<\/li>\n<li>09 al 15\/12: Consultas e inscripciones 2\u00b0 llamado diciembre.<\/li>\n<li>16 al 22\/12: Ex\u00e1menes ordinarios (2\u00b0 llamado).<\/li>\n<li>16 al 22\/12: Presentaci\u00f3n de turnos de Licencia Anual Reglamentaria.<\/li>\n<li>22 al 29\/12: Cierre de documentaci\u00f3n institucional.<\/li>\n<li>30\/12: Inicio de Licencia Anual Reglamentaria.<\/li>\n<\/ul>\n<p><strong><span style=\"color: #0000ff;\">EDUCACI\u00d3N ESPECIAL<\/span><\/strong><\/p>\n<ul>\n<li>12\/12: Finalizaci\u00f3n del Ciclo Lectivo 2025.<\/li>\n<li>15 al 17\/12: Inscripciones Ciclo Lectivo 2026.<\/li>\n<li>18\/12: Primera reuni\u00f3n de padres de inscriptos 2026.<\/li>\n<li>19 al 26\/12: Actividades de cierre institucional y proyecci\u00f3n 2025\/2026.<\/li>\n<li>18 y 19\/12: Presentaci\u00f3n de turnos de Licencia Anual Reglamentaria.<\/li>\n<li>26\/12: Notificaci\u00f3n de Conceptos.<\/li>\n<li>29\/12: Cierre de documentaci\u00f3n.<\/li>\n<li>30\/12: Inicio de Licencia Anual Reglamentaria.<\/li>\n<\/ul>\n<p><strong><span style=\"color: #0000ff;\">GABINETES T\u00c9CNICOS INTERDISCIPLINARIOS<\/span><\/strong><\/p>\n<ul>\n<li>26 y 29\/12: Entrega de Conceptos Profesionales.<\/li>\n<li>30\/12: Inicio de Licencia Anual Reglamentaria.<\/li>\n<\/ul>\n<p><strong><span style=\"color: #0000ff;\">EDUCACI\u00d3N NO FORMAL<\/span><\/strong><\/p>\n<ul>\n<li>Hasta el 18\/12: Mesas de Ex\u00e1menes Finales.<\/li>\n<li>19\/12: Finalizaci\u00f3n del Ciclo Lectivo 2025.<\/li>\n<li>26 y 29\/12: Actividades institucionales de evaluaci\u00f3n y proyecci\u00f3n 2026.<\/li>\n<li>30\/12: Inicio de Licencia Anual Reglamentaria.<\/li>\n<\/ul>\n","protected":false},"excerpt":{"rendered":"<p>El Ministerio de Educaci\u00f3n del Gobierno de San Juan informa el cronograma de actividades en las Escuelas de los niveles<\/p>\n","protected":false},"author":3,"featured_media":28629,"comment_status":"closed","ping_status":"closed","sticky":false,"template":"","format":"standard","meta":{"_acf_changed":false,"_seopress_robots_primary_cat":"none","_seopress_titles_title":"","_seopress_titles_desc":"","_seopress_robots_index":"","colormag_page_container_layout":"default_layout","colormag_page_sidebar_layout":"default_layout","footnotes":""},"categories":[5],"tags":[],"class_list":["post-94815","post","type-post","status-publish","format-standard","has-post-thumbnail","hentry","category-ofrecimientos"],"acf":[],"_links":{"self":[{"href":"https:\/\/vocesparalelas.com.ar\/sitio\/wp-json\/wp\/v2\/posts\/94815","targetHints":{"allow":["GET"]}}],"collection":[{"href":"https:\/\/vocesparalelas.com.ar\/sitio\/wp-json\/wp\/v2\/posts"}],"about":[{"href":"https:\/\/vocesparalelas.com.ar\/sitio\/wp-json\/wp\/v2\/types\/post"}],"author":[{"embeddable":true,"href":"https:\/\/vocesparalelas.com.ar\/sitio\/wp-json\/wp\/v2\/users\/3"}],"replies":[{"embeddable":true,"href":"https:\/\/vocesparalelas.com.ar\/sitio\/wp-json\/wp\/v2\/comments?post=94815"}],"version-history":[{"count":1,"href":"https:\/\/vocesparalelas.com.ar\/sitio\/wp-json\/wp\/v2\/posts\/94815\/revisions"}],"predecessor-version":[{"id":94818,"href":"https:\/\/vocesparalelas.com.ar\/sitio\/wp-json\/wp\/v2\/posts\/94815\/revisions\/94818"}],"wp:featuredmedia":[{"embeddable":true,"href":"https:\/\/vocesparalelas.com.ar\/sitio\/wp-json\/wp\/v2\/media\/28629"}],"wp:attachment":[{"href":"https:\/\/vocesparalelas.com.ar\/sitio\/wp-json\/wp\/v2\/media?parent=94815"}],"wp:term":[{"taxonomy":"category","embeddable":true,"href":"https:\/\/vocesparalelas.com.ar\/sitio\/wp-json\/wp\/v2\/categories?post=94815"},{"taxonomy":"post_tag","embeddable":true,"href":"https:\/\/vocesparalelas.com.ar\/sitio\/wp-json\/wp\/v2\/tags?post=94815"}],"curies":[{"name":"wp","href":"https:\/\/api.w.org\/{rel}","templated":true}]}}