{"id":94805,"date":"2025-12-10T23:08:16","date_gmt":"2025-12-11T02:08:16","guid":{"rendered":"https:\/\/vocesparalelas.com.ar\/sitio\/?p=94805"},"modified":"2025-12-10T23:08:16","modified_gmt":"2025-12-11T02:08:16","slug":"se-desarrolla-la-decimocuarta-sesion-de-la-camara-de-diputados-de-san-juan","status":"publish","type":"post","link":"https:\/\/vocesparalelas.com.ar\/sitio\/se-desarrolla-la-decimocuarta-sesion-de-la-camara-de-diputados-de-san-juan\/","title":{"rendered":"Se desarrolla la Decimocuarta Sesi\u00f3n. de la C\u00e1mara de Diputados de San Juan"},"content":{"rendered":"<p style=\"font-weight: 400;\">La C\u00e1mara de Diputados de San Juan celebra el Jueves, 11 de Diciembre, a las 10 horas, la Decimocuarta Sesi\u00f3n. Puede seguir la transmisi\u00f3n en vivo a trav\u00e9s del canal oficial de YouTube<\/p>\n<p><a href=\"http:\/\/youtube.com\/live\/SKlUkvs5PUE?feature=share\">http:\/\/youtube.com\/live\/SKlUkvs5PUE?feature=share<\/a><\/p>\n<p style=\"font-weight: 400;\">En la ocasi\u00f3n, los legisladores abordan los siguientes puntos del orden del d\u00eda:<\/p>\n<p><span style=\"color: #800080;\"><b><strong>Convenio con la Fundaci\u00f3n Manos Abiertas<\/strong><\/b><\/span><\/p>\n<p style=\"font-weight: 400;\">Con despacho favorable en las comisiones de Legislaci\u00f3n y Asuntos Constitucionales; Desarrollo Humano y Laboral; y Hacienda y Presupuesto, el cuerpo Legislativo tratar\u00e1 en el recinto la comunicaci\u00f3n oficial remitida por el Poder Ejecutivo que propone aprobar el Convenio de Asistencia y Cooperaci\u00f3n celebrado entre el Ministerio de Familia y Desarrollo Humano de la Provincia de San Juan y la Fundaci\u00f3n Manos Abiertas, Delegaci\u00f3n San Juan.<\/p>\n<p style=\"font-weight: 400;\">El objeto de este acuerdo consiste en fomentar y consolidar pol\u00edticas, programas y estrategias destinadas a la asistencia, el acompa\u00f1amiento y la promoci\u00f3n integral de las personas, mediante la articulaci\u00f3n de esfuerzos en el marco de las competencias institucionales de cada parte.<\/p>\n<p><span style=\"color: #800080;\"><b><strong>Convenio con la Sociedad Italiana de Beneficencia en Buenos Aires Hospital Italiano<\/strong><\/b><\/span><\/p>\n<p style=\"font-weight: 400;\">Tras despacho positivo de las comisiones de Salud y Discapacidad, y Legislaci\u00f3n y Asuntos Constitucionales, los legisladores pondr\u00e1n a consideraci\u00f3n la comunicaci\u00f3n oficial del Poder Ejecutivo que propone ratificar un convenio Marco de Asistencia y Cooperaci\u00f3n Mutua, suscripto entre el Gobierno de la Provincia a trav\u00e9s del Ministerio de Salud y la Sociedad Italiana de Beneficencia en Buenos Aires Hospital Italiano.<\/p>\n<p style=\"font-weight: 400;\">El objeto del mencionado acuerdo es establecer un Programa de Colaboraci\u00f3n Acad\u00e9mica y Asistencial para el tratamiento de la Insuficiencia Card\u00edaca, que incluye actividades de capacitaci\u00f3n interprofesionales, as\u00ed como complemento en materia de tratamientos asistenciales.<\/p>\n<p><strong><span style=\"color: #800080;\">Proyectos de Resoluci\u00f3n<\/span><\/strong><\/p>\n<p style=\"font-weight: 400;\">En la ocasi\u00f3n, la Legislatura tratar\u00e1 los siguientes proyectos de Resoluci\u00f3n que proponen declarar de inter\u00e9s:<\/p>\n<ul style=\"font-weight: 400;\">\n<li aria-level=\"1\"><strong><span style=\"color: #800080;\">Educativo, cultural y social,<\/span> <\/strong>el proyecto \u00bfPORQU\u00c9 LE TENEMOS MIEDO?, desarrollado por los alumnos de 3\u00ba grado de la Escuela Ingeniero Marcos Antonio Zalazar, de Villa Aberastain, departamento Pocito, bajo la coordinaci\u00f3n de la docente Sandra M\u00f3nica Illanes, por su destacado aporte a la concientizaci\u00f3n y prevenci\u00f3n sobre la presencia y peligrosidad del alacr\u00e1n (Tityus trivittatus), y por su contribuci\u00f3n al conocimiento, la educaci\u00f3n ambiental y la salud p\u00fablica. (Bloque Bloquista)<\/li>\n<li aria-level=\"1\"><strong><span style=\"color: #800080;\">Cultural y social,<\/span><\/strong> el largometraje documental SIERRA, dirigido por Juan Francisco Montes y producido por Ciro N\u00e9stor Novelli, filmado en el Departamento Valle F\u00e9rtil, por su contribuci\u00f3n a la preservaci\u00f3n de la identidad cultural, la historia oral y el paisaje humano d\u00e9 las sierras sanjuaninas. (Bloque Bloquista)<\/li>\n<li aria-level=\"1\"><strong><span style=\"color: #800080;\">Social y cultural<\/span><\/strong> las actividades a realizarse con motivo de la celebraci\u00f3n del 112 aniversario de la fundaci\u00f3n del Departamento de Chimbas, el que se conmemora el d\u00eda 11 de diciembre del a\u00f1o 2025. (Bloque San Juan Te Quiero)<\/li>\n<li aria-level=\"1\"><strong><span style=\"color: #800080;\">Religioso, cultural y social<\/span><\/strong> la celebraci\u00f3n de la FIESTA NACIONAL DE SANTA LUC\u00cdA, que se conmemora el d\u00eda 12,13 y 14 de diciembre del corriente a\u00f1o en la plaza departamental. (Interbloque Cambia San Juan)<\/li>\n<\/ul>\n<p><strong><span style=\"color: #800080;\">Proyecto de Comunicaci\u00f3n\u00a0<\/span><\/strong><\/p>\n<p style=\"font-weight: 400;\">Sobre tablas, el cuerpo Legislativo tambi\u00e9n pone a consideraci\u00f3n un proyecto de Comunicaci\u00f3n presentado por el interbloque (Bloquista, Justicialista, San Juan Vuelve, Frente Renovador, y Crecer), mediante el cual se solicita al \u201cMinisterio de Infraestructura, Agua y Energ\u00eda de la Provincia de San Juan que, por intermedio de la autoridad competente, en el plazo de diez (10) d\u00edas h\u00e1biles remita a esta C\u00e1mara un informe detallado sobre el presupuesto asignado al Departamento de Hidr\u00e1ulica para el ejercicio 2025. Asimismo, requi\u00e9rase un informe comparativo que consigne el presupuesto originalmente aprobado y el monto efectivamente ejecutado, discriminado por partidas y por obras, a fin de evaluar la correspondencia entre lo previsto y lo realizado.<\/p>\n<p style=\"font-weight: 400;\">Requiere al Ministerio de Infraestructura, Agua y Energ\u00eda de la Provincia de San Juan, por intermedio de la autoridad competente, que coordine la participaci\u00f3n de los sectores productivos y arbitre de manera urgente los medios necesarios para que se presente formalmente un Plan de Necesidades elaborado por las entidades productivas. Dicho plan contempla la infraestructura h\u00eddrica prioritaria, el mantenimiento y modernizaci\u00f3n de los sistemas de riego, la adopci\u00f3n de medidas de eficiencia y las necesidades presupuestarias indispensables para garantizar la sostenibilidad productiva\u201d.<\/p>\n<p><strong><span style=\"color: #800080;\">Proyectos que ser\u00e1n girados a comisiones\u00a0<\/span><\/strong><\/p>\n<p style=\"font-weight: 400;\">En la Decimocuarta Sesi\u00f3n ingresar\u00e1n a sus respectivas comisiones los siguientes proyectos que proponen:<\/p>\n<ul style=\"font-weight: 400;\">\n<li aria-level=\"1\">Declarar de utilidad p\u00fablica y sujeto a expropiaci\u00f3n un terreno ubicado en el Departamento J\u00e1chal. (Poder Ejecutivo- Comisiones: Legislaci\u00f3n y Asuntos Constitucionales &#8211; LAC-\/ Obras y Servicios P\u00fablicos\/ Hacienda y Presupuesto)<\/li>\n<li aria-level=\"1\">Aprobar el contrato de comodato celebrado entre la Secretar\u00eda de Estado de Ambiente y Desarrollo Sustentable y Energ\u00eda Provincial Sociedad del Estado (EPSE) por el que se entrega en comodato un inmueble destinado al Proyecto de Valorizaci\u00f3n Energ\u00e9tica de Residuos S\u00f3lidos Urbanos (Proyecto VERSU). (Poder Ejecutivo- Comisiones: LAC\/ Ambiente y Desarrollo Sostenible\/ Hacienda y Presupuesto)<\/li>\n<li aria-level=\"1\">Ratificar el Convenio de Prestaciones M\u00e9dico Asistenciales, suscripto entre el Ministerio de Salud de la Provincia y la Firma Mediprest SRL. (Poder Ejecutivo- Comisiones: LAC\/ Salud y Discapacidad\/ Hacienda y Presupuesto)<\/li>\n<li aria-level=\"1\">Crear una licencia especial con fines preventivos oncol\u00f3gicos. (Interbloque Cambia San Juan- Comisi\u00f3n: LAC\/ Salud y Discapacidad)<\/li>\n<\/ul>\n<p style=\"font-weight: 400;\">Por otro lado, se otorgar\u00e1 estado parlamentario a los siguientes proyectos de Resoluci\u00f3n que proponen declarar de inter\u00e9s las siguientes actividades:<\/p>\n<ul style=\"font-weight: 400;\">\n<li aria-level=\"1\">\u00a0La 68\u00ba Reuni\u00f3n Anual de la Asociaci\u00f3n Argentina de Astronom\u00eda. (Interbloque Cambia San Juan- Comisi\u00f3n: Educaci\u00f3n, Ciencia, T\u00e9cnica y Cultura)<\/li>\n<li aria-level=\"1\">El Libro Mujeres Sordas que dejan Huella, Historias de Vida. (Bloque San Juan Vuelve- &#8211; Comisi\u00f3n: Educaci\u00f3n, Ciencia, T\u00e9cnica y Cultura)<\/li>\n<\/ul>\n<p style=\"font-weight: 400;\">Por \u00faltimo, los diputados toman conocimiento de las siguientes comunicaciones particulares presentadas por:<\/p>\n<ul style=\"font-weight: 400;\">\n<li aria-level=\"1\">Dra. Ana Elisa Collado, por la que se solicita declarar de inter\u00e9s la reuni\u00f3n anual de la Asociaci\u00f3n Argentina de Astronom\u00eda.<\/li>\n<li aria-level=\"1\">\u00a0Marcelo Mena Mu\u00f1oz, Secretario General de ASIJEMIN, por la que presenta aval institucional al proyecto que regula la educaci\u00f3n inclusiva.<\/li>\n<li aria-level=\"1\">Guadalupe Aguiar Masuelli, por la que se presenta aval institucional al proyecto de ley de educaci\u00f3n inclusiva.<\/li>\n<\/ul>\n<figure id=\"attachment_37951\" aria-describedby=\"caption-attachment-37951\" style=\"width: 800px\" class=\"wp-caption alignnone\"><img loading=\"lazy\" decoding=\"async\" class=\"size-full wp-image-37951\" src=\"https:\/\/vocesparalelas.com.ar\/sitio\/wp-content\/uploads\/2021\/05\/CAMARA-EDIFICIO.jpg\" alt=\"\" width=\"800\" height=\"515\" srcset=\"https:\/\/vocesparalelas.com.ar\/sitio\/wp-content\/uploads\/2021\/05\/CAMARA-EDIFICIO.jpg 800w, https:\/\/vocesparalelas.com.ar\/sitio\/wp-content\/uploads\/2021\/05\/CAMARA-EDIFICIO-300x193.jpg 300w, https:\/\/vocesparalelas.com.ar\/sitio\/wp-content\/uploads\/2021\/05\/CAMARA-EDIFICIO-768x494.jpg 768w\" sizes=\"auto, (max-width: 800px) 100vw, 800px\" \/><figcaption id=\"caption-attachment-37951\" class=\"wp-caption-text\">Legislatura Provincial de San Juan, Rep\u00fablica Argentina<\/figcaption><\/figure>\n","protected":false},"excerpt":{"rendered":"<p>La C\u00e1mara de Diputados de San Juan celebra el Jueves, 11 de Diciembre, a las 10 horas, la Decimocuarta Sesi\u00f3n.<\/p>\n","protected":false},"author":3,"featured_media":8062,"comment_status":"closed","ping_status":"closed","sticky":false,"template":"","format":"standard","meta":{"_acf_changed":false,"_seopress_robots_primary_cat":"none","_seopress_titles_title":"","_seopress_titles_desc":"","_seopress_robots_index":"","colormag_page_container_layout":"default_layout","colormag_page_sidebar_layout":"default_layout","footnotes":""},"categories":[1],"tags":[],"class_list":["post-94805","post","type-post","status-publish","format-standard","has-post-thumbnail","hentry","category-destacadas"],"acf":[],"_links":{"self":[{"href":"https:\/\/vocesparalelas.com.ar\/sitio\/wp-json\/wp\/v2\/posts\/94805","targetHints":{"allow":["GET"]}}],"collection":[{"href":"https:\/\/vocesparalelas.com.ar\/sitio\/wp-json\/wp\/v2\/posts"}],"about":[{"href":"https:\/\/vocesparalelas.com.ar\/sitio\/wp-json\/wp\/v2\/types\/post"}],"author":[{"embeddable":true,"href":"https:\/\/vocesparalelas.com.ar\/sitio\/wp-json\/wp\/v2\/users\/3"}],"replies":[{"embeddable":true,"href":"https:\/\/vocesparalelas.com.ar\/sitio\/wp-json\/wp\/v2\/comments?post=94805"}],"version-history":[{"count":1,"href":"https:\/\/vocesparalelas.com.ar\/sitio\/wp-json\/wp\/v2\/posts\/94805\/revisions"}],"predecessor-version":[{"id":94808,"href":"https:\/\/vocesparalelas.com.ar\/sitio\/wp-json\/wp\/v2\/posts\/94805\/revisions\/94808"}],"wp:featuredmedia":[{"embeddable":true,"href":"https:\/\/vocesparalelas.com.ar\/sitio\/wp-json\/wp\/v2\/media\/8062"}],"wp:attachment":[{"href":"https:\/\/vocesparalelas.com.ar\/sitio\/wp-json\/wp\/v2\/media?parent=94805"}],"wp:term":[{"taxonomy":"category","embeddable":true,"href":"https:\/\/vocesparalelas.com.ar\/sitio\/wp-json\/wp\/v2\/categories?post=94805"},{"taxonomy":"post_tag","embeddable":true,"href":"https:\/\/vocesparalelas.com.ar\/sitio\/wp-json\/wp\/v2\/tags?post=94805"}],"curies":[{"name":"wp","href":"https:\/\/api.w.org\/{rel}","templated":true}]}}