{"id":94800,"date":"2025-12-10T22:59:48","date_gmt":"2025-12-11T01:59:48","guid":{"rendered":"https:\/\/vocesparalelas.com.ar\/sitio\/?p=94800"},"modified":"2025-12-10T22:59:48","modified_gmt":"2025-12-11T01:59:48","slug":"encuentro-con-los-gobernadores-de-catamarca-y-san-juan","status":"publish","type":"post","link":"https:\/\/vocesparalelas.com.ar\/sitio\/encuentro-con-los-gobernadores-de-catamarca-y-san-juan\/","title":{"rendered":"Encuentro con los gobernadores de Catamarca y San Juan"},"content":{"rendered":"<p>Como parte de las reuniones con mandatarios provinciales, el jefe de Gabinete, Manuel Adorni, y el ministro del Interior, Diego Santilli, recibieron el Mi\u00e9rcoles, 10 de Diciembre, en Casa Rosada a los gobernadores de Catamarca, Economista Ra\u00fal Jalil, y de San Juan, Dr. Marcelo Orrego, para analizar la agenda compartida entre Naci\u00f3n y las provincias.<\/p>\n<p>Durante el encuentro, del que tambi\u00e9n particip\u00f3 la secretaria de Legal y T\u00e9cnica de la Naci\u00f3n, Mg. Mar\u00eda Ibarz\u00e1bal, conversaron sobre el Presupuesto 2026 y el proyecto de adecuaci\u00f3n del R\u00e9gimen de Presupuestos M\u00ednimos para la Preservaci\u00f3n de los Glaciares y del Ambiente Periglacial impulsados por el Presidente Milei de cara a las sesiones extraordinarias en el Congreso de la Naci\u00f3n.<\/p>\n<p><img loading=\"lazy\" decoding=\"async\" class=\"alignnone size-large wp-image-42000\" src=\"https:\/\/vocesparalelas.com.ar\/sitio\/wp-content\/uploads\/2021\/09\/casa-rosada-800x450.jpg\" alt=\"\" width=\"800\" height=\"450\" srcset=\"https:\/\/vocesparalelas.com.ar\/sitio\/wp-content\/uploads\/2021\/09\/casa-rosada-800x450.jpg 800w, https:\/\/vocesparalelas.com.ar\/sitio\/wp-content\/uploads\/2021\/09\/casa-rosada-300x169.jpg 300w, https:\/\/vocesparalelas.com.ar\/sitio\/wp-content\/uploads\/2021\/09\/casa-rosada-768x432.jpg 768w, https:\/\/vocesparalelas.com.ar\/sitio\/wp-content\/uploads\/2021\/09\/casa-rosada.jpg 929w\" sizes=\"auto, (max-width: 800px) 100vw, 800px\" \/><\/p>\n","protected":false},"excerpt":{"rendered":"<p>Como parte de las reuniones con mandatarios provinciales, el jefe de Gabinete, Manuel Adorni, y el ministro del Interior, Diego<\/p>\n","protected":false},"author":3,"featured_media":94803,"comment_status":"closed","ping_status":"closed","sticky":false,"template":"","format":"standard","meta":{"_acf_changed":false,"_seopress_robots_primary_cat":"none","_seopress_titles_title":"","_seopress_titles_desc":"","_seopress_robots_index":"","colormag_page_container_layout":"default_layout","colormag_page_sidebar_layout":"default_layout","footnotes":""},"categories":[1],"tags":[],"class_list":["post-94800","post","type-post","status-publish","format-standard","has-post-thumbnail","hentry","category-destacadas"],"acf":[],"_links":{"self":[{"href":"https:\/\/vocesparalelas.com.ar\/sitio\/wp-json\/wp\/v2\/posts\/94800","targetHints":{"allow":["GET"]}}],"collection":[{"href":"https:\/\/vocesparalelas.com.ar\/sitio\/wp-json\/wp\/v2\/posts"}],"about":[{"href":"https:\/\/vocesparalelas.com.ar\/sitio\/wp-json\/wp\/v2\/types\/post"}],"author":[{"embeddable":true,"href":"https:\/\/vocesparalelas.com.ar\/sitio\/wp-json\/wp\/v2\/users\/3"}],"replies":[{"embeddable":true,"href":"https:\/\/vocesparalelas.com.ar\/sitio\/wp-json\/wp\/v2\/comments?post=94800"}],"version-history":[{"count":1,"href":"https:\/\/vocesparalelas.com.ar\/sitio\/wp-json\/wp\/v2\/posts\/94800\/revisions"}],"predecessor-version":[{"id":94804,"href":"https:\/\/vocesparalelas.com.ar\/sitio\/wp-json\/wp\/v2\/posts\/94800\/revisions\/94804"}],"wp:featuredmedia":[{"embeddable":true,"href":"https:\/\/vocesparalelas.com.ar\/sitio\/wp-json\/wp\/v2\/media\/94803"}],"wp:attachment":[{"href":"https:\/\/vocesparalelas.com.ar\/sitio\/wp-json\/wp\/v2\/media?parent=94800"}],"wp:term":[{"taxonomy":"category","embeddable":true,"href":"https:\/\/vocesparalelas.com.ar\/sitio\/wp-json\/wp\/v2\/categories?post=94800"},{"taxonomy":"post_tag","embeddable":true,"href":"https:\/\/vocesparalelas.com.ar\/sitio\/wp-json\/wp\/v2\/tags?post=94800"}],"curies":[{"name":"wp","href":"https:\/\/api.w.org\/{rel}","templated":true}]}}