{"id":94792,"date":"2025-12-10T22:27:34","date_gmt":"2025-12-11T01:27:34","guid":{"rendered":"https:\/\/vocesparalelas.com.ar\/sitio\/?p=94792"},"modified":"2025-12-11T21:10:08","modified_gmt":"2025-12-12T00:10:08","slug":"la-faud-de-la-unsj-se-sumo-al-cumplirse-76-anos-de-la-gratuidad-universitaria-fortalecida-al-servicio-de-la-comunidad-de-san-juan","status":"publish","type":"post","link":"https:\/\/vocesparalelas.com.ar\/sitio\/la-faud-de-la-unsj-se-sumo-al-cumplirse-76-anos-de-la-gratuidad-universitaria-fortalecida-al-servicio-de-la-comunidad-de-san-juan\/","title":{"rendered":"La FAUD de la UNSJ se sum\u00f3 al cumplirse 76 a\u00f1os de la gratuidad universitaria fortalecida al servicio de la comunidad de San Juan"},"content":{"rendered":"<p>En el Parque Rivadavia, se desarrollo \u00abLa Noche de las Universidades\u00bb organizada por la Universidad Nacional de San Juan con una afluencia de p\u00fablico que se acerc\u00f3 a conocer lo que se trabaja en el interior de cada una de las Unidades Acad\u00e9micas.<\/p>\n<p>En este contexto, Voces Paralelas desarroll\u00f3 una entrevista period\u00edstica\u00a0 al Decano de la FAUD de la UNSJ, Arq. Carlos Herrera, quien resalt\u00f3 la gran colaboraci\u00f3n de la comunidad al cumplirse 76 a\u00f1os de la gratuidad universitaria.<\/p>\n<p><iframe loading=\"lazy\" title=\"FAUD UNSJ DECANO ARQ. CARLOS HERRERA \" width=\"800\" height=\"450\" src=\"https:\/\/www.youtube.com\/embed\/8j_31JYQ6Fo?feature=oembed\" frameborder=\"0\" allow=\"accelerometer; autoplay; clipboard-write; encrypted-media; gyroscope; picture-in-picture; web-share\" referrerpolicy=\"strict-origin-when-cross-origin\" allowfullscreen><\/iframe><\/p>\n<p>&nbsp;<\/p>\n<p><img loading=\"lazy\" decoding=\"async\" class=\"alignnone size-full wp-image-94795\" src=\"https:\/\/vocesparalelas.com.ar\/sitio\/wp-content\/uploads\/2025\/12\/UNSJ-NOCHE-UNIVERSIDADES-08.jpg\" alt=\"\" width=\"800\" height=\"533\" srcset=\"https:\/\/vocesparalelas.com.ar\/sitio\/wp-content\/uploads\/2025\/12\/UNSJ-NOCHE-UNIVERSIDADES-08.jpg 800w, https:\/\/vocesparalelas.com.ar\/sitio\/wp-content\/uploads\/2025\/12\/UNSJ-NOCHE-UNIVERSIDADES-08-300x200.jpg 300w, https:\/\/vocesparalelas.com.ar\/sitio\/wp-content\/uploads\/2025\/12\/UNSJ-NOCHE-UNIVERSIDADES-08-768x512.jpg 768w\" sizes=\"auto, (max-width: 800px) 100vw, 800px\" \/><\/p>\n<p>&nbsp;<\/p>\n<p><iframe loading=\"lazy\" title=\"UNSJ NOCHE DE UNIVERSIDADES \" width=\"800\" height=\"450\" src=\"https:\/\/www.youtube.com\/embed\/wR50b0bQtkY?feature=oembed\" frameborder=\"0\" allow=\"accelerometer; autoplay; clipboard-write; encrypted-media; gyroscope; picture-in-picture; web-share\" referrerpolicy=\"strict-origin-when-cross-origin\" allowfullscreen><\/iframe><\/p>\n<p>&nbsp;<\/p>\n<p><img loading=\"lazy\" decoding=\"async\" class=\"alignnone size-full wp-image-94784\" src=\"https:\/\/vocesparalelas.com.ar\/sitio\/wp-content\/uploads\/2025\/12\/UNSJ-NOCHE-UNIVERSIDADES-06.jpg\" alt=\"\" width=\"800\" height=\"600\" srcset=\"https:\/\/vocesparalelas.com.ar\/sitio\/wp-content\/uploads\/2025\/12\/UNSJ-NOCHE-UNIVERSIDADES-06.jpg 800w, https:\/\/vocesparalelas.com.ar\/sitio\/wp-content\/uploads\/2025\/12\/UNSJ-NOCHE-UNIVERSIDADES-06-300x225.jpg 300w, https:\/\/vocesparalelas.com.ar\/sitio\/wp-content\/uploads\/2025\/12\/UNSJ-NOCHE-UNIVERSIDADES-06-768x576.jpg 768w\" sizes=\"auto, (max-width: 800px) 100vw, 800px\" \/><\/p>\n","protected":false},"excerpt":{"rendered":"<p>En el Parque Rivadavia, se desarrollo \u00abLa Noche de las Universidades\u00bb organizada por la Universidad Nacional de San Juan con<\/p>\n","protected":false},"author":3,"featured_media":94809,"comment_status":"closed","ping_status":"closed","sticky":false,"template":"","format":"standard","meta":{"_acf_changed":false,"_seopress_robots_primary_cat":"none","_seopress_titles_title":"","_seopress_titles_desc":"","_seopress_robots_index":"","colormag_page_container_layout":"default_layout","colormag_page_sidebar_layout":"default_layout","footnotes":""},"categories":[10,7],"tags":[],"class_list":["post-94792","post","type-post","status-publish","format-standard","has-post-thumbnail","hentry","category-opiniones","category-videos"],"acf":[],"_links":{"self":[{"href":"https:\/\/vocesparalelas.com.ar\/sitio\/wp-json\/wp\/v2\/posts\/94792","targetHints":{"allow":["GET"]}}],"collection":[{"href":"https:\/\/vocesparalelas.com.ar\/sitio\/wp-json\/wp\/v2\/posts"}],"about":[{"href":"https:\/\/vocesparalelas.com.ar\/sitio\/wp-json\/wp\/v2\/types\/post"}],"author":[{"embeddable":true,"href":"https:\/\/vocesparalelas.com.ar\/sitio\/wp-json\/wp\/v2\/users\/3"}],"replies":[{"embeddable":true,"href":"https:\/\/vocesparalelas.com.ar\/sitio\/wp-json\/wp\/v2\/comments?post=94792"}],"version-history":[{"count":1,"href":"https:\/\/vocesparalelas.com.ar\/sitio\/wp-json\/wp\/v2\/posts\/94792\/revisions"}],"predecessor-version":[{"id":94796,"href":"https:\/\/vocesparalelas.com.ar\/sitio\/wp-json\/wp\/v2\/posts\/94792\/revisions\/94796"}],"wp:featuredmedia":[{"embeddable":true,"href":"https:\/\/vocesparalelas.com.ar\/sitio\/wp-json\/wp\/v2\/media\/94809"}],"wp:attachment":[{"href":"https:\/\/vocesparalelas.com.ar\/sitio\/wp-json\/wp\/v2\/media?parent=94792"}],"wp:term":[{"taxonomy":"category","embeddable":true,"href":"https:\/\/vocesparalelas.com.ar\/sitio\/wp-json\/wp\/v2\/categories?post=94792"},{"taxonomy":"post_tag","embeddable":true,"href":"https:\/\/vocesparalelas.com.ar\/sitio\/wp-json\/wp\/v2\/tags?post=94792"}],"curies":[{"name":"wp","href":"https:\/\/api.w.org\/{rel}","templated":true}]}}