{"id":94787,"date":"2025-12-10T20:03:31","date_gmt":"2025-12-10T23:03:31","guid":{"rendered":"https:\/\/vocesparalelas.com.ar\/sitio\/?p=94787"},"modified":"2025-12-11T21:10:40","modified_gmt":"2025-12-12T00:10:40","slug":"la-fi-de-la-unsj-presente-en-la-noche-de-las-universidades","status":"publish","type":"post","link":"https:\/\/vocesparalelas.com.ar\/sitio\/la-fi-de-la-unsj-presente-en-la-noche-de-las-universidades\/","title":{"rendered":"La FI de la UNSJ presente en \u201cLa Noche de las Universidades\u201d"},"content":{"rendered":"<p>En el marco de \u201cLa Noche de las Universidades\u201d por la Universidad Nacional de San Juan al cumplirse 76 a\u00f1os de la gratuidad universitaria, estuvo presente la Facultad de Ingenier\u00eda con su equipo e institutos de Investigaci\u00f3n para hacer conocer el trabajo que realizan los alumnos, docentes e investigadores.<\/p>\n<p>En este contexto, \u00a0Voces Paralelas desarroll\u00f3 una entrevista period\u00edstica a la Decana de la FI de la UNSJ, Dr. Andrea D\u00edaz, quien describi\u00f3 lo significa cada encuentro con la comunidad de San Juan.<\/p>\n<p><iframe loading=\"lazy\" title=\"FI UNSJ DECANA DRA. ANDREA D\u00cdAZ \" width=\"800\" height=\"450\" src=\"https:\/\/www.youtube.com\/embed\/qgqHuOLXBOs?feature=oembed\" frameborder=\"0\" allow=\"accelerometer; autoplay; clipboard-write; encrypted-media; gyroscope; picture-in-picture; web-share\" referrerpolicy=\"strict-origin-when-cross-origin\" allowfullscreen><\/iframe><\/p>\n<p>&nbsp;<\/p>\n<p><img loading=\"lazy\" decoding=\"async\" class=\"alignnone size-full wp-image-94790\" src=\"https:\/\/vocesparalelas.com.ar\/sitio\/wp-content\/uploads\/2025\/12\/UNSJ-NOCHE-UNIVERSIDADES-07.jpg\" alt=\"\" width=\"800\" height=\"533\" srcset=\"https:\/\/vocesparalelas.com.ar\/sitio\/wp-content\/uploads\/2025\/12\/UNSJ-NOCHE-UNIVERSIDADES-07.jpg 800w, https:\/\/vocesparalelas.com.ar\/sitio\/wp-content\/uploads\/2025\/12\/UNSJ-NOCHE-UNIVERSIDADES-07-300x200.jpg 300w, https:\/\/vocesparalelas.com.ar\/sitio\/wp-content\/uploads\/2025\/12\/UNSJ-NOCHE-UNIVERSIDADES-07-768x512.jpg 768w\" sizes=\"auto, (max-width: 800px) 100vw, 800px\" \/><\/p>\n<p><iframe loading=\"lazy\" title=\"UNSJ NOCHE DE UNIVERSIDADES \" width=\"800\" height=\"450\" src=\"https:\/\/www.youtube.com\/embed\/wR50b0bQtkY?feature=oembed\" frameborder=\"0\" allow=\"accelerometer; autoplay; clipboard-write; encrypted-media; gyroscope; picture-in-picture; web-share\" referrerpolicy=\"strict-origin-when-cross-origin\" allowfullscreen><\/iframe><\/p>\n<p>&nbsp;<\/p>\n<p><img loading=\"lazy\" decoding=\"async\" class=\"alignnone size-full wp-image-94784\" src=\"https:\/\/vocesparalelas.com.ar\/sitio\/wp-content\/uploads\/2025\/12\/UNSJ-NOCHE-UNIVERSIDADES-06.jpg\" alt=\"\" width=\"800\" height=\"600\" srcset=\"https:\/\/vocesparalelas.com.ar\/sitio\/wp-content\/uploads\/2025\/12\/UNSJ-NOCHE-UNIVERSIDADES-06.jpg 800w, https:\/\/vocesparalelas.com.ar\/sitio\/wp-content\/uploads\/2025\/12\/UNSJ-NOCHE-UNIVERSIDADES-06-300x225.jpg 300w, https:\/\/vocesparalelas.com.ar\/sitio\/wp-content\/uploads\/2025\/12\/UNSJ-NOCHE-UNIVERSIDADES-06-768x576.jpg 768w\" sizes=\"auto, (max-width: 800px) 100vw, 800px\" \/><\/p>\n<p>&nbsp;<\/p>\n","protected":false},"excerpt":{"rendered":"<p>En el marco de \u201cLa Noche de las Universidades\u201d por la Universidad Nacional de San Juan al cumplirse 76 a\u00f1os<\/p>\n","protected":false},"author":3,"featured_media":94781,"comment_status":"closed","ping_status":"closed","sticky":false,"template":"","format":"standard","meta":{"_acf_changed":false,"_seopress_robots_primary_cat":"none","_seopress_titles_title":"","_seopress_titles_desc":"","_seopress_robots_index":"","colormag_page_container_layout":"default_layout","colormag_page_sidebar_layout":"default_layout","footnotes":""},"categories":[10,7],"tags":[],"class_list":["post-94787","post","type-post","status-publish","format-standard","has-post-thumbnail","hentry","category-opiniones","category-videos"],"acf":[],"_links":{"self":[{"href":"https:\/\/vocesparalelas.com.ar\/sitio\/wp-json\/wp\/v2\/posts\/94787","targetHints":{"allow":["GET"]}}],"collection":[{"href":"https:\/\/vocesparalelas.com.ar\/sitio\/wp-json\/wp\/v2\/posts"}],"about":[{"href":"https:\/\/vocesparalelas.com.ar\/sitio\/wp-json\/wp\/v2\/types\/post"}],"author":[{"embeddable":true,"href":"https:\/\/vocesparalelas.com.ar\/sitio\/wp-json\/wp\/v2\/users\/3"}],"replies":[{"embeddable":true,"href":"https:\/\/vocesparalelas.com.ar\/sitio\/wp-json\/wp\/v2\/comments?post=94787"}],"version-history":[{"count":1,"href":"https:\/\/vocesparalelas.com.ar\/sitio\/wp-json\/wp\/v2\/posts\/94787\/revisions"}],"predecessor-version":[{"id":94791,"href":"https:\/\/vocesparalelas.com.ar\/sitio\/wp-json\/wp\/v2\/posts\/94787\/revisions\/94791"}],"wp:featuredmedia":[{"embeddable":true,"href":"https:\/\/vocesparalelas.com.ar\/sitio\/wp-json\/wp\/v2\/media\/94781"}],"wp:attachment":[{"href":"https:\/\/vocesparalelas.com.ar\/sitio\/wp-json\/wp\/v2\/media?parent=94787"}],"wp:term":[{"taxonomy":"category","embeddable":true,"href":"https:\/\/vocesparalelas.com.ar\/sitio\/wp-json\/wp\/v2\/categories?post=94787"},{"taxonomy":"post_tag","embeddable":true,"href":"https:\/\/vocesparalelas.com.ar\/sitio\/wp-json\/wp\/v2\/tags?post=94787"}],"curies":[{"name":"wp","href":"https:\/\/api.w.org\/{rel}","templated":true}]}}