{"id":94777,"date":"2025-12-10T19:30:16","date_gmt":"2025-12-10T22:30:16","guid":{"rendered":"https:\/\/vocesparalelas.com.ar\/sitio\/?p=94777"},"modified":"2025-12-11T21:11:15","modified_gmt":"2025-12-12T00:11:15","slug":"exitosa-la-noche-de-las-universidades-de-la-unsj-en-el-parque-de-rivadavia","status":"publish","type":"post","link":"https:\/\/vocesparalelas.com.ar\/sitio\/exitosa-la-noche-de-las-universidades-de-la-unsj-en-el-parque-de-rivadavia\/","title":{"rendered":"Exitosa \u00abLa Noche de las Universidades\u00bb de la UNSJ en el Parque de Rivadavia"},"content":{"rendered":"<p>El Martes, 9 de diciembre, de 20 a 22 hs.; en el Parque de Rivadavia, libre y gratuita, se desarroll\u00f3 la \u201cLa Noche de las Universidades\u201d por la Universidad Nacional de San Juan al cumplirse 76 a\u00f1os de la gratuidad universitaria.<\/p>\n<p>Por este motivo abri\u00f3 sus puertas a la comunidad para desarrollar actividades culturales, musicales, acad\u00e9micas, de extensi\u00f3n, de investigaci\u00f3n y cient\u00edficas brindando la posibilidad de explorar, conocer y descubrir el \u201chacer universitario\u201d.<\/p>\n<p>El programa incluye la participaci\u00f3n del elenco de Teatro Inclusivo, Tango con el profesor Federico Heredia, actuaci\u00f3n de ensambles de la Escuela de M\u00fasica y del Coro de Ni\u00f1os y J\u00f3venes de la UNSJ. Tambi\u00e9n participar\u00e1 el cantautor Daniel Giovenco.<\/p>\n<p><iframe loading=\"lazy\" title=\"UNSJ FFHA CORO NI\u00d1OS Y JOVENES\" width=\"800\" height=\"450\" src=\"https:\/\/www.youtube.com\/embed\/T6GWl63Mo9E?feature=oembed\" frameborder=\"0\" allow=\"accelerometer; autoplay; clipboard-write; encrypted-media; gyroscope; picture-in-picture; web-share\" referrerpolicy=\"strict-origin-when-cross-origin\" allowfullscreen><\/iframe><\/p>\n<p>Adem\u00e1s, hubo espacios informativos de cada unidad acad\u00e9mica. La actividad es para toda la comunidad.<\/p>\n<p>En este contexto, Voces Paralelas desarroll\u00f3 una entrevista period\u00edstica al Rector de la UNSJ, Ing. Tadeo Berenguer, quien describi\u00f3 lo que significa la Noche de las Universidades para que la comunidad conozca a la Universidad Nacional de San Juan.<\/p>\n<p><iframe loading=\"lazy\" title=\"UNSJ RECTOR ING TADEO BERENGUER \" width=\"800\" height=\"450\" src=\"https:\/\/www.youtube.com\/embed\/1diweIdmfXU?feature=oembed\" frameborder=\"0\" allow=\"accelerometer; autoplay; clipboard-write; encrypted-media; gyroscope; picture-in-picture; web-share\" referrerpolicy=\"strict-origin-when-cross-origin\" allowfullscreen><\/iframe><\/p>\n<p><img loading=\"lazy\" decoding=\"async\" class=\"alignnone size-full wp-image-94783\" src=\"https:\/\/vocesparalelas.com.ar\/sitio\/wp-content\/uploads\/2025\/12\/UNSJ-NOCHE-UNIVERSIDADES-05.jpg\" alt=\"\" width=\"800\" height=\"533\" srcset=\"https:\/\/vocesparalelas.com.ar\/sitio\/wp-content\/uploads\/2025\/12\/UNSJ-NOCHE-UNIVERSIDADES-05.jpg 800w, https:\/\/vocesparalelas.com.ar\/sitio\/wp-content\/uploads\/2025\/12\/UNSJ-NOCHE-UNIVERSIDADES-05-300x200.jpg 300w, https:\/\/vocesparalelas.com.ar\/sitio\/wp-content\/uploads\/2025\/12\/UNSJ-NOCHE-UNIVERSIDADES-05-768x512.jpg 768w\" sizes=\"auto, (max-width: 800px) 100vw, 800px\" \/><\/p>\n<p><iframe loading=\"lazy\" title=\"UNSJ NOCHE DE UNIVERSIDADES \" width=\"800\" height=\"450\" src=\"https:\/\/www.youtube.com\/embed\/wR50b0bQtkY?feature=oembed\" frameborder=\"0\" allow=\"accelerometer; autoplay; clipboard-write; encrypted-media; gyroscope; picture-in-picture; web-share\" referrerpolicy=\"strict-origin-when-cross-origin\" allowfullscreen><\/iframe><\/p>\n<p>&nbsp;<\/p>\n<p><img loading=\"lazy\" decoding=\"async\" class=\"alignnone size-full wp-image-94784\" src=\"https:\/\/vocesparalelas.com.ar\/sitio\/wp-content\/uploads\/2025\/12\/UNSJ-NOCHE-UNIVERSIDADES-06.jpg\" alt=\"\" width=\"800\" height=\"600\" srcset=\"https:\/\/vocesparalelas.com.ar\/sitio\/wp-content\/uploads\/2025\/12\/UNSJ-NOCHE-UNIVERSIDADES-06.jpg 800w, https:\/\/vocesparalelas.com.ar\/sitio\/wp-content\/uploads\/2025\/12\/UNSJ-NOCHE-UNIVERSIDADES-06-300x225.jpg 300w, https:\/\/vocesparalelas.com.ar\/sitio\/wp-content\/uploads\/2025\/12\/UNSJ-NOCHE-UNIVERSIDADES-06-768x576.jpg 768w\" sizes=\"auto, (max-width: 800px) 100vw, 800px\" \/><\/p>\n","protected":false},"excerpt":{"rendered":"<p>El Martes, 9 de diciembre, de 20 a 22 hs.; en el Parque de Rivadavia, libre y gratuita, se desarroll\u00f3<\/p>\n","protected":false},"author":3,"featured_media":94780,"comment_status":"closed","ping_status":"closed","sticky":false,"template":"","format":"standard","meta":{"_acf_changed":false,"_seopress_robots_primary_cat":"none","_seopress_titles_title":"","_seopress_titles_desc":"","_seopress_robots_index":"","colormag_page_container_layout":"default_layout","colormag_page_sidebar_layout":"default_layout","footnotes":""},"categories":[10,7],"tags":[],"class_list":["post-94777","post","type-post","status-publish","format-standard","has-post-thumbnail","hentry","category-opiniones","category-videos"],"acf":[],"_links":{"self":[{"href":"https:\/\/vocesparalelas.com.ar\/sitio\/wp-json\/wp\/v2\/posts\/94777","targetHints":{"allow":["GET"]}}],"collection":[{"href":"https:\/\/vocesparalelas.com.ar\/sitio\/wp-json\/wp\/v2\/posts"}],"about":[{"href":"https:\/\/vocesparalelas.com.ar\/sitio\/wp-json\/wp\/v2\/types\/post"}],"author":[{"embeddable":true,"href":"https:\/\/vocesparalelas.com.ar\/sitio\/wp-json\/wp\/v2\/users\/3"}],"replies":[{"embeddable":true,"href":"https:\/\/vocesparalelas.com.ar\/sitio\/wp-json\/wp\/v2\/comments?post=94777"}],"version-history":[{"count":2,"href":"https:\/\/vocesparalelas.com.ar\/sitio\/wp-json\/wp\/v2\/posts\/94777\/revisions"}],"predecessor-version":[{"id":94786,"href":"https:\/\/vocesparalelas.com.ar\/sitio\/wp-json\/wp\/v2\/posts\/94777\/revisions\/94786"}],"wp:featuredmedia":[{"embeddable":true,"href":"https:\/\/vocesparalelas.com.ar\/sitio\/wp-json\/wp\/v2\/media\/94780"}],"wp:attachment":[{"href":"https:\/\/vocesparalelas.com.ar\/sitio\/wp-json\/wp\/v2\/media?parent=94777"}],"wp:term":[{"taxonomy":"category","embeddable":true,"href":"https:\/\/vocesparalelas.com.ar\/sitio\/wp-json\/wp\/v2\/categories?post=94777"},{"taxonomy":"post_tag","embeddable":true,"href":"https:\/\/vocesparalelas.com.ar\/sitio\/wp-json\/wp\/v2\/tags?post=94777"}],"curies":[{"name":"wp","href":"https:\/\/api.w.org\/{rel}","templated":true}]}}