{"id":94766,"date":"2025-12-10T13:35:37","date_gmt":"2025-12-10T16:35:37","guid":{"rendered":"https:\/\/vocesparalelas.com.ar\/sitio\/?p=94766"},"modified":"2025-12-11T21:29:03","modified_gmt":"2025-12-12T00:29:03","slug":"la-energia-de-estar-la-fuerza-de-hacer-en-san-juan","status":"publish","type":"post","link":"https:\/\/vocesparalelas.com.ar\/sitio\/la-energia-de-estar-la-fuerza-de-hacer-en-san-juan\/","title":{"rendered":"La energ\u00eda de estar, la fuerza de hacer en San Juan"},"content":{"rendered":"<p>Hace dos a\u00f1os asumimos en una provincia que atravesaba tiempos dif\u00edciles: una econom\u00eda comprometida, muchas urgencias, y una enorme deuda de confianza. Pero tuvimos algo fundamental: la convicci\u00f3n de poner en primer lugar lo que realmente mejora la vida de las sanjuaninas y los sanjuaninos.<\/p>\n<p>Decidimos invertir en lo esencial, con una visi\u00f3n clara de futuro. Por eso hoy podemos decir que cumplimos una promesa de campa\u00f1a: el\u00a0<a href=\"https:\/\/sisanjuan.gob.ar\/23-gobierno\/2025-12-10\/65277-gestion-orrego-se-consolido-el-boleto-escolar-y-docente-gratuito-como-politica-de-estado-en-2025\">Boleto Educativo Gratuito<\/a>. Ya est\u00e1 vigente en toda la provincia para estudiantes y docentes de todos los niveles \u2014incluso en las zonas m\u00e1s alejadas\u2014 garantizando el derecho a estudiar y haciendo m\u00e1s accesible el transporte p\u00fablico.<\/p>\n<p>La obra p\u00fablica no se detuvo, aun sin los fondos nacionales que otras gestiones supieron tener.\u00a0<a href=\"https:\/\/sisanjuan.gob.ar\/23-infraestructura\/2025-12-10\/65337-educacion-salud-y-viviendas-los-pilares-que-marcaron-la-obra-publica\">Terminamos viviendas, avanzamos en infraestructura vial, renovamos grandes avenidas<\/a>\u00a0\u2014como la Circunvalaci\u00f3n, que recibi\u00f3 mantenimiento, repavimentaci\u00f3n y mejoras\u2014 y revitalizamos arterias esenciales como la Avenida Libertador General San Mart\u00edn.<\/p>\n<p>Apostamos al bienestar, al desarrollo social,<a href=\"https:\/\/sisanjuan.gob.ar\/23-turismo-y-cultura\/2025-12-10\/65334-san-juan-fortalecio-su-identidad-calidad-y-competitividad-en-el-mercado-turistico\">\u00a0al turismo y al cuidado de nuestro patrimonio.\u00a0<\/a>Recuperamos espacios p\u00fablicos, modernizamos servicios, ampliamos \u00e1reas de recreaci\u00f3n y garantizamos la presencia del Estado donde m\u00e1s se lo necesitaba.<\/p>\n<p><a href=\"https:\/\/sisanjuan.gob.ar\/23-desarrollo-humano\/2025-12-10\/65317-con-san-juan-cerca-se-duplico-la-llegada-a-toda-la-comunidad\">San Juan Cerca<\/a>\u00a0demostr\u00f3 que cuando el Estado se acerca al territorio, la gente lo siente y lo valora. Miles de vecinos pudieron resolver tr\u00e1mites, recibir asesoramiento y encontrar soluciones sin tener que moverse de sus barrios.<\/p>\n<p>Tambi\u00e9n impulsamos el desarrollo responsable de todo nuestro potencial.\u00a0<a href=\"https:\/\/sisanjuan.gob.ar\/23-mineria\/2025-12-10\/65330-mineria-fortalece-su-desarrollo-con-gestion-moderna-inversion-y-compromiso-ambiental\">Promovimos la miner\u00eda, las energ\u00edas sustentables y el cobre bajo reglas claras,<\/a>\u00a0para generar oportunidades de trabajo, inversi\u00f3n y crecimiento. Porque mirar al futuro no significa olvidar las urgencias del presente: significa integrarlas en un rumbo coherente y sostenido.<\/p>\n<p>Con di\u00e1logo, con gesti\u00f3n y con mucho compromiso social, sorteamos obst\u00e1culos, priorizamos lo importante y avanzamos con paso firme.<\/p>\n<p>Agradezco a cada familia sanjuanina que confi\u00f3, que acompa\u00f1\u00f3 y que sigue so\u00f1ando y apostando por un San Juan cada vez mejor.<\/p>\n<p>Este camino lo hacemos juntos, d\u00eda a d\u00eda\u2026 sin pausas, con esperanza y con el compromiso de seguir creciendo.<\/p>\n<p>Sigamos construyendo. Sigamos haci\u00e9ndolo juntos<\/p>\n<p>&nbsp;<\/p>\n<p><iframe loading=\"lazy\" title=\"Cumplimos dos a\u00f1os de gesti\u00f3n\" width=\"800\" height=\"450\" src=\"https:\/\/www.youtube.com\/embed\/XUaeQr100lk?feature=oembed\" frameborder=\"0\" allow=\"accelerometer; autoplay; clipboard-write; encrypted-media; gyroscope; picture-in-picture; web-share\" referrerpolicy=\"strict-origin-when-cross-origin\" allowfullscreen><\/iframe><\/p>\n","protected":false},"excerpt":{"rendered":"<p>Hace dos a\u00f1os asumimos en una provincia que atravesaba tiempos dif\u00edciles: una econom\u00eda comprometida, muchas urgencias, y una enorme deuda<\/p>\n","protected":false},"author":3,"featured_media":80214,"comment_status":"closed","ping_status":"closed","sticky":false,"template":"","format":"standard","meta":{"_acf_changed":false,"_seopress_robots_primary_cat":"none","_seopress_titles_title":"","_seopress_titles_desc":"","_seopress_robots_index":"","colormag_page_container_layout":"default_layout","colormag_page_sidebar_layout":"default_layout","footnotes":""},"categories":[10,7],"tags":[],"class_list":["post-94766","post","type-post","status-publish","format-standard","has-post-thumbnail","hentry","category-opiniones","category-videos"],"acf":[],"_links":{"self":[{"href":"https:\/\/vocesparalelas.com.ar\/sitio\/wp-json\/wp\/v2\/posts\/94766","targetHints":{"allow":["GET"]}}],"collection":[{"href":"https:\/\/vocesparalelas.com.ar\/sitio\/wp-json\/wp\/v2\/posts"}],"about":[{"href":"https:\/\/vocesparalelas.com.ar\/sitio\/wp-json\/wp\/v2\/types\/post"}],"author":[{"embeddable":true,"href":"https:\/\/vocesparalelas.com.ar\/sitio\/wp-json\/wp\/v2\/users\/3"}],"replies":[{"embeddable":true,"href":"https:\/\/vocesparalelas.com.ar\/sitio\/wp-json\/wp\/v2\/comments?post=94766"}],"version-history":[{"count":1,"href":"https:\/\/vocesparalelas.com.ar\/sitio\/wp-json\/wp\/v2\/posts\/94766\/revisions"}],"predecessor-version":[{"id":94769,"href":"https:\/\/vocesparalelas.com.ar\/sitio\/wp-json\/wp\/v2\/posts\/94766\/revisions\/94769"}],"wp:featuredmedia":[{"embeddable":true,"href":"https:\/\/vocesparalelas.com.ar\/sitio\/wp-json\/wp\/v2\/media\/80214"}],"wp:attachment":[{"href":"https:\/\/vocesparalelas.com.ar\/sitio\/wp-json\/wp\/v2\/media?parent=94766"}],"wp:term":[{"taxonomy":"category","embeddable":true,"href":"https:\/\/vocesparalelas.com.ar\/sitio\/wp-json\/wp\/v2\/categories?post=94766"},{"taxonomy":"post_tag","embeddable":true,"href":"https:\/\/vocesparalelas.com.ar\/sitio\/wp-json\/wp\/v2\/tags?post=94766"}],"curies":[{"name":"wp","href":"https:\/\/api.w.org\/{rel}","templated":true}]}}