{"id":94756,"date":"2025-12-09T18:44:33","date_gmt":"2025-12-09T21:44:33","guid":{"rendered":"https:\/\/vocesparalelas.com.ar\/sitio\/?p=94756"},"modified":"2025-12-11T22:45:03","modified_gmt":"2025-12-12T01:45:03","slug":"convocatoria-programacion-2026-en-la-sala-auditorium-del-tb-de-san-juan","status":"publish","type":"post","link":"https:\/\/vocesparalelas.com.ar\/sitio\/convocatoria-programacion-2026-en-la-sala-auditorium-del-tb-de-san-juan\/","title":{"rendered":"Convocatoria \u00abProgramaci\u00f3n 2026\u00bb en la Sala Audit\u00f3rium del TB  de San Juan"},"content":{"rendered":"<p>En el marco de su d\u00e9cima temporada, el Teatro del Bicentenario anuncia la apertura de la Convocatoria para la Programaci\u00f3n 2026 de la Sala Audit\u00f3rium, destinada a artistas, directores, core\u00f3grafos, productores y colectivos esc\u00e9nicos que deseen formar parte de un a\u00f1o clave en la historia del TB.<\/p>\n<p>La convocatoria estar\u00e1 abierta desde el 5 de Diciembre de 2025 hasta el 2 de Febrero de 2026, a las 12 hs, per\u00edodo en el que podr\u00e1n presentarse propuestas que, una vez seleccionadas, integrar\u00e1n la programaci\u00f3n art\u00edstica de la Temporada 2026.<\/p>\n<p>Tras una exitosa Temporada 2025, que reuni\u00f3 m\u00e1s de 65 espect\u00e1culos y una amplia diversidad de producciones que conquistaron al p\u00fablico, el Teatro reafirma su compromiso con la creaci\u00f3n, circulaci\u00f3n y promoci\u00f3n de proyectos esc\u00e9nicos que reflejen la vitalidad cultural de la regi\u00f3n y el pa\u00eds.<\/p>\n<p>La convocatoria busca dar forma a una programaci\u00f3n plural, heterog\u00e9nea, din\u00e1mica y superadora, que incorpore nuevas miradas, lenguajes innovadores y puestas que expandan los territorios creativos en constante transformaci\u00f3n.<\/p>\n<p>El TB apunta a acompa\u00f1ar e impulsar propuestas que inspiran, desaf\u00edan y enriquecen el panorama cultural, fortaleciendo el v\u00ednculo entre artistas y p\u00fablico.<\/p>\n<p>Dirigida a creadores mayores de 18 a\u00f1os de todo el pa\u00eds y del exterior, la invitaci\u00f3n abarca proyectos de teatro, danza, m\u00fasica y expresiones interdisciplinarias, tanto obras in\u00e9ditas como reposiciones.<\/p>\n<p>Con una capacidad de 194 espectadores, la Sala Audit\u00f3rium se consolida como un espacio \u00edntimo y vers\u00e1til, ideal para obras de c\u00e1mara, proyectos experimentales y propuestas que priorizan la cercan\u00eda y el encuentro directo con el p\u00fablico.<\/p>\n<p><span style=\"color: #ff6600;\"><strong>Cronograma<\/strong><\/span><\/p>\n<ul>\n<li>Postulaciones: 5 de diciembre de 2025 al 2 de febrero de 2026<\/li>\n<li>Evaluaci\u00f3n de propuestas: febrero de 2026<\/li>\n<li>Confirmaci\u00f3n de seleccionadas: febrero de 2026<\/li>\n<li>Temporada: marzo a diciembre de 2026<\/li>\n<\/ul>\n<p><span style=\"color: #ff6600;\"><strong>Bases y condiciones<\/strong><\/span><\/p>\n<p>Las Bases y Condiciones completas, junto al formulario de inscripci\u00f3n, se encuentran disponibles en el sitio web oficial del Teatro del Bicentenario, en la secci\u00f3n<a href=\"https:\/\/www.teatrodelbicentenariosanjuan.org\/\" target=\"_blank\" rel=\"noopener noreferrer\"> \u201cForm\u00e1 Parte\u201d<\/a><\/p>\n<p><img loading=\"lazy\" decoding=\"async\" class=\"alignnone size-large wp-image-21666\" src=\"https:\/\/vocesparalelas.com.ar\/sitio\/wp-content\/uploads\/2019\/06\/TEATRO-BICENTENARIO-10-800x600.jpg\" alt=\"\" width=\"800\" height=\"600\" srcset=\"https:\/\/vocesparalelas.com.ar\/sitio\/wp-content\/uploads\/2019\/06\/TEATRO-BICENTENARIO-10-800x600.jpg 800w, https:\/\/vocesparalelas.com.ar\/sitio\/wp-content\/uploads\/2019\/06\/TEATRO-BICENTENARIO-10-300x225.jpg 300w, https:\/\/vocesparalelas.com.ar\/sitio\/wp-content\/uploads\/2019\/06\/TEATRO-BICENTENARIO-10-768x576.jpg 768w, https:\/\/vocesparalelas.com.ar\/sitio\/wp-content\/uploads\/2019\/06\/TEATRO-BICENTENARIO-10.jpg 1000w\" sizes=\"auto, (max-width: 800px) 100vw, 800px\" \/><\/p>\n","protected":false},"excerpt":{"rendered":"<p>En el marco de su d\u00e9cima temporada, el Teatro del Bicentenario anuncia la apertura de la Convocatoria para la Programaci\u00f3n<\/p>\n","protected":false},"author":3,"featured_media":36029,"comment_status":"closed","ping_status":"closed","sticky":false,"template":"","format":"standard","meta":{"_acf_changed":false,"_seopress_robots_primary_cat":"none","_seopress_titles_title":"","_seopress_titles_desc":"","_seopress_robots_index":"","colormag_page_container_layout":"default_layout","colormag_page_sidebar_layout":"default_layout","footnotes":""},"categories":[2],"tags":[],"class_list":["post-94756","post","type-post","status-publish","format-standard","has-post-thumbnail","hentry","category-convocatorias"],"acf":[],"_links":{"self":[{"href":"https:\/\/vocesparalelas.com.ar\/sitio\/wp-json\/wp\/v2\/posts\/94756","targetHints":{"allow":["GET"]}}],"collection":[{"href":"https:\/\/vocesparalelas.com.ar\/sitio\/wp-json\/wp\/v2\/posts"}],"about":[{"href":"https:\/\/vocesparalelas.com.ar\/sitio\/wp-json\/wp\/v2\/types\/post"}],"author":[{"embeddable":true,"href":"https:\/\/vocesparalelas.com.ar\/sitio\/wp-json\/wp\/v2\/users\/3"}],"replies":[{"embeddable":true,"href":"https:\/\/vocesparalelas.com.ar\/sitio\/wp-json\/wp\/v2\/comments?post=94756"}],"version-history":[{"count":1,"href":"https:\/\/vocesparalelas.com.ar\/sitio\/wp-json\/wp\/v2\/posts\/94756\/revisions"}],"predecessor-version":[{"id":94759,"href":"https:\/\/vocesparalelas.com.ar\/sitio\/wp-json\/wp\/v2\/posts\/94756\/revisions\/94759"}],"wp:featuredmedia":[{"embeddable":true,"href":"https:\/\/vocesparalelas.com.ar\/sitio\/wp-json\/wp\/v2\/media\/36029"}],"wp:attachment":[{"href":"https:\/\/vocesparalelas.com.ar\/sitio\/wp-json\/wp\/v2\/media?parent=94756"}],"wp:term":[{"taxonomy":"category","embeddable":true,"href":"https:\/\/vocesparalelas.com.ar\/sitio\/wp-json\/wp\/v2\/categories?post=94756"},{"taxonomy":"post_tag","embeddable":true,"href":"https:\/\/vocesparalelas.com.ar\/sitio\/wp-json\/wp\/v2\/tags?post=94756"}],"curies":[{"name":"wp","href":"https:\/\/api.w.org\/{rel}","templated":true}]}}