{"id":94740,"date":"2025-12-09T13:28:30","date_gmt":"2025-12-09T16:28:30","guid":{"rendered":"https:\/\/vocesparalelas.com.ar\/sitio\/?p=94740"},"modified":"2025-12-09T13:53:24","modified_gmt":"2025-12-09T16:53:24","slug":"la-feria-agroproductiva-de-san-juan","status":"publish","type":"post","link":"https:\/\/vocesparalelas.com.ar\/sitio\/la-feria-agroproductiva-de-san-juan\/","title":{"rendered":"La Feria Agroproductiva de San Juan"},"content":{"rendered":"<p>El Mi\u00e9rcoles, 10 de Diciembre, de 9:30 a 13:30 hs. en la Plaza Seca del Centro C\u00edvico\u00a0 se desarrolla la Feria Agroproductiva de San Juan.<\/p>\n<p>En esta oportunidad, m\u00e1s de 90 productores locales, quienes pondr\u00e1n a disposici\u00f3n del p\u00fablico una amplia variedad de productos: verduras, huevos, panificados, miel, conservas, frutos secos, dulces, aceite de oliva, aceitunas, entre otros.<\/p>\n<p>La Gran Feria Agroproductiva de San Juan es organizada por el Ministerio de Producci\u00f3n, Trabajo e Innovaci\u00f3n del Gobierno de San Juan, a trav\u00e9s de la Secretar\u00eda de Agricultura, Ganader\u00eda y Agroindustria, a trav\u00e9s de la Direcci\u00f3n Desarrollo Agropecuario, es la m\u00e1s representativa en la que forman parte productores y emprendedores provenientes de los diferentes departamentos de San Juan.<\/p>\n<p><img loading=\"lazy\" decoding=\"async\" class=\"alignnone size-full wp-image-65642\" src=\"https:\/\/vocesparalelas.com.ar\/sitio\/wp-content\/uploads\/2023\/11\/GOBIERNO-SAN-JUAN.jpg\" alt=\"\" width=\"800\" height=\"600\" srcset=\"https:\/\/vocesparalelas.com.ar\/sitio\/wp-content\/uploads\/2023\/11\/GOBIERNO-SAN-JUAN.jpg 800w, https:\/\/vocesparalelas.com.ar\/sitio\/wp-content\/uploads\/2023\/11\/GOBIERNO-SAN-JUAN-300x225.jpg 300w, https:\/\/vocesparalelas.com.ar\/sitio\/wp-content\/uploads\/2023\/11\/GOBIERNO-SAN-JUAN-768x576.jpg 768w\" sizes=\"auto, (max-width: 800px) 100vw, 800px\" \/><\/p>\n<p>&nbsp;<\/p>\n","protected":false},"excerpt":{"rendered":"<p>El Mi\u00e9rcoles, 10 de Diciembre, de 9:30 a 13:30 hs. en la Plaza Seca del Centro C\u00edvico\u00a0 se desarrolla la<\/p>\n","protected":false},"author":3,"featured_media":89625,"comment_status":"closed","ping_status":"closed","sticky":false,"template":"","format":"standard","meta":{"_acf_changed":false,"_seopress_robots_primary_cat":"none","_seopress_titles_title":"","_seopress_titles_desc":"","_seopress_robots_index":"","colormag_page_container_layout":"default_layout","colormag_page_sidebar_layout":"default_layout","footnotes":""},"categories":[1],"tags":[],"class_list":["post-94740","post","type-post","status-publish","format-standard","has-post-thumbnail","hentry","category-destacadas"],"acf":[],"_links":{"self":[{"href":"https:\/\/vocesparalelas.com.ar\/sitio\/wp-json\/wp\/v2\/posts\/94740","targetHints":{"allow":["GET"]}}],"collection":[{"href":"https:\/\/vocesparalelas.com.ar\/sitio\/wp-json\/wp\/v2\/posts"}],"about":[{"href":"https:\/\/vocesparalelas.com.ar\/sitio\/wp-json\/wp\/v2\/types\/post"}],"author":[{"embeddable":true,"href":"https:\/\/vocesparalelas.com.ar\/sitio\/wp-json\/wp\/v2\/users\/3"}],"replies":[{"embeddable":true,"href":"https:\/\/vocesparalelas.com.ar\/sitio\/wp-json\/wp\/v2\/comments?post=94740"}],"version-history":[{"count":1,"href":"https:\/\/vocesparalelas.com.ar\/sitio\/wp-json\/wp\/v2\/posts\/94740\/revisions"}],"predecessor-version":[{"id":94743,"href":"https:\/\/vocesparalelas.com.ar\/sitio\/wp-json\/wp\/v2\/posts\/94740\/revisions\/94743"}],"wp:featuredmedia":[{"embeddable":true,"href":"https:\/\/vocesparalelas.com.ar\/sitio\/wp-json\/wp\/v2\/media\/89625"}],"wp:attachment":[{"href":"https:\/\/vocesparalelas.com.ar\/sitio\/wp-json\/wp\/v2\/media?parent=94740"}],"wp:term":[{"taxonomy":"category","embeddable":true,"href":"https:\/\/vocesparalelas.com.ar\/sitio\/wp-json\/wp\/v2\/categories?post=94740"},{"taxonomy":"post_tag","embeddable":true,"href":"https:\/\/vocesparalelas.com.ar\/sitio\/wp-json\/wp\/v2\/tags?post=94740"}],"curies":[{"name":"wp","href":"https:\/\/api.w.org\/{rel}","templated":true}]}}