{"id":94734,"date":"2025-12-09T13:20:41","date_gmt":"2025-12-09T16:20:41","guid":{"rendered":"https:\/\/vocesparalelas.com.ar\/sitio\/?p=94734"},"modified":"2025-12-10T23:15:38","modified_gmt":"2025-12-11T02:15:38","slug":"cierre-pedagogico-final-de-residencia-en-el-isfd-colegio-superior-n-1-de-rawson-en-san-juan","status":"publish","type":"post","link":"https:\/\/vocesparalelas.com.ar\/sitio\/cierre-pedagogico-final-de-residencia-en-el-isfd-colegio-superior-n-1-de-rawson-en-san-juan\/","title":{"rendered":"Cierre Pedag\u00f3gico Final de Residencia en el ISFD Colegio Superior N\u00b0 1 de Rawson en San Juan"},"content":{"rendered":"<p>En las \u00faltimas semanas del mes de Noviembre de 2025 se celebraron Cierres Finales de Pr\u00e1cticas Docentes Residencia en el Instituto Superior de Formaci\u00f3n Docente Colegio Superior N\u00b01 de Rawson \u201cProf. Iole Lebe Palmolelli de Mascotti\u201d.<\/p>\n<p>En ese marco m\u00e1s de sesenta estudiantes se convirtieron en nuevos profesionales para los niveles obligatorios del sistema educativo en la provincia de San Juan en los Profesorados de Educaci\u00f3n Tecnol\u00f3gica en Nivel Inicial, Primario y Secundario, Profesorado de Educaci\u00f3n Secundaria en Matem\u00e1tica y Profesorado de Educaci\u00f3n Secundaria en Psicolog\u00eda.<\/p>\n<p><iframe loading=\"lazy\" title=\"SAN JUAN ISFD COLEGIO N\u00b0 1 DE RAWSON\" width=\"563\" height=\"1000\" src=\"https:\/\/www.youtube.com\/embed\/UmSJAypzq-k?feature=oembed\" frameborder=\"0\" allow=\"accelerometer; autoplay; clipboard-write; encrypted-media; gyroscope; picture-in-picture; web-share\" referrerpolicy=\"strict-origin-when-cross-origin\" allowfullscreen><\/iframe><\/p>\n<p>Fueron acompa\u00f1ados por las autoridades Lic. Valeria Fagale, Prof. Magdalena Gim\u00e9nez. Secretarias Acad\u00e9micas, Jefaturas, Coordinaciones de carrera, Coordinaciones de Pr\u00e1ctica, Docentes de la comunidad educativa, Estudiantes y Familia.<\/p>\n<p><img loading=\"lazy\" decoding=\"async\" class=\"alignnone size-full wp-image-94738\" src=\"https:\/\/vocesparalelas.com.ar\/sitio\/wp-content\/uploads\/2025\/12\/ISFD-RAWSON-01.jpg\" alt=\"\" width=\"800\" height=\"438\" srcset=\"https:\/\/vocesparalelas.com.ar\/sitio\/wp-content\/uploads\/2025\/12\/ISFD-RAWSON-01.jpg 800w, https:\/\/vocesparalelas.com.ar\/sitio\/wp-content\/uploads\/2025\/12\/ISFD-RAWSON-01-300x164.jpg 300w, https:\/\/vocesparalelas.com.ar\/sitio\/wp-content\/uploads\/2025\/12\/ISFD-RAWSON-01-768x420.jpg 768w\" sizes=\"auto, (max-width: 800px) 100vw, 800px\" \/><\/p>\n<p>Se vivieron momentos muy especiales en el acto de cierre del Espacio Curricular de Pr\u00e1ctica IV \u201cResidencia Pedag\u00f3gica\u201d de la carrera del Profesorado en Educaci\u00f3n Tecnol\u00f3gica a cargo de Prof. Vanina Guzman.<\/p>\n<p><iframe loading=\"lazy\" title=\"SAN JUAN ISFD COLEGIO SUPERIOR N\u00b01 DE RAWSON\" width=\"800\" height=\"450\" src=\"https:\/\/www.youtube.com\/embed\/7AWeekt0b38?feature=oembed\" frameborder=\"0\" allow=\"accelerometer; autoplay; clipboard-write; encrypted-media; gyroscope; picture-in-picture; web-share\" referrerpolicy=\"strict-origin-when-cross-origin\" allowfullscreen><\/iframe><\/p>\n<p>El mismo evidencio a trav\u00e9s de la tem\u00e1tica de un recorrido formativo etapas de aprendizajes adquiridos por los estudiantes residentes enmarcados en registros narrativos, experiencias compartidas entre el abordaje te\u00f3rico y pr\u00e1ctico de ser docente desde un sentido pedag\u00f3gico significativo y una muestra interactiva representada en la creaci\u00f3n interactiva de valijas docentes, las cuales cargan herramientas y aprendizajes metodol\u00f3gicos, disciplinares y did\u00e1cticas que propenden fortalecer el rol docente novel.<\/p>\n<p>\u201cSe hace camino al andar y ser docente es esa b\u00fasqueda constante, continua y cardinal entre saber, vocaci\u00f3n y servicio\u201d.<\/p>\n<p><img loading=\"lazy\" decoding=\"async\" class=\"alignnone size-large wp-image-13754\" src=\"https:\/\/vocesparalelas.com.ar\/sitio\/wp-content\/uploads\/2018\/07\/COLEGIO-SUPERIOR-DE-RAWSON-800x506.jpg\" alt=\"\" width=\"800\" height=\"506\" srcset=\"https:\/\/vocesparalelas.com.ar\/sitio\/wp-content\/uploads\/2018\/07\/COLEGIO-SUPERIOR-DE-RAWSON-800x506.jpg 800w, https:\/\/vocesparalelas.com.ar\/sitio\/wp-content\/uploads\/2018\/07\/COLEGIO-SUPERIOR-DE-RAWSON-300x190.jpg 300w, https:\/\/vocesparalelas.com.ar\/sitio\/wp-content\/uploads\/2018\/07\/COLEGIO-SUPERIOR-DE-RAWSON-768x485.jpg 768w, https:\/\/vocesparalelas.com.ar\/sitio\/wp-content\/uploads\/2018\/07\/COLEGIO-SUPERIOR-DE-RAWSON.jpg 1000w\" sizes=\"auto, (max-width: 800px) 100vw, 800px\" \/><\/p>\n","protected":false},"excerpt":{"rendered":"<p>En las \u00faltimas semanas del mes de Noviembre de 2025 se celebraron Cierres Finales de Pr\u00e1cticas Docentes Residencia en el<\/p>\n","protected":false},"author":3,"featured_media":94737,"comment_status":"closed","ping_status":"closed","sticky":false,"template":"","format":"standard","meta":{"_acf_changed":false,"_seopress_robots_primary_cat":"none","_seopress_titles_title":"","_seopress_titles_desc":"","_seopress_robots_index":"","colormag_page_container_layout":"default_layout","colormag_page_sidebar_layout":"default_layout","footnotes":""},"categories":[5,7],"tags":[],"class_list":["post-94734","post","type-post","status-publish","format-standard","has-post-thumbnail","hentry","category-ofrecimientos","category-videos"],"acf":[],"_links":{"self":[{"href":"https:\/\/vocesparalelas.com.ar\/sitio\/wp-json\/wp\/v2\/posts\/94734","targetHints":{"allow":["GET"]}}],"collection":[{"href":"https:\/\/vocesparalelas.com.ar\/sitio\/wp-json\/wp\/v2\/posts"}],"about":[{"href":"https:\/\/vocesparalelas.com.ar\/sitio\/wp-json\/wp\/v2\/types\/post"}],"author":[{"embeddable":true,"href":"https:\/\/vocesparalelas.com.ar\/sitio\/wp-json\/wp\/v2\/users\/3"}],"replies":[{"embeddable":true,"href":"https:\/\/vocesparalelas.com.ar\/sitio\/wp-json\/wp\/v2\/comments?post=94734"}],"version-history":[{"count":1,"href":"https:\/\/vocesparalelas.com.ar\/sitio\/wp-json\/wp\/v2\/posts\/94734\/revisions"}],"predecessor-version":[{"id":94739,"href":"https:\/\/vocesparalelas.com.ar\/sitio\/wp-json\/wp\/v2\/posts\/94734\/revisions\/94739"}],"wp:featuredmedia":[{"embeddable":true,"href":"https:\/\/vocesparalelas.com.ar\/sitio\/wp-json\/wp\/v2\/media\/94737"}],"wp:attachment":[{"href":"https:\/\/vocesparalelas.com.ar\/sitio\/wp-json\/wp\/v2\/media?parent=94734"}],"wp:term":[{"taxonomy":"category","embeddable":true,"href":"https:\/\/vocesparalelas.com.ar\/sitio\/wp-json\/wp\/v2\/categories?post=94734"},{"taxonomy":"post_tag","embeddable":true,"href":"https:\/\/vocesparalelas.com.ar\/sitio\/wp-json\/wp\/v2\/tags?post=94734"}],"curies":[{"name":"wp","href":"https:\/\/api.w.org\/{rel}","templated":true}]}}