{"id":94730,"date":"2025-12-09T11:30:17","date_gmt":"2025-12-09T14:30:17","guid":{"rendered":"https:\/\/vocesparalelas.com.ar\/sitio\/?p=94730"},"modified":"2025-12-10T20:31:12","modified_gmt":"2025-12-10T23:31:12","slug":"la-tarjeta-sube-2026-es-obligatoria-para-el-boleto-escolar-y-docente-gratuito-en-san-juan","status":"publish","type":"post","link":"https:\/\/vocesparalelas.com.ar\/sitio\/la-tarjeta-sube-2026-es-obligatoria-para-el-boleto-escolar-y-docente-gratuito-en-san-juan\/","title":{"rendered":"La tarjeta SUBE 2026 es obligatoria para el Boleto Escolar y Docente Gratuito en San Juan"},"content":{"rendered":"<p>El Ministerio de Gobierno de San Juan informa que, a partir del a\u00f1o 2026, el Boleto Escolar y Docente Gratuito funciona de manera obligatoria a trav\u00e9s de la tarjeta SUBE, tanto para estudiantes como para docentes de todos los niveles.<\/p>\n<p>Esta nueva modalidad permite optimizar el sistema, fortalecer los controles, prevenir el uso indebido del beneficio y cuidar los recursos del Estado, garantizando que el boleto gratuito llegue exclusivamente a quienes realmente lo necesitan.<\/p>\n<p>Para acceder al beneficio, durante el 2026 se implementa un tr\u00e1mite de inscripci\u00f3n obligatorio, mediante una plataforma digital se conoce\u00a0 en tiempo y forma, donde los estudiantes y docentes deben subir la documentaci\u00f3n correspondiente para solicitar el boleto. Una vez completado el proceso, el beneficio queda asociado de manera directa a la tarjeta SUBE registrada a nombre del titular.<\/p>\n<p><img loading=\"lazy\" decoding=\"async\" class=\"alignnone size-full wp-image-56958\" src=\"https:\/\/vocesparalelas.com.ar\/sitio\/wp-content\/uploads\/2023\/03\/SUBE-TARJETA.jpg\" alt=\"\" width=\"800\" height=\"533\" srcset=\"https:\/\/vocesparalelas.com.ar\/sitio\/wp-content\/uploads\/2023\/03\/SUBE-TARJETA.jpg 800w, https:\/\/vocesparalelas.com.ar\/sitio\/wp-content\/uploads\/2023\/03\/SUBE-TARJETA-300x200.jpg 300w, https:\/\/vocesparalelas.com.ar\/sitio\/wp-content\/uploads\/2023\/03\/SUBE-TARJETA-768x512.jpg 768w\" sizes=\"auto, (max-width: 800px) 100vw, 800px\" \/><\/p>\n<p>En este marco, el Ministerio de Gobierno solicita a la comunidad educativa que desde ahora comiencen a adquirir sus tarjetas SUBE y a registrarlas a su nombre, a fin de poder cumplir en tiempo y forma con los requisitos del nuevo sistema y garantizar el acceso al boleto escolar gratuito sin inconvenientes en 2026.<\/p>\n<p>El Boleto Escolar y Docente Gratuito es una pol\u00edtica p\u00fablica que refleja el compromiso del Gobierno de San Juan con la educaci\u00f3n, la igualdad de oportunidades y el acompa\u00f1amiento a las familias sanjuaninas, facilitando el acceso diario a las instituciones educativas.<\/p>\n<p><img loading=\"lazy\" decoding=\"async\" class=\"alignnone size-full wp-image-65642\" src=\"https:\/\/vocesparalelas.com.ar\/sitio\/wp-content\/uploads\/2023\/11\/GOBIERNO-SAN-JUAN.jpg\" alt=\"\" width=\"800\" height=\"600\" srcset=\"https:\/\/vocesparalelas.com.ar\/sitio\/wp-content\/uploads\/2023\/11\/GOBIERNO-SAN-JUAN.jpg 800w, https:\/\/vocesparalelas.com.ar\/sitio\/wp-content\/uploads\/2023\/11\/GOBIERNO-SAN-JUAN-300x225.jpg 300w, https:\/\/vocesparalelas.com.ar\/sitio\/wp-content\/uploads\/2023\/11\/GOBIERNO-SAN-JUAN-768x576.jpg 768w\" sizes=\"auto, (max-width: 800px) 100vw, 800px\" \/><\/p>\n<p>&nbsp;<\/p>\n","protected":false},"excerpt":{"rendered":"<p>El Ministerio de Gobierno de San Juan informa que, a partir del a\u00f1o 2026, el Boleto Escolar y Docente Gratuito<\/p>\n","protected":false},"author":3,"featured_media":26759,"comment_status":"closed","ping_status":"closed","sticky":false,"template":"","format":"standard","meta":{"_acf_changed":false,"_seopress_robots_primary_cat":"none","_seopress_titles_title":"","_seopress_titles_desc":"","_seopress_robots_index":"","colormag_page_container_layout":"default_layout","colormag_page_sidebar_layout":"default_layout","footnotes":""},"categories":[5],"tags":[],"class_list":["post-94730","post","type-post","status-publish","format-standard","has-post-thumbnail","hentry","category-ofrecimientos"],"acf":[],"_links":{"self":[{"href":"https:\/\/vocesparalelas.com.ar\/sitio\/wp-json\/wp\/v2\/posts\/94730","targetHints":{"allow":["GET"]}}],"collection":[{"href":"https:\/\/vocesparalelas.com.ar\/sitio\/wp-json\/wp\/v2\/posts"}],"about":[{"href":"https:\/\/vocesparalelas.com.ar\/sitio\/wp-json\/wp\/v2\/types\/post"}],"author":[{"embeddable":true,"href":"https:\/\/vocesparalelas.com.ar\/sitio\/wp-json\/wp\/v2\/users\/3"}],"replies":[{"embeddable":true,"href":"https:\/\/vocesparalelas.com.ar\/sitio\/wp-json\/wp\/v2\/comments?post=94730"}],"version-history":[{"count":1,"href":"https:\/\/vocesparalelas.com.ar\/sitio\/wp-json\/wp\/v2\/posts\/94730\/revisions"}],"predecessor-version":[{"id":94733,"href":"https:\/\/vocesparalelas.com.ar\/sitio\/wp-json\/wp\/v2\/posts\/94730\/revisions\/94733"}],"wp:featuredmedia":[{"embeddable":true,"href":"https:\/\/vocesparalelas.com.ar\/sitio\/wp-json\/wp\/v2\/media\/26759"}],"wp:attachment":[{"href":"https:\/\/vocesparalelas.com.ar\/sitio\/wp-json\/wp\/v2\/media?parent=94730"}],"wp:term":[{"taxonomy":"category","embeddable":true,"href":"https:\/\/vocesparalelas.com.ar\/sitio\/wp-json\/wp\/v2\/categories?post=94730"},{"taxonomy":"post_tag","embeddable":true,"href":"https:\/\/vocesparalelas.com.ar\/sitio\/wp-json\/wp\/v2\/tags?post=94730"}],"curies":[{"name":"wp","href":"https:\/\/api.w.org\/{rel}","templated":true}]}}