{"id":94720,"date":"2025-12-09T10:24:55","date_gmt":"2025-12-09T13:24:55","guid":{"rendered":"https:\/\/vocesparalelas.com.ar\/sitio\/?p=94720"},"modified":"2025-12-10T13:38:14","modified_gmt":"2025-12-10T16:38:14","slug":"cuarta-cohorte-de-la-tecnicatura-en-criminalistica-del-isft-de-seguridad-publica-de-san-juan","status":"publish","type":"post","link":"https:\/\/vocesparalelas.com.ar\/sitio\/cuarta-cohorte-de-la-tecnicatura-en-criminalistica-del-isft-de-seguridad-publica-de-san-juan\/","title":{"rendered":"Cuarta cohorte de la Tecnicatura en Criminal\u00edstica del ISFT de Seguridad P\u00fablica de San Juan"},"content":{"rendered":"<p>La nueva cohorte comenzar en Abril de 2026 y cuenta con un cursillo nivelatorio previo. La convocatoria est\u00e1 dirigida a integrantes de todas las fuerzas de seguridad con asiento en la provincia de San Juan.<\/p>\n<p>El Instituto Superior de Formaci\u00f3n T\u00e9cnica en Seguridad P\u00fablica habilit\u00f3 la inscripci\u00f3n para la cuarta cohorte de la Tecnicatura Superior en Criminal\u00edstica, que inicia el primer d\u00eda h\u00e1bil de Abril de 2026.<\/p>\n<p>La propuesta incluye un cursillo nivelatorio que comenzar\u00e1 el 23 de Febrero de 2026 y est\u00e1 destinado a Fuerzas de Seguridad con asiento en la Provincia como el Servicio Penitenciario Provincial, Polic\u00eda de San Juan, Gendarmer\u00eda Nacional, Polic\u00eda Federal y PSA.<\/p>\n<p>La documentaci\u00f3n ser\u00e1 recibida hasta el 19 de Diciembre en el Departamento Acad\u00e9mico de la Direcci\u00f3n de Instrucci\u00f3n y Formaci\u00f3n Policial D6. Los interesados deber\u00e1n completar la preinscripci\u00f3n para formalizar el proceso de ingreso.<\/p>\n<p>El ISFT invit\u00f3 a las fuerzas de seguridad con asiento en la provincia a participar, resaltando la importancia de la formaci\u00f3n t\u00e9cnica en Criminal\u00edstica. La carrera busca fortalecer las capacidades profesionales vinculadas a la investigaci\u00f3n y an\u00e1lisis de evidencia.<\/p>\n<p>Para consultas, el Instituto atiende de 7 a 22 hs. en su sede habitual. Tambi\u00e9n se encuentra disponible el Departamento de Coordinaci\u00f3n Acad\u00e9mica D6 al tel\u00e9fono 2644759523.<\/p>\n<p><img loading=\"lazy\" decoding=\"async\" class=\"alignnone size-full wp-image-51645\" src=\"https:\/\/vocesparalelas.com.ar\/sitio\/wp-content\/uploads\/2022\/08\/RIM-22-SOLDADOS-01.jpg\" alt=\"\" width=\"800\" height=\"530\" srcset=\"https:\/\/vocesparalelas.com.ar\/sitio\/wp-content\/uploads\/2022\/08\/RIM-22-SOLDADOS-01.jpg 800w, https:\/\/vocesparalelas.com.ar\/sitio\/wp-content\/uploads\/2022\/08\/RIM-22-SOLDADOS-01-300x199.jpg 300w, https:\/\/vocesparalelas.com.ar\/sitio\/wp-content\/uploads\/2022\/08\/RIM-22-SOLDADOS-01-768x509.jpg 768w\" sizes=\"auto, (max-width: 800px) 100vw, 800px\" \/><\/p>\n<p><img loading=\"lazy\" decoding=\"async\" class=\"alignnone size-full wp-image-84274\" src=\"https:\/\/vocesparalelas.com.ar\/sitio\/wp-content\/uploads\/2025\/03\/POLICIA-SAN-JUAN-EQUIPAMIENTO-03.jpg\" alt=\"\" width=\"800\" height=\"533\" srcset=\"https:\/\/vocesparalelas.com.ar\/sitio\/wp-content\/uploads\/2025\/03\/POLICIA-SAN-JUAN-EQUIPAMIENTO-03.jpg 800w, https:\/\/vocesparalelas.com.ar\/sitio\/wp-content\/uploads\/2025\/03\/POLICIA-SAN-JUAN-EQUIPAMIENTO-03-300x200.jpg 300w, https:\/\/vocesparalelas.com.ar\/sitio\/wp-content\/uploads\/2025\/03\/POLICIA-SAN-JUAN-EQUIPAMIENTO-03-768x512.jpg 768w\" sizes=\"auto, (max-width: 800px) 100vw, 800px\" \/><\/p>\n","protected":false},"excerpt":{"rendered":"<p>La nueva cohorte comenzar en Abril de 2026 y cuenta con un cursillo nivelatorio previo. La convocatoria est\u00e1 dirigida a<\/p>\n","protected":false},"author":3,"featured_media":75966,"comment_status":"closed","ping_status":"closed","sticky":false,"template":"","format":"standard","meta":{"_acf_changed":false,"_seopress_robots_primary_cat":"none","_seopress_titles_title":"","_seopress_titles_desc":"","_seopress_robots_index":"","colormag_page_container_layout":"default_layout","colormag_page_sidebar_layout":"default_layout","footnotes":""},"categories":[15],"tags":[],"class_list":["post-94720","post","type-post","status-publish","format-standard","has-post-thumbnail","hentry","category-posgrados"],"acf":[],"_links":{"self":[{"href":"https:\/\/vocesparalelas.com.ar\/sitio\/wp-json\/wp\/v2\/posts\/94720","targetHints":{"allow":["GET"]}}],"collection":[{"href":"https:\/\/vocesparalelas.com.ar\/sitio\/wp-json\/wp\/v2\/posts"}],"about":[{"href":"https:\/\/vocesparalelas.com.ar\/sitio\/wp-json\/wp\/v2\/types\/post"}],"author":[{"embeddable":true,"href":"https:\/\/vocesparalelas.com.ar\/sitio\/wp-json\/wp\/v2\/users\/3"}],"replies":[{"embeddable":true,"href":"https:\/\/vocesparalelas.com.ar\/sitio\/wp-json\/wp\/v2\/comments?post=94720"}],"version-history":[{"count":3,"href":"https:\/\/vocesparalelas.com.ar\/sitio\/wp-json\/wp\/v2\/posts\/94720\/revisions"}],"predecessor-version":[{"id":94725,"href":"https:\/\/vocesparalelas.com.ar\/sitio\/wp-json\/wp\/v2\/posts\/94720\/revisions\/94725"}],"wp:featuredmedia":[{"embeddable":true,"href":"https:\/\/vocesparalelas.com.ar\/sitio\/wp-json\/wp\/v2\/media\/75966"}],"wp:attachment":[{"href":"https:\/\/vocesparalelas.com.ar\/sitio\/wp-json\/wp\/v2\/media?parent=94720"}],"wp:term":[{"taxonomy":"category","embeddable":true,"href":"https:\/\/vocesparalelas.com.ar\/sitio\/wp-json\/wp\/v2\/categories?post=94720"},{"taxonomy":"post_tag","embeddable":true,"href":"https:\/\/vocesparalelas.com.ar\/sitio\/wp-json\/wp\/v2\/tags?post=94720"}],"curies":[{"name":"wp","href":"https:\/\/api.w.org\/{rel}","templated":true}]}}