{"id":94693,"date":"2025-12-09T21:38:35","date_gmt":"2025-12-10T00:38:35","guid":{"rendered":"https:\/\/vocesparalelas.com.ar\/sitio\/?p=94693"},"modified":"2025-12-10T01:07:04","modified_gmt":"2025-12-10T04:07:04","slug":"espectaculo-musical-tradiciones-latinoamericanas-con-etnia-latina-orquesta-en-san-juan","status":"publish","type":"post","link":"https:\/\/vocesparalelas.com.ar\/sitio\/espectaculo-musical-tradiciones-latinoamericanas-con-etnia-latina-orquesta-en-san-juan\/","title":{"rendered":"Espect\u00e1culo musical \u00abTradiciones Latinoamericanas\u00bb con Etnia Latina Orquesta en San Juan"},"content":{"rendered":"<p>El Viernes, 12 de Diciembre, a las 21 hs., en el Sal\u00f3n El Angelito, Santa Mar\u00eda de Oro y Danilo Marchessi, se presenta Etnia Latina Orquesta en un espect\u00e1culo musical \u00abTradiciones Latinoamericanas\u00bb para disfrutar.<\/p>\n<p><iframe loading=\"lazy\" title=\"ETNIA LATINA ORQUESTA\" width=\"563\" height=\"1000\" src=\"https:\/\/www.youtube.com\/embed\/5Z1ZgJXEdn4?feature=oembed\" frameborder=\"0\" allow=\"accelerometer; autoplay; clipboard-write; encrypted-media; gyroscope; picture-in-picture; web-share\" referrerpolicy=\"strict-origin-when-cross-origin\" allowfullscreen><\/iframe><\/p>\n<p>El Coordinador de la Orquesta, V\u00edctor Oviedo explic\u00f3 que \u00abesta banda tiene entre 4 o 5 a\u00f1os el cual hac\u00edan diferentes tipos de g\u00e9neros como Boleros, Pop, Funk, Salsa, entre otros. En esta ocasi\u00f3n solo quedaron desde los fundadores dos personas. Ahora los m\u00fasicos nuevos, tuvieron una inquietud porque ya son personas que hacen vida musical en la ciudad de San Juan. Hemos tocado cuarteto, cumbias y folklore. Quer\u00edamos hacer algo m\u00e1s pero es para el disfrute un poco de nosotros mismo ya que la mayor\u00eda son extranjeros y nos gusta mucho este g\u00e9nero de la salsa y quer\u00edamos llevar al p\u00fablico de San Juan darle un poco de cada una de nuestras tierras y de nuestro sentir Latinoamericano. Por eso nos enfocamos en solo Salsa, ya que, no hay nada en San Juan parecido a este formato. Enfocados en los mejores iconos de la salsa como H\u00e9ctor Lavoe, Oscar D Leon , Los Adolescentes de Porfirio, entre otros\u00bb.<\/p>\n<p><iframe loading=\"lazy\" title=\"SAN JUAN ETNIA LATINA  ORQUESTA\" width=\"563\" height=\"1000\" src=\"https:\/\/www.youtube.com\/embed\/MieNodAzPiU?feature=oembed\" frameborder=\"0\" allow=\"accelerometer; autoplay; clipboard-write; encrypted-media; gyroscope; picture-in-picture; web-share\" referrerpolicy=\"strict-origin-when-cross-origin\" allowfullscreen><\/iframe><\/p>\n<p><strong><span style=\"color: #ff6600;\">Entradas anticipadas<\/span><\/strong><\/p>\n<ul>\n<li>2645705350<\/li>\n<\/ul>\n<p><img loading=\"lazy\" decoding=\"async\" class=\"alignnone size-full wp-image-65646\" src=\"https:\/\/vocesparalelas.com.ar\/sitio\/wp-content\/uploads\/2023\/11\/SAXOFON-e1745843462618.jpg\" alt=\"\" width=\"800\" height=\"424\" srcset=\"https:\/\/vocesparalelas.com.ar\/sitio\/wp-content\/uploads\/2023\/11\/SAXOFON-e1745843462618.jpg 800w, https:\/\/vocesparalelas.com.ar\/sitio\/wp-content\/uploads\/2023\/11\/SAXOFON-e1745843462618-300x159.jpg 300w, https:\/\/vocesparalelas.com.ar\/sitio\/wp-content\/uploads\/2023\/11\/SAXOFON-e1745843462618-768x407.jpg 768w\" sizes=\"auto, (max-width: 800px) 100vw, 800px\" \/><\/p>\n<p>&nbsp;<\/p>\n","protected":false},"excerpt":{"rendered":"<p>El Viernes, 12 de Diciembre, a las 21 hs., en el Sal\u00f3n El Angelito, Santa Mar\u00eda de Oro y Danilo<\/p>\n","protected":false},"author":3,"featured_media":94696,"comment_status":"closed","ping_status":"closed","sticky":false,"template":"","format":"standard","meta":{"_acf_changed":false,"_seopress_robots_primary_cat":"none","_seopress_titles_title":"","_seopress_titles_desc":"","_seopress_robots_index":"","colormag_page_container_layout":"default_layout","colormag_page_sidebar_layout":"default_layout","footnotes":""},"categories":[20,7],"tags":[],"class_list":["post-94693","post","type-post","status-publish","format-standard","has-post-thumbnail","hentry","category-cartelera","category-videos"],"acf":[],"_links":{"self":[{"href":"https:\/\/vocesparalelas.com.ar\/sitio\/wp-json\/wp\/v2\/posts\/94693","targetHints":{"allow":["GET"]}}],"collection":[{"href":"https:\/\/vocesparalelas.com.ar\/sitio\/wp-json\/wp\/v2\/posts"}],"about":[{"href":"https:\/\/vocesparalelas.com.ar\/sitio\/wp-json\/wp\/v2\/types\/post"}],"author":[{"embeddable":true,"href":"https:\/\/vocesparalelas.com.ar\/sitio\/wp-json\/wp\/v2\/users\/3"}],"replies":[{"embeddable":true,"href":"https:\/\/vocesparalelas.com.ar\/sitio\/wp-json\/wp\/v2\/comments?post=94693"}],"version-history":[{"count":1,"href":"https:\/\/vocesparalelas.com.ar\/sitio\/wp-json\/wp\/v2\/posts\/94693\/revisions"}],"predecessor-version":[{"id":94697,"href":"https:\/\/vocesparalelas.com.ar\/sitio\/wp-json\/wp\/v2\/posts\/94693\/revisions\/94697"}],"wp:featuredmedia":[{"embeddable":true,"href":"https:\/\/vocesparalelas.com.ar\/sitio\/wp-json\/wp\/v2\/media\/94696"}],"wp:attachment":[{"href":"https:\/\/vocesparalelas.com.ar\/sitio\/wp-json\/wp\/v2\/media?parent=94693"}],"wp:term":[{"taxonomy":"category","embeddable":true,"href":"https:\/\/vocesparalelas.com.ar\/sitio\/wp-json\/wp\/v2\/categories?post=94693"},{"taxonomy":"post_tag","embeddable":true,"href":"https:\/\/vocesparalelas.com.ar\/sitio\/wp-json\/wp\/v2\/tags?post=94693"}],"curies":[{"name":"wp","href":"https:\/\/api.w.org\/{rel}","templated":true}]}}