{"id":94635,"date":"2025-12-04T18:59:59","date_gmt":"2025-12-04T21:59:59","guid":{"rendered":"https:\/\/vocesparalelas.com.ar\/sitio\/?p=94635"},"modified":"2025-12-06T12:14:28","modified_gmt":"2025-12-06T15:14:28","slug":"agenda-cultural-en-san-juan-3","status":"publish","type":"post","link":"https:\/\/vocesparalelas.com.ar\/sitio\/agenda-cultural-en-san-juan-3\/","title":{"rendered":"Agenda Cultural en San Juan"},"content":{"rendered":"<p>Diciembre inicia con una cargada actividad cultural en los espacios del Ministerio de Turismo, Cultura y Deporte. La agenda abarca m\u00fasica, arte, ferias y espacios de formaci\u00f3n.<\/p>\n<ul>\n<li>Jueves, 4 de Diciembre, a las 21 hs, el Teatro del Bicentenario presenta la muestra anual del Programa de Formaci\u00f3n de Canto Popular, un evento al aire libre que celebrar\u00e1 la riqueza del folklore latinoamericano. Guiados por los docentes Patricia Cangemi y Sebasti\u00e1n Narv\u00e1ez, los int\u00e9rpretes ofrecen un repertorio que incluye folklore cuyano, tango y candombe, acompa\u00f1ados por los m\u00fasicos Mariano Moreno (piano), Gabriel Narv\u00e1ez (bajo) y Goku Illanes (percusi\u00f3n). La entrada ser\u00e1 gratuita en la explanada del teatro.<\/li>\n<\/ul>\n<ul>\n<li>Jueves, 4 de Diciembre, a las 21 hs, en el Chalet Cantoni se desarrolla la tercera y \u00faltima sesi\u00f3n del ciclo La Imagen Pensativa, titulada \u201cCon(tra) el Aparato\u201d, organizada por el Instituto de Expresi\u00f3n Visual y la FFHA de la UNSJ. El encuentro cuenta con la participaci\u00f3n de los fot\u00f3grafos Marco Mallamaci y Luis Kerman. Entrada gratuita y cupos limitados mediante inscripci\u00f3n previa, en este <a href=\"https:\/\/docs.google.com\/forms\/d\/e\/1FAIpQLSfs9LCEnLq1qLDISwMbrWekXNN7QjyyQgAPTWt6IgU01AMYaQ\/viewform\" target=\"_blank\" rel=\"noopener noreferrer\">link<\/a>.<\/li>\n<li>Del 5 al 7 de diciembre se desarrollar\u00e1 la tercera edici\u00f3n del Festival de Tango San Juan, organizado por Proyecto Tango SJ y ACAE en el Centro Cultural Conte Grand. Este a\u00f1o, el festival contar\u00e1 con la presencia estelar de los campeones mundiales de Tango Escenario, Florencia Z\u00e1rate y Guido Palacios, quienes dar\u00e1n clases y brindar\u00e1n exhibiciones de alto nivel art\u00edstico. A la grilla se suma la reconocida Orquesta Siempre Tango, integrada por Mayumi Urgino (viol\u00edn), Oscar Yemha (bandone\u00f3n), Facundo Benavidez (contrabajo) y Pablo Valle (piano).<\/li>\n<li>Viernes 5 de diciembre a las 21.30 hs. en el Teatro del Bicentenario, la Orquesta Sinf\u00f3nica de la Universidad Nacional de San Juan con un concierto abierto a la comunidad. La presentaci\u00f3n reafirma el compromiso de la instituci\u00f3n con la difusi\u00f3n de la m\u00fasica sinf\u00f3nica y el acceso gratuito a propuestas de calidad.<\/li>\n<li>Viernes, 5 de Diciembre, a las 20 hs., el Museo Franklin Rawson inaugurar\u00e1 su tercer bloque expositivo del a\u00f1o. Ser\u00e1 desde las 20, con m\u00fasica en vivo de Raiano y un DJ set a cargo de Ioup, y contar\u00e1 con entrada libre y gratuita. Las nuevas muestras son: \u201cYente \u2013 Del Prete: Figuraci\u00f3n M\u00edstica\u201d (Sala 1), con curadur\u00eda de Roberto Amigo y Santiago Villanueva. \u201cInterior\/Exterior \u2013 Menciones de la 3\u00aa Bienal Nacional de Dibujo\u201d (Sala 2), con la curadur\u00eda de Eduardo Stup\u00eda. \u201cPremio Franklin Rawson a las Artes Visuales \u2013 6\u00aa edici\u00f3n\u201d (Sala 3 y foyer), curada por Mariela Limerutti.<\/li>\n<li>S\u00e1bado, 7 de Diciembre, de 19 a 23.30, los Jardines del Auditorio ser\u00e1n sede de la edici\u00f3n especial de Navidad de la feria La Lolita, un cl\u00e1sico de la escena local que re\u00fane a artesanos y dise\u00f1adores sanjuaninos. El p\u00fablico podr\u00e1 encontrar propuestas de decoraci\u00f3n y regalos navide\u00f1os, adem\u00e1s de disfrutar de un patio gastron\u00f3mico y sorteos. La actividad ser\u00e1 con entrada libre y gratuita.<\/li>\n<\/ul>\n<p><img loading=\"lazy\" decoding=\"async\" class=\"alignnone size-large wp-image-25833\" src=\"https:\/\/vocesparalelas.com.ar\/sitio\/wp-content\/uploads\/2019\/12\/SAN-JUAN-CIUDAD-800x600.jpg\" alt=\"\" width=\"800\" height=\"600\" srcset=\"https:\/\/vocesparalelas.com.ar\/sitio\/wp-content\/uploads\/2019\/12\/SAN-JUAN-CIUDAD.jpg 800w, https:\/\/vocesparalelas.com.ar\/sitio\/wp-content\/uploads\/2019\/12\/SAN-JUAN-CIUDAD-300x225.jpg 300w, https:\/\/vocesparalelas.com.ar\/sitio\/wp-content\/uploads\/2019\/12\/SAN-JUAN-CIUDAD-768x576.jpg 768w\" sizes=\"auto, (max-width: 800px) 100vw, 800px\" \/><\/p>\n<p>&nbsp;<\/p>\n","protected":false},"excerpt":{"rendered":"<p>Diciembre inicia con una cargada actividad cultural en los espacios del Ministerio de Turismo, Cultura y Deporte. La agenda abarca<\/p>\n","protected":false},"author":3,"featured_media":1815,"comment_status":"closed","ping_status":"closed","sticky":false,"template":"","format":"standard","meta":{"_acf_changed":false,"_seopress_robots_primary_cat":"none","_seopress_titles_title":"","_seopress_titles_desc":"","_seopress_robots_index":"","colormag_page_container_layout":"default_layout","colormag_page_sidebar_layout":"default_layout","footnotes":""},"categories":[20],"tags":[],"class_list":["post-94635","post","type-post","status-publish","format-standard","has-post-thumbnail","hentry","category-cartelera"],"acf":[],"_links":{"self":[{"href":"https:\/\/vocesparalelas.com.ar\/sitio\/wp-json\/wp\/v2\/posts\/94635","targetHints":{"allow":["GET"]}}],"collection":[{"href":"https:\/\/vocesparalelas.com.ar\/sitio\/wp-json\/wp\/v2\/posts"}],"about":[{"href":"https:\/\/vocesparalelas.com.ar\/sitio\/wp-json\/wp\/v2\/types\/post"}],"author":[{"embeddable":true,"href":"https:\/\/vocesparalelas.com.ar\/sitio\/wp-json\/wp\/v2\/users\/3"}],"replies":[{"embeddable":true,"href":"https:\/\/vocesparalelas.com.ar\/sitio\/wp-json\/wp\/v2\/comments?post=94635"}],"version-history":[{"count":1,"href":"https:\/\/vocesparalelas.com.ar\/sitio\/wp-json\/wp\/v2\/posts\/94635\/revisions"}],"predecessor-version":[{"id":94638,"href":"https:\/\/vocesparalelas.com.ar\/sitio\/wp-json\/wp\/v2\/posts\/94635\/revisions\/94638"}],"wp:featuredmedia":[{"embeddable":true,"href":"https:\/\/vocesparalelas.com.ar\/sitio\/wp-json\/wp\/v2\/media\/1815"}],"wp:attachment":[{"href":"https:\/\/vocesparalelas.com.ar\/sitio\/wp-json\/wp\/v2\/media?parent=94635"}],"wp:term":[{"taxonomy":"category","embeddable":true,"href":"https:\/\/vocesparalelas.com.ar\/sitio\/wp-json\/wp\/v2\/categories?post=94635"},{"taxonomy":"post_tag","embeddable":true,"href":"https:\/\/vocesparalelas.com.ar\/sitio\/wp-json\/wp\/v2\/tags?post=94635"}],"curies":[{"name":"wp","href":"https:\/\/api.w.org\/{rel}","templated":true}]}}