{"id":94624,"date":"2025-12-04T14:06:29","date_gmt":"2025-12-04T17:06:29","guid":{"rendered":"https:\/\/vocesparalelas.com.ar\/sitio\/?p=94624"},"modified":"2025-12-04T14:06:29","modified_gmt":"2025-12-04T17:06:29","slug":"ganadores-del-concurso-ingenieria-verde-de-la-fi-de-la-unsj-3","status":"publish","type":"post","link":"https:\/\/vocesparalelas.com.ar\/sitio\/ganadores-del-concurso-ingenieria-verde-de-la-fi-de-la-unsj-3\/","title":{"rendered":"Ganadores del Concurso \u00abIngenier\u00eda Verde\u00bb de la FI de la UNSJ"},"content":{"rendered":"<p>Ingenier\u00eda Verde es un concurso de proyectos de tecnolog\u00eda e innovaci\u00f3n organizado por Vicu\u00f1a y la Universidad Nacional de San Juan con el apoyo de N\u00edtida, una iniciativa que nace en la Facultad de Ingenier\u00eda de la UNSJ.<\/p>\n<p>En este contexto, Voces Paralelas desarroll\u00f3 una entrevista period\u00edstica al Gerente de la Fundaci\u00f3n Vicu\u00f1a, Marcos De La Iglesia describi\u00f3 el rol de la Fundaci\u00f3n para participar y apoyar a los emprendedores del Concurso \u00abIngenier\u00eda Verde\u00bb.<\/p>\n<p><iframe loading=\"lazy\" title=\"FI UNSJ FUNDACI\u00d3N VICU\u00d1A MARCOS DE LA IGLESIA \" width=\"800\" height=\"450\" src=\"https:\/\/www.youtube.com\/embed\/eXYFuMtaXSg?feature=oembed\" frameborder=\"0\" allow=\"accelerometer; autoplay; clipboard-write; encrypted-media; gyroscope; picture-in-picture; web-share\" referrerpolicy=\"strict-origin-when-cross-origin\" allowfullscreen><\/iframe><\/p>\n<p>Busca impulsar el desarrollo de iniciativas de sostenibilidad ambiental, tecnol\u00f3gica y de innovaci\u00f3n de estudiantes y graduados de la UNSJ para que sean protagonistas de una transformaci\u00f3n positiva de su entorno.<\/p>\n<p>Posteriormente,\u00a0 el Vicedecano de la FI de la UNSJ, Dr. Eric Laciar, quien destac\u00f3 la seguridad de los emprendedores de seguir trabajando para mejorar su proyecto que permite que ellos logren superar la calidad de su proyecto.<\/p>\n<p><iframe loading=\"lazy\" title=\"FI UNSJ VICEDECANO DR ERIC LACIAR \" width=\"800\" height=\"450\" src=\"https:\/\/www.youtube.com\/embed\/blZ7-H5jYIY?feature=oembed\" frameborder=\"0\" allow=\"accelerometer; autoplay; clipboard-write; encrypted-media; gyroscope; picture-in-picture; web-share\" referrerpolicy=\"strict-origin-when-cross-origin\" allowfullscreen><\/iframe><\/p>\n<p><span style=\"color: #008000;\"><strong>Los proyectos presentados est\u00e1n relacionados con alguno de los siguientes ejes:<\/strong><\/span><\/p>\n<ul>\n<li>Econom\u00eda circular.<\/li>\n<li>Innovaci\u00f3n tecnol\u00f3gica.<\/li>\n<li>Eficiencia energ\u00e9tica.<\/li>\n<li>Uso eficiente del agua.<\/li>\n<li>Energ\u00edas alternativas.<\/li>\n<\/ul>\n<p>En el 2025 se realiza la tercer edici\u00f3n del concurso. En la primera edici\u00f3n de 2023 el concurso estuvo destinado a tesis de grado y posgrado de ingenier\u00eda, en la segunda edici\u00f3n de 2024 se ampli\u00f3 la participaci\u00f3n a estudiantes y emprendimientos de graduados de ingenier\u00eda. En esta tercer edici\u00f3n, la convocatoria se ampli\u00f3 a estudiantes, graduados de grado y posgrado de todas las unidades acad\u00e9micas de la UNSJ.<\/p>\n<p><span style=\"color: #008000;\"><strong>Objetivos espec\u00edficos<\/strong><\/span><\/p>\n<ul>\n<li>Identificar estudiantes y graduados\/as de la UNSJ que hayan desarrollado iniciativas de sostenibilidad<\/li>\n<li>Brindar acompa\u00f1amiento t\u00e9cnico y herramientas para la puesta en marcha de modelos de negocio con impacto social y ambiental.<\/li>\n<li>Generar un espacio de creaci\u00f3n en el cual j\u00f3venes puedan experimentar, testear y poner en marcha ideas innovadoras que generen un impacto positivo en la provincia.<\/li>\n<li>Brindar apoyo econ\u00f3mico para la materializaci\u00f3n de las iniciativas.<\/li>\n<\/ul>\n<p><img loading=\"lazy\" decoding=\"async\" class=\"alignnone size-full wp-image-94627\" src=\"https:\/\/vocesparalelas.com.ar\/sitio\/wp-content\/uploads\/2025\/12\/FI-UNSJ-VERDE-02.jpg\" alt=\"\" width=\"800\" height=\"533\" srcset=\"https:\/\/vocesparalelas.com.ar\/sitio\/wp-content\/uploads\/2025\/12\/FI-UNSJ-VERDE-02.jpg 800w, https:\/\/vocesparalelas.com.ar\/sitio\/wp-content\/uploads\/2025\/12\/FI-UNSJ-VERDE-02-300x200.jpg 300w, https:\/\/vocesparalelas.com.ar\/sitio\/wp-content\/uploads\/2025\/12\/FI-UNSJ-VERDE-02-768x512.jpg 768w\" sizes=\"auto, (max-width: 800px) 100vw, 800px\" \/><\/p>\n<p><span style=\"color: #008000;\"><strong>Ganadores de Ingenier\u00eda Verde 2025<\/strong><\/span><\/p>\n<p><span style=\"color: #008000;\"><strong>Brazo rob\u00f3tico para medici\u00f3n ac\u00fastica<\/strong><\/span><\/p>\n<ul>\n<li><u>Nombre:<\/u> Ariel Ribes Baldassarre<\/li>\n<li><u>Facultad:<\/u> Facultad de Ingenier\u00eda (Mec\u00e1nica)<\/li>\n<li><u>Postulante:<\/u> Equipo \u2013 Estudiantes avanzados (egresado 2025)<\/li>\n<li><u>Tem\u00e1tica de impacto:<\/u> Innovaci\u00f3n tecnol\u00f3gica<\/li>\n<li><u>Nivel de desarrollo:<\/u> Desarrollo te\u00f3rico avanzado<\/li>\n<li><u>Resumen: <\/u>Proyecto que propone un nuevo m\u00e9todo para medir la absorci\u00f3n ac\u00fastica de materiales utilizando un brazo rob\u00f3tico en lugar de las tradicionales y costosas c\u00e1maras reverberantes. La propuesta permitir\u00eda llevar el sistema al entorno real, en vez de aislar el material en laboratorio, sumando as\u00ed mayor precisi\u00f3n y accesibilidad<\/li>\n<\/ul>\n<p><span style=\"color: #008000;\"><strong>Bioita Ecubiertos<\/strong><\/span><\/p>\n<ul>\n<li><u>Nombre:<\/u> Paula De la Vega S\u00e1nchez<\/li>\n<li><u>Facultad:<\/u> Facultad de Ingenier\u00eda (Agron\u00f3mica)<\/li>\n<li><u>Postulante:<\/u> Individual \u2013 tiene empleadas<\/li>\n<li><u>Tem\u00e1tica de impacto:<\/u> Econom\u00eda Circular<\/li>\n<li><u>Nivel de desarrollo:<\/u> Implementaci\u00f3n (buscando escalar)<\/li>\n<li><u>Resumen: <\/u>Bioita transforma residuos de ca\u00f1a en utensilios compostables como sorbetes y cubiertos.\u00a0 Actualmente tiene clientes reales (bares, cervecer\u00edas, bodegas, comedores) y est\u00e1 en etapa de consolidaci\u00f3n y expansi\u00f3n y Desarrollo de nuevos productos como platos. Menciona que el diferencial de su producto es la resistencia y que no tiene gluten.<\/li>\n<\/ul>\n<p><span style=\"color: #008000;\"><strong>Sistema de gesti\u00f3n de agua domiciliaria<\/strong><\/span><\/p>\n<ul>\n<li><u>Nombre:<\/u> Rodrigo Rodr\u00edguez (Electr\u00f3nica)<\/li>\n<li><u>Facultad:<\/u> Facultad de Ingenier\u00eda<\/li>\n<li><u>Postulante:<\/u> Persona individual \u2013 Graduado<\/li>\n<li><u>Tem\u00e1tica de impacto:<\/u> Uso eficiente del agua<\/li>\n<li><u>Resumen: <\/u>Sensor de medici\u00f3n de consumo de agua con conectividad celular, adaptable a instalaciones existentes y con m\u00faltiples aplicaciones. Fue dise\u00f1ado por el postulante para una empresa local (de la cual ahora es empleado), fabricaron una primera tanda de 100 unidades para Catamarca. Hubo problemas de aceptaci\u00f3n por parte de los usuarios lo que llev\u00f3 a que la empresa no avanzara en nuevas ventas. Quiere reactivar el proyecto como emprendedor.<\/li>\n<\/ul>\n<p><span style=\"color: #008000;\"><strong>Biota<\/strong><\/span><\/p>\n<ul>\n<li><u>Nombre:<\/u> Mathias Paez (Agron\u00f3mica)<\/li>\n<li><u>Facultad:<\/u> Facultad de Ingenier\u00eda<\/li>\n<li><u>Postulante:<\/u> Equipo \u2013 Alumno<\/li>\n<li><u>Tem\u00e1tica de impacto:<\/u> Innovaci\u00f3n Tecnol\u00f3gica<\/li>\n<li><u>Resumen: <\/u>Biota desarrolla fertilizantes foliares personalizados para vides y otros cultivos, formulados en base a an\u00e1lisis foliares espec\u00edficos del suelo de San Juan. Ofrece una alternativa org\u00e1nica, eficiente y de triple impacto, que mejora el rendimiento agr\u00edcola, reduce el uso de pesticidas y favorece la transici\u00f3n a una producci\u00f3n m\u00e1s sustentable. El proyecto busca escalar su producci\u00f3n y consolidarse comercialmente.<\/li>\n<\/ul>\n<p><span style=\"color: #008000;\"><strong>Hooplak<\/strong><\/span><\/p>\n<ul>\n<li><u>Nombre:<\/u> Emilio Kenan<\/li>\n<li><u>Facultad:<\/u> Facultad de Arquitectura, Urbanismo y Dise\u00f1o<\/li>\n<li><u>Postulante:<\/u> Equipo \u2013 Graduado<\/li>\n<li><u>Tem\u00e1tica de impacto:<\/u> Econom\u00eda Circular<\/li>\n<li><u>Resumen: <\/u>El desarrollo aborda problem\u00e1ticas como la contaminaci\u00f3n pl\u00e1stica, la acumulaci\u00f3n de biomasa y la falta de mobiliario escolar accesible. En Argentina, solo se recicla el 30% de los residuos pl\u00e1sticos, y las hojas secas generan emisiones al descomponerse. Muchas escuelas carecen de recursos para adquirir mobiliario ergon\u00f3mico. Transformar estos residuos en productos \u00fatiles permite reducir emisiones de gases de efecto invernadero, fomentar la econom\u00eda circular local y mejorar el entorno educativo con mobiliario econ\u00f3mico y durable.<\/li>\n<\/ul>\n<p><iframe loading=\"lazy\" title=\"FI UNSJ ILUMINADA\" width=\"800\" height=\"450\" src=\"https:\/\/www.youtube.com\/embed\/64cUPwdY_qw?feature=oembed\" frameborder=\"0\" allow=\"accelerometer; autoplay; clipboard-write; encrypted-media; gyroscope; picture-in-picture; web-share\" referrerpolicy=\"strict-origin-when-cross-origin\" allowfullscreen><\/iframe><\/p>\n<p>&nbsp;<\/p>\n<p>&nbsp;<\/p>\n<p><img loading=\"lazy\" decoding=\"async\" class=\"alignnone size-full wp-image-60280\" src=\"https:\/\/vocesparalelas.com.ar\/sitio\/wp-content\/uploads\/2023\/06\/FI-UNSJ-FRENTE.jpg\" alt=\"\" width=\"800\" height=\"600\" srcset=\"https:\/\/vocesparalelas.com.ar\/sitio\/wp-content\/uploads\/2023\/06\/FI-UNSJ-FRENTE.jpg 800w, https:\/\/vocesparalelas.com.ar\/sitio\/wp-content\/uploads\/2023\/06\/FI-UNSJ-FRENTE-300x225.jpg 300w, https:\/\/vocesparalelas.com.ar\/sitio\/wp-content\/uploads\/2023\/06\/FI-UNSJ-FRENTE-768x576.jpg 768w\" sizes=\"auto, (max-width: 800px) 100vw, 800px\" \/><\/p>\n","protected":false},"excerpt":{"rendered":"<p>Ingenier\u00eda Verde es un concurso de proyectos de tecnolog\u00eda e innovaci\u00f3n organizado por Vicu\u00f1a y la Universidad Nacional de San<\/p>\n","protected":false},"author":3,"featured_media":94628,"comment_status":"closed","ping_status":"closed","sticky":false,"template":"","format":"standard","meta":{"_acf_changed":false,"_seopress_robots_primary_cat":"none","_seopress_titles_title":"","_seopress_titles_desc":"","_seopress_robots_index":"","colormag_page_container_layout":"default_layout","colormag_page_sidebar_layout":"default_layout","footnotes":""},"categories":[1,7],"tags":[],"class_list":["post-94624","post","type-post","status-publish","format-standard","has-post-thumbnail","hentry","category-destacadas","category-videos"],"acf":[],"_links":{"self":[{"href":"https:\/\/vocesparalelas.com.ar\/sitio\/wp-json\/wp\/v2\/posts\/94624","targetHints":{"allow":["GET"]}}],"collection":[{"href":"https:\/\/vocesparalelas.com.ar\/sitio\/wp-json\/wp\/v2\/posts"}],"about":[{"href":"https:\/\/vocesparalelas.com.ar\/sitio\/wp-json\/wp\/v2\/types\/post"}],"author":[{"embeddable":true,"href":"https:\/\/vocesparalelas.com.ar\/sitio\/wp-json\/wp\/v2\/users\/3"}],"replies":[{"embeddable":true,"href":"https:\/\/vocesparalelas.com.ar\/sitio\/wp-json\/wp\/v2\/comments?post=94624"}],"version-history":[{"count":1,"href":"https:\/\/vocesparalelas.com.ar\/sitio\/wp-json\/wp\/v2\/posts\/94624\/revisions"}],"predecessor-version":[{"id":94630,"href":"https:\/\/vocesparalelas.com.ar\/sitio\/wp-json\/wp\/v2\/posts\/94624\/revisions\/94630"}],"wp:featuredmedia":[{"embeddable":true,"href":"https:\/\/vocesparalelas.com.ar\/sitio\/wp-json\/wp\/v2\/media\/94628"}],"wp:attachment":[{"href":"https:\/\/vocesparalelas.com.ar\/sitio\/wp-json\/wp\/v2\/media?parent=94624"}],"wp:term":[{"taxonomy":"category","embeddable":true,"href":"https:\/\/vocesparalelas.com.ar\/sitio\/wp-json\/wp\/v2\/categories?post=94624"},{"taxonomy":"post_tag","embeddable":true,"href":"https:\/\/vocesparalelas.com.ar\/sitio\/wp-json\/wp\/v2\/tags?post=94624"}],"curies":[{"name":"wp","href":"https:\/\/api.w.org\/{rel}","templated":true}]}}