{"id":94618,"date":"2025-12-04T11:13:43","date_gmt":"2025-12-04T14:13:43","guid":{"rendered":"https:\/\/vocesparalelas.com.ar\/sitio\/?p=94618"},"modified":"2025-12-04T11:17:40","modified_gmt":"2025-12-04T14:17:40","slug":"10-anos-de-san-juan-escribe-premio-jorge-leonidas-escudero-reconociendo-a-los-escritores-destacados","status":"publish","type":"post","link":"https:\/\/vocesparalelas.com.ar\/sitio\/10-anos-de-san-juan-escribe-premio-jorge-leonidas-escudero-reconociendo-a-los-escritores-destacados\/","title":{"rendered":"10 a\u00f1os de San Juan Escribe \u00abPremio Jorge Leonidas Escudero\u00bb reconociendo a los escritores destacados"},"content":{"rendered":"<p>La C\u00e1mara de Diputados de San Juan celebr\u00f3 el Mi\u00e9rcoles, 3 de Diciembre de 2025, en el Teatro del Bicentenario, la Gala de Premiaci\u00f3n 2025 del Concurso Literario San Juan Escribe \u2013 Premio Jorge Leonidas Escudero, un evento que conmemor\u00f3 la 10\u00aa edici\u00f3n del certamen y reconoci\u00f3 a los escritores m\u00e1s destacados de la provincia de San Juan.<\/p>\n<p>El acto estuvo presidido por el vicegobernador y presidente nato de la C\u00e1mara de Diputados, Dr. Fabi\u00e1n Mart\u00edn, y cont\u00f3 con la presencia del ministro de Turismo, Cultura y Deportes, Dr. Guido Romero; la subsecretaria de Planeamiento Educativo, Lic. Liliana Nollen; diputados provinciales; intendentes; dem\u00e1s autoridades provinciales; y representantes de la Universidad Nacional de San Juan; la responsable del Fondo Editorial de la C\u00e1mara de Diputados, Lic. Sandra Luna, junto al equipo legislativo que trabaja en el Fondo Editorial y que tiene a su cargo la realizaci\u00f3n del concurso.<\/p>\n<p>Tambi\u00e9n participaron finalistas de esta edici\u00f3n, ganadores de cert\u00e1menes anteriores y las hijas del poeta Jorge Le\u00f3nidas Escudero, Rosa y Ana. La jornada se vivi\u00f3 como una celebraci\u00f3n de la cultura y del talento literario de San Juan.<\/p>\n<p><iframe loading=\"lazy\" title=\"CDSJ SAN JUAN ESCRIBE 2025\" width=\"563\" height=\"1000\" src=\"https:\/\/www.youtube.com\/embed\/DbAUuPfkY5k?feature=oembed\" frameborder=\"0\" allow=\"accelerometer; autoplay; clipboard-write; encrypted-media; gyroscope; picture-in-picture; web-share\" referrerpolicy=\"strict-origin-when-cross-origin\" allowfullscreen><\/iframe><\/p>\n<p>Durante la gala, las autoridades presentes compartieron su visi\u00f3n sobre el alcance y la continuidad del concurso.<\/p>\n<p>En este contexto, El vicegobernador y presidente de la C\u00e1mara de Diputados, Dr. Fabi\u00e1n Mart\u00edn, manifest\u00f3 que \u00abquiero agradecer a todos los escritores que han participado en todas las ediciones y al personal del Fondo Editorial, quienes han estado desde el primer d\u00eda realizando este concurso. Gracias a las escuelas por el recibimiento en cada departamento que visitamos. A\u00f1o tras a\u00f1o, el concurso toma forma y consolida la cultura de nuestra provincia. Nos permite tener m\u00e1s autores y escritores que defienden la cultura, y cuyas obras recorren el pa\u00eds en bibliotecas y en la Feria del Libro. La educaci\u00f3n y la cultura son ejes fundamentales de la gesti\u00f3n provincial.\u201d<\/p>\n<p><iframe loading=\"lazy\" title=\"CDSJ SAN JUAN ESCRIBE 2025\" width=\"563\" height=\"1000\" src=\"https:\/\/www.youtube.com\/embed\/wlNAnKGMsCQ?feature=oembed\" frameborder=\"0\" allow=\"accelerometer; autoplay; clipboard-write; encrypted-media; gyroscope; picture-in-picture; web-share\" referrerpolicy=\"strict-origin-when-cross-origin\" allowfullscreen><\/iframe><\/p>\n<p>Por su parte, la responsable del Fondo Editorial de la C\u00e1mara de Diputados, Lic. Sandra Luna puntualiz\u00f3 que \u00abcumplimos 10 a\u00f1os, y lo que comenz\u00f3 como un sue\u00f1o hoy es una realidad plenamente consolidada. Cuando iniciamos este camino, all\u00e1 por 2015, no imagin\u00e1bamos que, edici\u00f3n tras edici\u00f3n, \u00edbamos a construir algo tan significativo. Recorrimos los 19 departamentos, ingresamos a las escuelas, compartimos con docentes y estudiantes, y vimos c\u00f3mo los j\u00f3venes hicieron suyo este proyecto. Celebro a todas las personas que confiaron en esta iniciativa a lo largo de esta d\u00e9cada. Agradezco profundamente que se haya garantizado su continuidad \u2014tras cuatro vicegobernadores\u2014 y que hoy podamos coronar este recorrido con un broche de oro que demuestra que San Juan Escribe es algo que la comunidad necesita, quiere y espera cada a\u00f1o. Este certamen permite visibilizar a autores y autoras de todos los departamentos de la provincia\u201d.<\/p>\n<p>La ceremonia incluy\u00f3 una presentaci\u00f3n art\u00edstica especial. Los participantes del programa La Voz Argentina 2025 \u2014Jaime Mu\u00f1oz, Mateo Pintor y Nicol\u00e1s Olivieri\u2014 interpretaron poemas de Jorge Le\u00f3nidas Escudero junto a actores que personificaron al autor. El cierre musical estuvo a cargo de la Camerata de San Juan junto a los cantantes invitados.<\/p>\n<p><strong><span style=\"color: #800080;\">Ganadores de la 10\u00aa edici\u00f3n del certamen<\/span><\/strong><\/p>\n<p>Durante la gala se dieron a conocer los premios correspondientes a cada categor\u00eda.<\/p>\n<p><span style=\"color: #800080;\"><strong>Secci\u00f3n Escritores Mayores (18 a\u00f1os en adelante)<\/strong><\/span><\/p>\n<p><span style=\"color: #800080;\"><strong>Cuento<\/strong><\/span><\/p>\n<p>1.\u00ba Premio: \u00abLa Respiraci\u00f3n M\u00ednima\u00bb \u2013 Gustavo Nahuel Cabello Mestre<\/p>\n<p>2.\u00ba Premio: \u00abBarro, tal vez\u00bb \u2013 Juan Pablo C\u00e1ceres<\/p>\n<p><strong><span style=\"color: #800080;\">Novela<\/span><\/strong><\/p>\n<p>1.\u00ba Premio: \u00abDesierta\u00bb \u2013 Mar\u00eda Luz Azcona Beltr\u00e1n<\/p>\n<p>2.\u00ba Premio: \u00ab202X\u00bb \u2013 Maximiliano Nicol\u00e1s Mart\u00edn<\/p>\n<p><strong><span style=\"color: #800080;\">Poes\u00eda<\/span><\/strong><\/p>\n<p>1.\u00ba Premio: \u00abManual para incendiar el desierto\u00bb \u2013 Pablo Sebasti\u00e1n Berrondo<\/p>\n<p>2.\u00ba Premio: \u00abEn la rama de este dolor\u00bb \u2013 Pablo Daniel D\u00edaz Ortega<\/p>\n<p><strong><span style=\"color: #800080;\">Literatura Infantojuvenil<\/span><\/strong><\/p>\n<p>1.\u00ba Premio: \u00abEl Holand\u00e9s Errante\u00bb \u2013 Mat\u00edas Andr\u00e9s Poblete<\/p>\n<p>2.\u00ba Premio: \u00abPeque\u00f1os Poemas Despeinados\u00bb \u2013 Mar\u00eda Agostina Carrera y Guillermina In\u00e9s Cortez<\/p>\n<p><span style=\"color: #800080;\"><strong>Secci\u00f3n Escritores Menores (10 a 17 a\u00f1os)<\/strong><\/span><\/p>\n<p>Revelaci\u00f3n Juvenil Individual: \u00abHistoria de un amor\u00bb \u2013 Fabricio Luis Carpino Ortiz<\/p>\n<p>Revelaci\u00f3n Escolar: \u00abPacto de Silencio\u00bb \u2013 Colegio Dr. Bernardo Houssay<\/p>\n<p>Como cierre, se otorg\u00f3 el\u00a0Premio San Juan Escribe de Oro,\u00a0categor\u00eda especial destinada a autores que obtuvieron primeros o segundos premios en ediciones anteriores.<\/p>\n<p>Ganadora: Adriana Estela Luna \u2013 \u201cVoces que\u2026\u201d<\/p>\n<p><span style=\"color: #800080;\"><strong>Un certamen que impulsa la creaci\u00f3n literaria sanjuanina<\/strong><\/span><\/p>\n<p>San Juan Escribe es un certamen abierto y gratuito, con respaldo del Ministerio de Educaci\u00f3n provincial. Su finalidad es promover la escritura, la lectura y la producci\u00f3n literaria en todo el territorio sanjuanino. A lo largo de una d\u00e9cada, se ha consolidado como uno de los espacios m\u00e1s importantes para el descubrimiento y la promoci\u00f3n de nuevas voces de la literatura local.<\/p>\n<p>&nbsp;<\/p>\n<figure id=\"attachment_37951\" aria-describedby=\"caption-attachment-37951\" style=\"width: 800px\" class=\"wp-caption alignnone\"><img loading=\"lazy\" decoding=\"async\" class=\"size-full wp-image-37951\" src=\"https:\/\/vocesparalelas.com.ar\/sitio\/wp-content\/uploads\/2021\/05\/CAMARA-EDIFICIO.jpg\" alt=\"\" width=\"800\" height=\"515\" srcset=\"https:\/\/vocesparalelas.com.ar\/sitio\/wp-content\/uploads\/2021\/05\/CAMARA-EDIFICIO.jpg 800w, https:\/\/vocesparalelas.com.ar\/sitio\/wp-content\/uploads\/2021\/05\/CAMARA-EDIFICIO-300x193.jpg 300w, https:\/\/vocesparalelas.com.ar\/sitio\/wp-content\/uploads\/2021\/05\/CAMARA-EDIFICIO-768x494.jpg 768w\" sizes=\"auto, (max-width: 800px) 100vw, 800px\" \/><figcaption id=\"caption-attachment-37951\" class=\"wp-caption-text\">Legislatura Provincial de San Juan, Rep\u00fablica Argentina<\/figcaption><\/figure>\n","protected":false},"excerpt":{"rendered":"<p>La C\u00e1mara de Diputados de San Juan celebr\u00f3 el Mi\u00e9rcoles, 3 de Diciembre de 2025, en el Teatro del Bicentenario,<\/p>\n","protected":false},"author":3,"featured_media":94622,"comment_status":"closed","ping_status":"closed","sticky":false,"template":"","format":"standard","meta":{"_acf_changed":false,"_seopress_robots_primary_cat":"none","_seopress_titles_title":"","_seopress_titles_desc":"","_seopress_robots_index":"","colormag_page_container_layout":"default_layout","colormag_page_sidebar_layout":"default_layout","footnotes":""},"categories":[1,7],"tags":[],"class_list":["post-94618","post","type-post","status-publish","format-standard","has-post-thumbnail","hentry","category-destacadas","category-videos"],"acf":[],"_links":{"self":[{"href":"https:\/\/vocesparalelas.com.ar\/sitio\/wp-json\/wp\/v2\/posts\/94618","targetHints":{"allow":["GET"]}}],"collection":[{"href":"https:\/\/vocesparalelas.com.ar\/sitio\/wp-json\/wp\/v2\/posts"}],"about":[{"href":"https:\/\/vocesparalelas.com.ar\/sitio\/wp-json\/wp\/v2\/types\/post"}],"author":[{"embeddable":true,"href":"https:\/\/vocesparalelas.com.ar\/sitio\/wp-json\/wp\/v2\/users\/3"}],"replies":[{"embeddable":true,"href":"https:\/\/vocesparalelas.com.ar\/sitio\/wp-json\/wp\/v2\/comments?post=94618"}],"version-history":[{"count":1,"href":"https:\/\/vocesparalelas.com.ar\/sitio\/wp-json\/wp\/v2\/posts\/94618\/revisions"}],"predecessor-version":[{"id":94623,"href":"https:\/\/vocesparalelas.com.ar\/sitio\/wp-json\/wp\/v2\/posts\/94618\/revisions\/94623"}],"wp:featuredmedia":[{"embeddable":true,"href":"https:\/\/vocesparalelas.com.ar\/sitio\/wp-json\/wp\/v2\/media\/94622"}],"wp:attachment":[{"href":"https:\/\/vocesparalelas.com.ar\/sitio\/wp-json\/wp\/v2\/media?parent=94618"}],"wp:term":[{"taxonomy":"category","embeddable":true,"href":"https:\/\/vocesparalelas.com.ar\/sitio\/wp-json\/wp\/v2\/categories?post=94618"},{"taxonomy":"post_tag","embeddable":true,"href":"https:\/\/vocesparalelas.com.ar\/sitio\/wp-json\/wp\/v2\/tags?post=94618"}],"curies":[{"name":"wp","href":"https:\/\/api.w.org\/{rel}","templated":true}]}}