{"id":94610,"date":"2025-12-03T23:56:46","date_gmt":"2025-12-04T02:56:46","guid":{"rendered":"https:\/\/vocesparalelas.com.ar\/sitio\/?p=94610"},"modified":"2025-12-03T23:58:40","modified_gmt":"2025-12-04T02:58:40","slug":"los-resultados-de-las-muestras-tomadas-en-el-dique-cuesta-del-viento-fue-remetida-por-ambiente-san-juan-al-remitio-a-la-ufi-jachal","status":"publish","type":"post","link":"https:\/\/vocesparalelas.com.ar\/sitio\/los-resultados-de-las-muestras-tomadas-en-el-dique-cuesta-del-viento-fue-remetida-por-ambiente-san-juan-al-remitio-a-la-ufi-jachal\/","title":{"rendered":"Los resultados de las muestras tomadas en el Dique Cuesta del Viento fue remetida por Ambiente San Juan al remiti\u00f3 a la UFI J\u00e1chal\u00a0"},"content":{"rendered":"<p>La Secretar\u00eda de Ambiente y Desarrollo Sustentable del del Gobierno de San Juan envi\u00f3 a la Unidad Fiscal de Investigaci\u00f3n &#8211; UFI &#8211; J\u00e1chal los resultados de muestras analizadas por el Laboratorio Centro de Investigaci\u00f3n para la Prevenci\u00f3n de la Contaminaci\u00f3n Ambiental Minero Industrial &#8211; CIPCAMI .<\/p>\n<p>Son dos informes t\u00e9cnicos, resultado de estudios que hab\u00edan sido solicitados por la Secretar\u00eda con el objetivo de aportar informaci\u00f3n t\u00e9cnica para esclarecer la causa de muerte de los peces hallados en el Dique Cuesta del Viento el pasado 4 de noviembre y colaborar con la investigaci\u00f3n en curso.<\/p>\n<ul>\n<li><strong><span style=\"color: #ff6600;\">El primero de los informes,<\/span> <\/strong>que corresponde al an\u00e1lisis de los monitoreos realizados durante el a\u00f1o 2025 en la cuenca del r\u00edo J\u00e1chal, en los puntos PMP1 (R\u00edo Las Taguas, previo confluencia Arroyo Turbio); PMP7 (R\u00edo la Palca, aguas arriba confluencia R\u00edo Blanco); PMP9 (R\u00edo J\u00e1chal, aguas abajo dique Cuesta del Viento) y PMP36 (R\u00edo Blanco previo confluencia con R\u00edo la Palca); en los mismos monitoreos no se registraron valores superiores a la L\u00ednea Base Ambiental determinada por CIPCAMI, en base a datos hist\u00f3ricos de la cuenca.<\/li>\n<li><strong><span style=\"color: #ff6600;\">En el segundo informe,<\/span><\/strong> se detallan a los resultados de un monitoreo realizado el 5 de noviembre en distintos puntos estrat\u00e9gicos: R\u00edo J\u00e1chal aguas abajo del Dique Cuesta del Viento; Embarcadero del Dique Cuesta del Viento; R\u00edo Iglesia previo a su desembocadura en el dique; y Embarcadero N\u00e1utica, junto a la playa Lamaral, tambi\u00e9n en Cuesta del Viento.<\/li>\n<\/ul>\n<p>Los an\u00e1lisis determinaron que no se detectaron valores superiores a los niveles gu\u00eda en ninguno de los par\u00e1metros evaluados en campo para todos los puntos (pH, CE, temperatura, OD, Turbidez STD) no se detectaron valores superiores a los niveles gu\u00eda del Anexo 1 del Decreto 007\/2024.<\/p>\n<p>En el punto PMP9, R\u00edo J\u00e1chal, aguas abajo dique Cuesta del Viento, no se detectaron valores superiores a los niveles gu\u00eda del Anexo 1 del Decr. 007\/2024. No se detect\u00f3 presencia de cianuro, mercurio ni nitritos.<\/p>\n<p>En el punto R\u00edo Iglesia, previa desembocadura al Dique Cuesta del Viento no se detectaron valores superiores a los niveles gu\u00eda del Anexo 1 del Decreto 007\/2024. No se detect\u00f3 presencia de cianuro, mercurio ni nitritos.<\/p>\n<p>En el punto de monitoreo 1, Embarcadero dique Cuesta del Viento no se detectaron valores superiores a los niveles gu\u00eda del Anexo 1 del Decreto 007\/2024. No se detect\u00f3 presencia de cianuro, mercurio ni nitritos.<\/p>\n<p>En el punto Embalse N\u00e1utica, embarcadero N\u00e1utica al lado playa Lamaral Dique Cuesta del Viento, no se detectaron valores superiores a los niveles gu\u00eda del Anexo 1 del Decr. 007\/2024. No se detect\u00f3 presencia de cianuro, mercurio ni nitritos.<\/p>\n<p>Adem\u00e1s, la Secretar\u00eda solicit\u00f3 al laboratorio los datos hist\u00f3ricos de monitoreos correspondientes a la Cuenca del R\u00edo J\u00e1chal \u2013 Cuesta del Viento 2025, los cuales fueron adjuntados al informe remitido a la UFI.<\/p>\n<p>Tambi\u00e9n se enviaron los informes realizados por el \u00c1rea T\u00e9cnica de la Direcci\u00f3n de Conservaci\u00f3n, elaborados tras las inspecciones efectuadas los d\u00edas 20 y 26 de noviembre, con el fin de aportar todos los antecedentes ambientales pertinentes para la investigaci\u00f3n.<\/p>\n<p><img loading=\"lazy\" decoding=\"async\" class=\"alignnone size-full wp-image-70378\" src=\"https:\/\/vocesparalelas.com.ar\/sitio\/wp-content\/uploads\/2024\/03\/CUESTA-DEL-VIENTO-CARTEL.jpg\" alt=\"\" width=\"800\" height=\"365\" srcset=\"https:\/\/vocesparalelas.com.ar\/sitio\/wp-content\/uploads\/2024\/03\/CUESTA-DEL-VIENTO-CARTEL.jpg 800w, https:\/\/vocesparalelas.com.ar\/sitio\/wp-content\/uploads\/2024\/03\/CUESTA-DEL-VIENTO-CARTEL-300x137.jpg 300w, https:\/\/vocesparalelas.com.ar\/sitio\/wp-content\/uploads\/2024\/03\/CUESTA-DEL-VIENTO-CARTEL-768x350.jpg 768w\" sizes=\"auto, (max-width: 800px) 100vw, 800px\" \/><\/p>\n","protected":false},"excerpt":{"rendered":"<p>La Secretar\u00eda de Ambiente y Desarrollo Sustentable del del Gobierno de San Juan envi\u00f3 a la Unidad Fiscal de Investigaci\u00f3n<\/p>\n","protected":false},"author":3,"featured_media":93584,"comment_status":"closed","ping_status":"closed","sticky":false,"template":"","format":"standard","meta":{"_acf_changed":false,"_seopress_robots_primary_cat":"none","_seopress_titles_title":"","_seopress_titles_desc":"","_seopress_robots_index":"","colormag_page_container_layout":"default_layout","colormag_page_sidebar_layout":"default_layout","footnotes":""},"categories":[1],"tags":[],"class_list":["post-94610","post","type-post","status-publish","format-standard","has-post-thumbnail","hentry","category-destacadas"],"acf":[],"_links":{"self":[{"href":"https:\/\/vocesparalelas.com.ar\/sitio\/wp-json\/wp\/v2\/posts\/94610","targetHints":{"allow":["GET"]}}],"collection":[{"href":"https:\/\/vocesparalelas.com.ar\/sitio\/wp-json\/wp\/v2\/posts"}],"about":[{"href":"https:\/\/vocesparalelas.com.ar\/sitio\/wp-json\/wp\/v2\/types\/post"}],"author":[{"embeddable":true,"href":"https:\/\/vocesparalelas.com.ar\/sitio\/wp-json\/wp\/v2\/users\/3"}],"replies":[{"embeddable":true,"href":"https:\/\/vocesparalelas.com.ar\/sitio\/wp-json\/wp\/v2\/comments?post=94610"}],"version-history":[{"count":4,"href":"https:\/\/vocesparalelas.com.ar\/sitio\/wp-json\/wp\/v2\/posts\/94610\/revisions"}],"predecessor-version":[{"id":94616,"href":"https:\/\/vocesparalelas.com.ar\/sitio\/wp-json\/wp\/v2\/posts\/94610\/revisions\/94616"}],"wp:featuredmedia":[{"embeddable":true,"href":"https:\/\/vocesparalelas.com.ar\/sitio\/wp-json\/wp\/v2\/media\/93584"}],"wp:attachment":[{"href":"https:\/\/vocesparalelas.com.ar\/sitio\/wp-json\/wp\/v2\/media?parent=94610"}],"wp:term":[{"taxonomy":"category","embeddable":true,"href":"https:\/\/vocesparalelas.com.ar\/sitio\/wp-json\/wp\/v2\/categories?post=94610"},{"taxonomy":"post_tag","embeddable":true,"href":"https:\/\/vocesparalelas.com.ar\/sitio\/wp-json\/wp\/v2\/tags?post=94610"}],"curies":[{"name":"wp","href":"https:\/\/api.w.org\/{rel}","templated":true}]}}