{"id":94604,"date":"2025-12-03T23:48:01","date_gmt":"2025-12-04T02:48:01","guid":{"rendered":"https:\/\/vocesparalelas.com.ar\/sitio\/?p=94604"},"modified":"2025-12-04T00:00:54","modified_gmt":"2025-12-04T03:00:54","slug":"se-inauguro-el-parque-fotovoltaico-en-caleras-san-juan","status":"publish","type":"post","link":"https:\/\/vocesparalelas.com.ar\/sitio\/se-inauguro-el-parque-fotovoltaico-en-caleras-san-juan\/","title":{"rendered":"Se inaugur\u00f3 el Parque Fotovoltaico en Caleras San Juan"},"content":{"rendered":"<p>El gobernador de San Juan, Dr. Marcelo Orrego particip\u00f3 de la inauguraci\u00f3n del nuevo Parque Fotovoltaico de la Planta de Cienaguita, en Caleras San Juan, departamento Sarmiento.<\/p>\n<p>El acto cont\u00f3 con la presencia del ministro de miner\u00eda Dr. Juan Pablo Perea; intendente de Sarmiento, Alfredo Castro; gerente de Calera San Juan, Ra\u00fal Cabanay y dem\u00e1s funcionarios , quienes acompa\u00f1aron y recorrieron las instalaciones junto al mandatario.<\/p>\n<p>Durante la actividad, el gobernador de San Juan, Dr. Marcelo Orrego se\u00f1al\u00f3 que \u00abla importancia estrat\u00e9gica de esta obra para la matriz energ\u00e9tica y productiva de la provincia. Muy feliz de poder estar ac\u00e1, en esta inauguraci\u00f3n de esta planta fotovoltaica. Es un hecho que ya es una realidad y marca claramente la trazabilidad que debe tener un proyecto en la provincia de San Juan\u201d.<\/p>\n<p><iframe loading=\"lazy\" title=\"Orrego particip\u00f3 de la inauguraci\u00f3n del parque fotovoltaico en Caleras San Juan\" width=\"800\" height=\"450\" src=\"https:\/\/www.youtube.com\/embed\/syg9HDUp-lg?feature=oembed\" frameborder=\"0\" allow=\"accelerometer; autoplay; clipboard-write; encrypted-media; gyroscope; picture-in-picture; web-share\" referrerpolicy=\"strict-origin-when-cross-origin\" allowfullscreen><\/iframe><\/p>\n<p>\u00abEl nuevo parque genera 2,3 megawatts y ya proyecta una ampliaci\u00f3n cercana al 6%. Esta infraestructura consolida un modelo de desarrollo que integra energ\u00eda limpia con sectores tradicionales de la econom\u00eda local. Si bien parte de nuestra matriz productiva son los minerales el oro y la cal, tambi\u00e9n es cierto que somos el primer productor de energ\u00eda fotovoltaica, y eso genera una combinaci\u00f3n espectacular para todo tipo de proyectos de desarrollo\u201d.<\/p>\n<p>\u00abSan Juan ya supera los 600 megawatts de producci\u00f3n el\u00e9ctrica, de los cuales aproximadamente 400 provienen de fuentes solares. La instalaci\u00f3n en Caleras San Juan viene a ayudar a sumar energ\u00eda para la provincia y que, en el marco de la transici\u00f3n energ\u00e9tica global, las energ\u00edas limpias van a cumplir un papel decisivo\u201d.<\/p>\n<p>\u00abEl valor del rol de la industria calera dentro del perfil productivo provincial y la sinergia que se genera al sumar energ\u00eda renovable a los procesos industriales. La industria calera es una industria madre en San Juan , exportamos el 85%, y combinada con ser los primeros productores de energ\u00eda fotovoltaica, es una dupla extraordinaria para cualquier tipo de proyecto\u201d.<\/p>\n<p>\u00abFelicito al directorio de Caleras San Juan por llevar adelante esta inversi\u00f3n, el impacto en la generaci\u00f3n de empleo y en la consolidaci\u00f3n del liderazgo en energ\u00eda solar\u00bb &#8211; sintetiz\u00f3 el gobernador de San Juan, Dr. Marcelo Orrego.<\/p>\n<p><img loading=\"lazy\" decoding=\"async\" class=\"alignnone size-full wp-image-65642\" src=\"https:\/\/vocesparalelas.com.ar\/sitio\/wp-content\/uploads\/2023\/11\/GOBIERNO-SAN-JUAN.jpg\" alt=\"\" width=\"800\" height=\"600\" srcset=\"https:\/\/vocesparalelas.com.ar\/sitio\/wp-content\/uploads\/2023\/11\/GOBIERNO-SAN-JUAN.jpg 800w, https:\/\/vocesparalelas.com.ar\/sitio\/wp-content\/uploads\/2023\/11\/GOBIERNO-SAN-JUAN-300x225.jpg 300w, https:\/\/vocesparalelas.com.ar\/sitio\/wp-content\/uploads\/2023\/11\/GOBIERNO-SAN-JUAN-768x576.jpg 768w\" sizes=\"auto, (max-width: 800px) 100vw, 800px\" \/><\/p>\n","protected":false},"excerpt":{"rendered":"<p>El gobernador de San Juan, Dr. Marcelo Orrego particip\u00f3 de la inauguraci\u00f3n del nuevo Parque Fotovoltaico de la Planta de<\/p>\n","protected":false},"author":3,"featured_media":94607,"comment_status":"closed","ping_status":"closed","sticky":false,"template":"","format":"standard","meta":{"_acf_changed":false,"_seopress_robots_primary_cat":"none","_seopress_titles_title":"","_seopress_titles_desc":"","_seopress_robots_index":"","colormag_page_container_layout":"default_layout","colormag_page_sidebar_layout":"default_layout","footnotes":""},"categories":[1,7],"tags":[],"class_list":["post-94604","post","type-post","status-publish","format-standard","has-post-thumbnail","hentry","category-destacadas","category-videos"],"acf":[],"_links":{"self":[{"href":"https:\/\/vocesparalelas.com.ar\/sitio\/wp-json\/wp\/v2\/posts\/94604","targetHints":{"allow":["GET"]}}],"collection":[{"href":"https:\/\/vocesparalelas.com.ar\/sitio\/wp-json\/wp\/v2\/posts"}],"about":[{"href":"https:\/\/vocesparalelas.com.ar\/sitio\/wp-json\/wp\/v2\/types\/post"}],"author":[{"embeddable":true,"href":"https:\/\/vocesparalelas.com.ar\/sitio\/wp-json\/wp\/v2\/users\/3"}],"replies":[{"embeddable":true,"href":"https:\/\/vocesparalelas.com.ar\/sitio\/wp-json\/wp\/v2\/comments?post=94604"}],"version-history":[{"count":1,"href":"https:\/\/vocesparalelas.com.ar\/sitio\/wp-json\/wp\/v2\/posts\/94604\/revisions"}],"predecessor-version":[{"id":94608,"href":"https:\/\/vocesparalelas.com.ar\/sitio\/wp-json\/wp\/v2\/posts\/94604\/revisions\/94608"}],"wp:featuredmedia":[{"embeddable":true,"href":"https:\/\/vocesparalelas.com.ar\/sitio\/wp-json\/wp\/v2\/media\/94607"}],"wp:attachment":[{"href":"https:\/\/vocesparalelas.com.ar\/sitio\/wp-json\/wp\/v2\/media?parent=94604"}],"wp:term":[{"taxonomy":"category","embeddable":true,"href":"https:\/\/vocesparalelas.com.ar\/sitio\/wp-json\/wp\/v2\/categories?post=94604"},{"taxonomy":"post_tag","embeddable":true,"href":"https:\/\/vocesparalelas.com.ar\/sitio\/wp-json\/wp\/v2\/tags?post=94604"}],"curies":[{"name":"wp","href":"https:\/\/api.w.org\/{rel}","templated":true}]}}