{"id":94599,"date":"2025-12-03T23:35:25","date_gmt":"2025-12-04T02:35:25","guid":{"rendered":"https:\/\/vocesparalelas.com.ar\/sitio\/?p=94599"},"modified":"2025-12-04T23:08:13","modified_gmt":"2025-12-05T02:08:13","slug":"en-su-40-aniversario-el-cin-reclama-un-presupuesto-que-garantice-el-funcionamiento-universitario-en-2026","status":"publish","type":"post","link":"https:\/\/vocesparalelas.com.ar\/sitio\/en-su-40-aniversario-el-cin-reclama-un-presupuesto-que-garantice-el-funcionamiento-universitario-en-2026\/","title":{"rendered":"En su 40 aniversario el CIN reclama un presupuesto que garantice el funcionamiento universitario en 2026"},"content":{"rendered":"<p>Las universidades nacionales volvemos a solicitar al Congreso de la Naci\u00f3n Argentina que ratifique, una vez m\u00e1s, su posici\u00f3n en defensa de la educaci\u00f3n p\u00fablica en general y de la universidad p\u00fablica en particular. Tal como lo hiciera, en dos oportunidades, cada una de las C\u00e1maras con la sanci\u00f3n de la Ley de Financiamiento Universitario este a\u00f1o.<\/p>\n<p>Por esto es por lo que hoy pedimos que el Presupuesto Nacional 2026 incremente las partidas necesarias proyectadas con el respeto a la Ley de Financiamiento Universitario, la que establece las garant\u00edas y la protecci\u00f3n del sistema universitario argentino, la recomposici\u00f3n salarial de las y los trabajadores docentes y nodocentes y de las becas estudiantiles.<\/p>\n<p>Esperamos contar con el mismo apoyo de los representantes del pueblo argentino para que los recursos que se establezcan en la ley de leyes de 2026 incorporen los fondos que permitan establecer par\u00e1metros de previsibilidad que eviten la limitaci\u00f3n al funcionamiento de las instituciones universitarias para el a\u00f1o que viene.<\/p>\n<p>Con las cifras que establece el proyecto enviado por el Poder Ejecutivo Nacional el pasado 15 de septiembre quedar\u00eda gravemente lesionado el derecho a la educaci\u00f3n que tienen las y los j\u00f3venes argentinos en la universidad p\u00fablica de calidad con la que hoy cuenta el pa\u00eds y que la gran mayor\u00eda de la sociedad reconoce.<\/p>\n<p>&nbsp;<\/p>\n<p style=\"text-align: right;\">Buenos Aires, 2 de diciembre de 2025<br \/>\n40 aniversario del Consejo Interuniversitario Nacional (CIN)<\/p>\n<p>&nbsp;<\/p>\n<p><img loading=\"lazy\" decoding=\"async\" class=\"alignnone size-full wp-image-39977\" src=\"https:\/\/vocesparalelas.com.ar\/sitio\/wp-content\/uploads\/2021\/07\/CIN-LOGO-1.jpg\" alt=\"\" width=\"800\" height=\"493\" srcset=\"https:\/\/vocesparalelas.com.ar\/sitio\/wp-content\/uploads\/2021\/07\/CIN-LOGO-1.jpg 800w, https:\/\/vocesparalelas.com.ar\/sitio\/wp-content\/uploads\/2021\/07\/CIN-LOGO-1-300x185.jpg 300w, https:\/\/vocesparalelas.com.ar\/sitio\/wp-content\/uploads\/2021\/07\/CIN-LOGO-1-768x473.jpg 768w\" sizes=\"auto, (max-width: 800px) 100vw, 800px\" \/><\/p>\n","protected":false},"excerpt":{"rendered":"<p>Las universidades nacionales volvemos a solicitar al Congreso de la Naci\u00f3n Argentina que ratifique, una vez m\u00e1s, su posici\u00f3n en<\/p>\n","protected":false},"author":3,"featured_media":94602,"comment_status":"closed","ping_status":"closed","sticky":false,"template":"","format":"standard","meta":{"_acf_changed":false,"_seopress_robots_primary_cat":"none","_seopress_titles_title":"","_seopress_titles_desc":"","_seopress_robots_index":"","colormag_page_container_layout":"default_layout","colormag_page_sidebar_layout":"default_layout","footnotes":""},"categories":[10],"tags":[],"class_list":["post-94599","post","type-post","status-publish","format-standard","has-post-thumbnail","hentry","category-opiniones"],"acf":[],"_links":{"self":[{"href":"https:\/\/vocesparalelas.com.ar\/sitio\/wp-json\/wp\/v2\/posts\/94599","targetHints":{"allow":["GET"]}}],"collection":[{"href":"https:\/\/vocesparalelas.com.ar\/sitio\/wp-json\/wp\/v2\/posts"}],"about":[{"href":"https:\/\/vocesparalelas.com.ar\/sitio\/wp-json\/wp\/v2\/types\/post"}],"author":[{"embeddable":true,"href":"https:\/\/vocesparalelas.com.ar\/sitio\/wp-json\/wp\/v2\/users\/3"}],"replies":[{"embeddable":true,"href":"https:\/\/vocesparalelas.com.ar\/sitio\/wp-json\/wp\/v2\/comments?post=94599"}],"version-history":[{"count":1,"href":"https:\/\/vocesparalelas.com.ar\/sitio\/wp-json\/wp\/v2\/posts\/94599\/revisions"}],"predecessor-version":[{"id":94603,"href":"https:\/\/vocesparalelas.com.ar\/sitio\/wp-json\/wp\/v2\/posts\/94599\/revisions\/94603"}],"wp:featuredmedia":[{"embeddable":true,"href":"https:\/\/vocesparalelas.com.ar\/sitio\/wp-json\/wp\/v2\/media\/94602"}],"wp:attachment":[{"href":"https:\/\/vocesparalelas.com.ar\/sitio\/wp-json\/wp\/v2\/media?parent=94599"}],"wp:term":[{"taxonomy":"category","embeddable":true,"href":"https:\/\/vocesparalelas.com.ar\/sitio\/wp-json\/wp\/v2\/categories?post=94599"},{"taxonomy":"post_tag","embeddable":true,"href":"https:\/\/vocesparalelas.com.ar\/sitio\/wp-json\/wp\/v2\/tags?post=94599"}],"curies":[{"name":"wp","href":"https:\/\/api.w.org\/{rel}","templated":true}]}}