{"id":94595,"date":"2025-12-03T23:29:40","date_gmt":"2025-12-04T02:29:40","guid":{"rendered":"https:\/\/vocesparalelas.com.ar\/sitio\/?p=94595"},"modified":"2025-12-04T21:40:40","modified_gmt":"2025-12-05T00:40:40","slug":"concierto-cierre-de-la-temporada-2025-de-la-orquesta-sinfonica-de-la-ffha-de-la-unsj","status":"publish","type":"post","link":"https:\/\/vocesparalelas.com.ar\/sitio\/concierto-cierre-de-la-temporada-2025-de-la-orquesta-sinfonica-de-la-ffha-de-la-unsj\/","title":{"rendered":"Concierto Cierre de la Temporada 2025 de la Orquesta Sinf\u00f3nica de la FFHA de la UNSJ"},"content":{"rendered":"<p><span dir=\"auto\">La Orquesta Sinf\u00f3nica perteneciente al Centro de Creaci\u00f3n Art\u00edstica Orquestal de la Facultad de Filosof\u00eda, Humanidades y Artes de la Universidad Nacional de San Juan desarrolla el <\/span><span dir=\"auto\">Concierto Cierre de la Temporada 2025<\/span><b><span dir=\"auto\">, el V<\/span><\/b><span dir=\"auto\">iernes, 5 de Diciembre, a las 21:30 hs.; en el Teatro del Bicentenario con entrada libre y gratuita.<\/span><\/p>\n<p><strong><span dir=\"auto\" style=\"color: #ff6600;\"> Programa<\/span><\/strong><\/p>\n<p><b><span dir=\"auto\" style=\"color: #ff6600;\">Johann Nepomuk Hummel:\u00a0<\/span><span dir=\"auto\">\u201c<\/span><\/b><span dir=\"auto\">\u00a0Introducci\u00f3n, Tema y Variaciones para Oboe y Orquesta Op. 02\u201d<\/span><span dir=\"auto\">\u00a0. Johann Nepomuk Hummel, pianista virtuoso, compositor y figura clave entre el clasicismo tard\u00edo y el romanticismo temprano, fue disc\u00edpulo de Mozart en su juventud y m\u00e1s tarde colega y amigo de Beethoven. Su lenguaje musical combina la elegancia vienesa con un virtuosismo brillante que anticipa ya el estilo rom\u00e1ntico.<\/span><\/p>\n<p><span dir=\"auto\">Aunque Hummel es conocido sobre todo por sus conciertos para piano, escribi\u00f3 tambi\u00e9n varias obras concertantes para instrumentos de viento, entre ellas las Variaciones para oboe y orquesta, una pieza que destaca por su refinamiento mel\u00f3dico y su encanto instrumental.<\/span><\/p>\n<p><span dir=\"auto\">A lo largo de la obra, Hummel combina una transparencia cl\u00e1sica en la escritura orquestal con una ornamentaci\u00f3n t\u00edpica del concertante de principios del siglo XIX. El solista no s\u00f3lo embellece el tema, sino que lo transforma, explorando modulaciones, cambios de car\u00e1cter y un di\u00e1logo constante con las maderas y las cuerdas.<\/span><\/p>\n<p><span dir=\"auto\">Se trata de una pieza luminosa, elegante y perfectamente equilibrada, que muestra el oboe en su dimensi\u00f3n m\u00e1s l\u00edrica y, a la vez, m\u00e1s virtuosa.<\/span><\/p>\n<p><span dir=\"auto\">En esta obra act\u00faa como solista, Federico Salas.<\/span><\/p>\n<p><span style=\"color: #ff6600;\"><b><span dir=\"auto\">Antonin Dvorak:<\/span><\/b><\/span><span dir=\"auto\">\u00a0Sinfon\u00eda N.\u00ba 9 en mi menor, op. 95 \u201cDel Nuevo Mundo\u201d (1893). La Sinfon\u00eda \u201cDel Nuevo Mundo\u201d es una de las obras sinf\u00f3nicas m\u00e1s c\u00e9lebres de la historia y la culminaci\u00f3n del per\u00edodo estadounidense de Anton\u00edn Dvo\u0159\u00e1k. Invitado a Nueva York en 1892 para dirigir el Conservatorio Nacional, Dvo\u0159\u00e1k se interes\u00f3 por la m\u00fasica espiritual afroamericana, los cantos tradicionales y la cultura ind\u00edgena, aunque siempre filtrados por su propia sensibilidad bohemia.<\/span><\/p>\n<p><span dir=\"auto\">El resultado fue una sinfon\u00eda que no cita literalmente melod\u00edas aut\u00f3ctonas, sino que incorpora su esp\u00edritu r\u00edtmico y mel\u00f3dico en un lenguaje profundamente personal. El estreno en 1893 en el Carnegie Hall fue un triunfo inmediato.<\/span><\/p>\n<p><span style=\"color: #ff6600;\"><b><span dir=\"auto\">Reflexi\u00f3n final del programa<\/span><\/b><\/span><\/p>\n<p><span dir=\"auto\">Este programa re\u00fane dos mundos distintos pero complementarios. Hummel, heredero director del clasicismo vien\u00e9s, ofrece en sus Variaciones para oboe una obra elegante, refinada y centrada en la belleza mel\u00f3dica y el virtuosismo instrumental. Dvo\u0159\u00e1k, por su parte, nos conduce al vasto paisaje sonoro del \u201cNuevo Mundo\u201d, donde tradici\u00f3n europea y ra\u00edces musicales americanas se encuentran en una s\u00edntesis sinf\u00f3nica excepcional.<\/span><\/p>\n<p><span dir=\"auto\">En conjunto, el concierto traza un arco que va de la intimidad luminosa del clasicismo al horizonte \u00e9pico del romanticismo tard\u00edo, mostrando c\u00f3mo la m\u00fasica, a\u00fan separada por d\u00e9cadas y est\u00e9ticas distintas, comparte siempre el deseo de narrar, emocionar y trascender. Cuenta con la direcci\u00f3n general del maestro Wolfgang Wengenroth.<\/span><\/p>\n<figure id=\"attachment_59510\" aria-describedby=\"caption-attachment-59510\" style=\"width: 800px\" class=\"wp-caption alignnone\"><img loading=\"lazy\" decoding=\"async\" class=\"size-full wp-image-59510\" src=\"https:\/\/vocesparalelas.com.ar\/sitio\/wp-content\/uploads\/2023\/05\/TB-PATRIO.jpg\" alt=\"\" width=\"800\" height=\"534\" srcset=\"https:\/\/vocesparalelas.com.ar\/sitio\/wp-content\/uploads\/2023\/05\/TB-PATRIO.jpg 800w, https:\/\/vocesparalelas.com.ar\/sitio\/wp-content\/uploads\/2023\/05\/TB-PATRIO-300x200.jpg 300w, https:\/\/vocesparalelas.com.ar\/sitio\/wp-content\/uploads\/2023\/05\/TB-PATRIO-768x513.jpg 768w\" sizes=\"auto, (max-width: 800px) 100vw, 800px\" \/><figcaption id=\"caption-attachment-59510\" class=\"wp-caption-text\">Teatro Bicentenario en la Provincia de San Juan, Rep\u00fablica Argentina<\/figcaption><\/figure>\n","protected":false},"excerpt":{"rendered":"<p>La Orquesta Sinf\u00f3nica perteneciente al Centro de Creaci\u00f3n Art\u00edstica Orquestal de la Facultad de Filosof\u00eda, Humanidades y Artes de la<\/p>\n","protected":false},"author":3,"featured_media":59915,"comment_status":"closed","ping_status":"closed","sticky":false,"template":"","format":"standard","meta":{"_acf_changed":false,"_seopress_robots_primary_cat":"none","_seopress_titles_title":"","_seopress_titles_desc":"","_seopress_robots_index":"","colormag_page_container_layout":"default_layout","colormag_page_sidebar_layout":"default_layout","footnotes":""},"categories":[20],"tags":[],"class_list":["post-94595","post","type-post","status-publish","format-standard","has-post-thumbnail","hentry","category-cartelera"],"acf":[],"_links":{"self":[{"href":"https:\/\/vocesparalelas.com.ar\/sitio\/wp-json\/wp\/v2\/posts\/94595","targetHints":{"allow":["GET"]}}],"collection":[{"href":"https:\/\/vocesparalelas.com.ar\/sitio\/wp-json\/wp\/v2\/posts"}],"about":[{"href":"https:\/\/vocesparalelas.com.ar\/sitio\/wp-json\/wp\/v2\/types\/post"}],"author":[{"embeddable":true,"href":"https:\/\/vocesparalelas.com.ar\/sitio\/wp-json\/wp\/v2\/users\/3"}],"replies":[{"embeddable":true,"href":"https:\/\/vocesparalelas.com.ar\/sitio\/wp-json\/wp\/v2\/comments?post=94595"}],"version-history":[{"count":1,"href":"https:\/\/vocesparalelas.com.ar\/sitio\/wp-json\/wp\/v2\/posts\/94595\/revisions"}],"predecessor-version":[{"id":94598,"href":"https:\/\/vocesparalelas.com.ar\/sitio\/wp-json\/wp\/v2\/posts\/94595\/revisions\/94598"}],"wp:featuredmedia":[{"embeddable":true,"href":"https:\/\/vocesparalelas.com.ar\/sitio\/wp-json\/wp\/v2\/media\/59915"}],"wp:attachment":[{"href":"https:\/\/vocesparalelas.com.ar\/sitio\/wp-json\/wp\/v2\/media?parent=94595"}],"wp:term":[{"taxonomy":"category","embeddable":true,"href":"https:\/\/vocesparalelas.com.ar\/sitio\/wp-json\/wp\/v2\/categories?post=94595"},{"taxonomy":"post_tag","embeddable":true,"href":"https:\/\/vocesparalelas.com.ar\/sitio\/wp-json\/wp\/v2\/tags?post=94595"}],"curies":[{"name":"wp","href":"https:\/\/api.w.org\/{rel}","templated":true}]}}