{"id":94590,"date":"2025-12-03T23:09:39","date_gmt":"2025-12-04T02:09:39","guid":{"rendered":"https:\/\/vocesparalelas.com.ar\/sitio\/?p=94590"},"modified":"2025-12-03T23:15:10","modified_gmt":"2025-12-04T02:15:10","slug":"avanza-el-analisis-del-proyecto-de-ley-de-transporte-de-personas-y-cargas-en-la-camara-de-diputados-de-san-juan","status":"publish","type":"post","link":"https:\/\/vocesparalelas.com.ar\/sitio\/avanza-el-analisis-del-proyecto-de-ley-de-transporte-de-personas-y-cargas-en-la-camara-de-diputados-de-san-juan\/","title":{"rendered":"Avanza el an\u00e1lisis del Proyecto de Ley de Transporte de Personas y Cargas en la C\u00e1mara de Diputados de San Juan"},"content":{"rendered":"<p>El Mi\u00e9rcoles, 3 de Diciembre, los legisladores integrantes de las comisiones de Legislaci\u00f3n y Asuntos Constitucionales (LAC) y Obras y Servicios P\u00fablicos continuaron con el an\u00e1lisis del Proyecto de Ley de Transporte de Personas y Cargas de la provincia de San Juan.<\/p>\n<p>La reuni\u00f3n, desarrollada entre las 8 y las 11.30, fue encabezada por los presidentes de ambas comisiones, diputado Juan de la Cruz C\u00f3rdoba (LAC) y diputado Enzo Cornejo (Obras y Servicios P\u00fablicos).<\/p>\n<p>Participaron tambi\u00e9n los legisladores Franco Aranda, Mar\u00eda Rita Lascano, Fernando Patinella, Federico Rizo, Alejandra Leonardo, Pedro Albagli, Marcelo Mallea, Marcela Quiroga, Fernanda Paredes, Ferreyra, Emilio Escudero, Juan Carlos Quiroga Moyano, M\u00f3nica Gonz\u00e1lez, Eduardo Cabello, Mario Herrero y Gabriel S\u00e1nchez.<\/p>\n<p>Durante el encuentro, los diputados revisaron y debatieron art\u00edculo por art\u00edculo hasta el Art\u00edculo 34, realizando ajustes t\u00e9cnicos, incorporando aportes de las distintas fuerzas pol\u00edticas y resolviendo dudas operativas y jur\u00eddicas.<\/p>\n<p>Los art\u00edculos restantes del proyecto ser\u00e1n analizados en la pr\u00f3xima reuni\u00f3n, prevista para el Viernes, 5 de Diciembre, a confirmar.<\/p>\n<figure id=\"attachment_37951\" aria-describedby=\"caption-attachment-37951\" style=\"width: 800px\" class=\"wp-caption alignnone\"><img loading=\"lazy\" decoding=\"async\" class=\"size-full wp-image-37951\" src=\"https:\/\/vocesparalelas.com.ar\/sitio\/wp-content\/uploads\/2021\/05\/CAMARA-EDIFICIO.jpg\" alt=\"\" width=\"800\" height=\"515\" srcset=\"https:\/\/vocesparalelas.com.ar\/sitio\/wp-content\/uploads\/2021\/05\/CAMARA-EDIFICIO.jpg 800w, https:\/\/vocesparalelas.com.ar\/sitio\/wp-content\/uploads\/2021\/05\/CAMARA-EDIFICIO-300x193.jpg 300w, https:\/\/vocesparalelas.com.ar\/sitio\/wp-content\/uploads\/2021\/05\/CAMARA-EDIFICIO-768x494.jpg 768w\" sizes=\"auto, (max-width: 800px) 100vw, 800px\" \/><figcaption id=\"caption-attachment-37951\" class=\"wp-caption-text\">Legislatura Provincial de San Juan, Rep\u00fablica Argentina<\/figcaption><\/figure>\n<p>&nbsp;<\/p>\n","protected":false},"excerpt":{"rendered":"<p>El Mi\u00e9rcoles, 3 de Diciembre, los legisladores integrantes de las comisiones de Legislaci\u00f3n y Asuntos Constitucionales (LAC) y Obras y<\/p>\n","protected":false},"author":3,"featured_media":94593,"comment_status":"closed","ping_status":"closed","sticky":false,"template":"","format":"standard","meta":{"_acf_changed":false,"_seopress_robots_primary_cat":"none","_seopress_titles_title":"","_seopress_titles_desc":"","_seopress_robots_index":"","colormag_page_container_layout":"default_layout","colormag_page_sidebar_layout":"default_layout","footnotes":""},"categories":[1],"tags":[],"class_list":["post-94590","post","type-post","status-publish","format-standard","has-post-thumbnail","hentry","category-destacadas"],"acf":[],"_links":{"self":[{"href":"https:\/\/vocesparalelas.com.ar\/sitio\/wp-json\/wp\/v2\/posts\/94590","targetHints":{"allow":["GET"]}}],"collection":[{"href":"https:\/\/vocesparalelas.com.ar\/sitio\/wp-json\/wp\/v2\/posts"}],"about":[{"href":"https:\/\/vocesparalelas.com.ar\/sitio\/wp-json\/wp\/v2\/types\/post"}],"author":[{"embeddable":true,"href":"https:\/\/vocesparalelas.com.ar\/sitio\/wp-json\/wp\/v2\/users\/3"}],"replies":[{"embeddable":true,"href":"https:\/\/vocesparalelas.com.ar\/sitio\/wp-json\/wp\/v2\/comments?post=94590"}],"version-history":[{"count":1,"href":"https:\/\/vocesparalelas.com.ar\/sitio\/wp-json\/wp\/v2\/posts\/94590\/revisions"}],"predecessor-version":[{"id":94594,"href":"https:\/\/vocesparalelas.com.ar\/sitio\/wp-json\/wp\/v2\/posts\/94590\/revisions\/94594"}],"wp:featuredmedia":[{"embeddable":true,"href":"https:\/\/vocesparalelas.com.ar\/sitio\/wp-json\/wp\/v2\/media\/94593"}],"wp:attachment":[{"href":"https:\/\/vocesparalelas.com.ar\/sitio\/wp-json\/wp\/v2\/media?parent=94590"}],"wp:term":[{"taxonomy":"category","embeddable":true,"href":"https:\/\/vocesparalelas.com.ar\/sitio\/wp-json\/wp\/v2\/categories?post=94590"},{"taxonomy":"post_tag","embeddable":true,"href":"https:\/\/vocesparalelas.com.ar\/sitio\/wp-json\/wp\/v2\/tags?post=94590"}],"curies":[{"name":"wp","href":"https:\/\/api.w.org\/{rel}","templated":true}]}}