{"id":94585,"date":"2025-12-03T14:17:50","date_gmt":"2025-12-03T17:17:50","guid":{"rendered":"https:\/\/vocesparalelas.com.ar\/sitio\/?p=94585"},"modified":"2025-12-03T14:17:50","modified_gmt":"2025-12-03T17:17:50","slug":"el-cuerpo-de-la-bandera-argentina-del-ministerio-de-salud-de-san-juan-conformado-por-personal-de-la-zona-sanitaria-v-sur","status":"publish","type":"post","link":"https:\/\/vocesparalelas.com.ar\/sitio\/el-cuerpo-de-la-bandera-argentina-del-ministerio-de-salud-de-san-juan-conformado-por-personal-de-la-zona-sanitaria-v-sur\/","title":{"rendered":"El cuerpo de la Bandera Argentina del Ministerio de Salud de San Juan conformado por personal de la Zona Sanitaria V Sur"},"content":{"rendered":"<p>En el Centro de Adiestramiento Ren\u00e9 Favaloro (CARF), autoridades del Ministerio de Salud del Gobierno de San Juan participaron de la ceremonia de investidura del nuevo cuerpo de bandera Argentina de la Zona Sanitaria V Sur.<\/p>\n<p>El acto estuvo encabezado por el ministro de Salud, Dr. Amilcar Dobladez, quien asisti\u00f3 acompa\u00f1ado por la titular de la zona, Dra. Patricia Mut, y la directora del CARF, Dra. Fernanda D\u00edaz. Tambi\u00e9n estuvieron presentes trabajadores de los hospitales y centros sanitarios que integran la zona, quienes acompa\u00f1aron a los nuevos portadores del estandarte.<\/p>\n<p><strong><span style=\"color: #ff0000;\">El cuerpo de la Bandera Argentina del Ministerio de Salud de San Juan<\/span><\/strong><\/p>\n<ul>\n<li>Abanderada, Susana Brizuela<\/li>\n<li>1\u00b0 Escolta Nelly Ayala<\/li>\n<li>2\u00b0 Escolta Josu\u00e9 Mena<\/li>\n<\/ul>\n<p>Durante la ceremonia, la directora del CARF felicit\u00f3 al personal por el D\u00eda de la Sanidad y destac\u00f3 el valor simb\u00f3lico de portar la bandera. \u201cEs un honor, y el nuevo cuerpo hizo los m\u00e9ritos suficientes para tener ese honor. Invito a todos a seguir trabajando para mantener en alto el prestigio de nuestro centro de salud, caracterizado por brindar una atenci\u00f3n digna, humana y de calidad\u201d, expres\u00f3 Dra. Fernanda D\u00edaz.<\/p>\n<p>A su turno, el ministro de Salud, Dr. Amilcar Dobladez agradeci\u00f3 el compromiso de los trabajadores del sistema sanitario provincial. \u201cTenemos que reconocer que tanto los m\u00e9dicos, que hoy celebran su d\u00eda, como el resto del equipo de salud trabajan incansablemente por el bien com\u00fan, mostrando empat\u00eda y predisposici\u00f3n para resolver los problemas de la gente\u201d.<\/p>\n<p>Asimismo, destac\u00f3 la dimensi\u00f3n humana del trabajo en salud que \u00abmuchas veces hay equivocaciones porque son seres humanos, no robots. Pero en general los trabajadores de salud en San Juan son responsables y muestran un gran sentido de humanidad. Felicito e insto a seguir trabajando como lo hacen. Merecen el reconocimiento de todos\u201d, cerr\u00f3 el funcionario.<\/p>\n","protected":false},"excerpt":{"rendered":"<p>En el Centro de Adiestramiento Ren\u00e9 Favaloro (CARF), autoridades del Ministerio de Salud del Gobierno de San Juan participaron de<\/p>\n","protected":false},"author":3,"featured_media":94588,"comment_status":"closed","ping_status":"closed","sticky":false,"template":"","format":"standard","meta":{"_acf_changed":false,"_seopress_robots_primary_cat":"none","_seopress_titles_title":"","_seopress_titles_desc":"","_seopress_robots_index":"","colormag_page_container_layout":"default_layout","colormag_page_sidebar_layout":"default_layout","footnotes":""},"categories":[1],"tags":[],"class_list":["post-94585","post","type-post","status-publish","format-standard","has-post-thumbnail","hentry","category-destacadas"],"acf":[],"_links":{"self":[{"href":"https:\/\/vocesparalelas.com.ar\/sitio\/wp-json\/wp\/v2\/posts\/94585","targetHints":{"allow":["GET"]}}],"collection":[{"href":"https:\/\/vocesparalelas.com.ar\/sitio\/wp-json\/wp\/v2\/posts"}],"about":[{"href":"https:\/\/vocesparalelas.com.ar\/sitio\/wp-json\/wp\/v2\/types\/post"}],"author":[{"embeddable":true,"href":"https:\/\/vocesparalelas.com.ar\/sitio\/wp-json\/wp\/v2\/users\/3"}],"replies":[{"embeddable":true,"href":"https:\/\/vocesparalelas.com.ar\/sitio\/wp-json\/wp\/v2\/comments?post=94585"}],"version-history":[{"count":1,"href":"https:\/\/vocesparalelas.com.ar\/sitio\/wp-json\/wp\/v2\/posts\/94585\/revisions"}],"predecessor-version":[{"id":94589,"href":"https:\/\/vocesparalelas.com.ar\/sitio\/wp-json\/wp\/v2\/posts\/94585\/revisions\/94589"}],"wp:featuredmedia":[{"embeddable":true,"href":"https:\/\/vocesparalelas.com.ar\/sitio\/wp-json\/wp\/v2\/media\/94588"}],"wp:attachment":[{"href":"https:\/\/vocesparalelas.com.ar\/sitio\/wp-json\/wp\/v2\/media?parent=94585"}],"wp:term":[{"taxonomy":"category","embeddable":true,"href":"https:\/\/vocesparalelas.com.ar\/sitio\/wp-json\/wp\/v2\/categories?post=94585"},{"taxonomy":"post_tag","embeddable":true,"href":"https:\/\/vocesparalelas.com.ar\/sitio\/wp-json\/wp\/v2\/tags?post=94585"}],"curies":[{"name":"wp","href":"https:\/\/api.w.org\/{rel}","templated":true}]}}